{"id":2121923,"date":"2026-08-31T20:53:48","date_gmt":"2026-08-31T17:53:48","guid":{"rendered":"https:\/\/analyse.optim.biz\/?p=2121923"},"modified":"2026-08-31T20:53:48","modified_gmt":"2026-08-31T17:53:48","slug":"vicepremierul-oana-gheorghiu-trei-companii-de-stat-au-fost-restructurate-in-cadrul-unui-jalon-din-pnrr","status":"publish","type":"post","link":"https:\/\/analyse.optim.biz\/?p=2121923","title":{"rendered":"Vicepremierul Oana Gheorghiu: Trei companii de stat au fost restructurate \u00een cadrul unui jalon din PNRR"},"content":{"rendered":"<p>[analyse_image type=&#8221;featured&#8221; src=&#8221;https:\/\/cdn.adh.reperio.news\/image-e\/e47576d4-0b9b-4ecf-a364-9a332db663ea\/index.jpeg?p=f%3Djpeg%26w%3D1200%26h%3D630%26r%3Dcover&#8221;]<\/p>\n<article class=\"svelte-x63bga\">\n<nav>\n<ul class=\"breadcrump svelte-1pk9a69\">\n<li class=\"svelte-1pk9a69\"><a href=\"https:\/\/adevarul.ro\/\" title=\"Adev\u0103rul\" class=\"svelte-1pk9a69\">Home<\/a><\/li>\n<li class=\"svelte-1pk9a69\"><a href=\"https:\/\/adevarul.ro\/politica\" class=\"svelte-1pk9a69\">Politic\u0103<\/a><\/li>\n<li class=\"svelte-1pk9a69\"><a href=\"https:\/\/adevarul.ro\/politica\/vicepremierul-oana-gheorghiu-trei-companii-de-2553274.html\" class=\"svelte-1pk9a69\">Vicepremierul Oana Gheorghiu: Trei companii de stat au fost restructurate \u00een cadrul unui jalon din PNRR<\/a><\/li>\n<\/ul>\n<\/nav>\n<p><main class=\"svelte-x63bga\"><\/p>\n<p>Vicepremierul Oana Gheorghiu a anun\u021bat, luni sear\u0103, c\u0103 Guvernul a \u00eenchis jalonul 443 din PNRR, care prevedea restructurarea a trei companii de stat din energie \u0219i transporturi. Potrivit acesteia, trei fuziuni prin absorb\u021bie au fost admise de Oficiul Registrului Comer\u021bului.<\/p>\n<div class=\"container-image  svelte-1xbw4f3\"><source type=\"image\/webp\" srcset=\"https:\/\/cdn.adh.reperio.news\/image-e\/e47576d4-0b9b-4ecf-a364-9a332db663ea\/index.jpeg?p=a%3D1%26co%3D1.05%26w%3D1400%26h%3D750%26r%3Dcontain%26f%3Dwebp 1400w\" media=\"(min-width: 1400px)\" \/><\/p>\n<div class=\"caption svelte-1xbw4f3\"><span class=\"captionText svelte-1xbw4f3\">Vicepremierul interimar, Oana Gheorghiu <span class=\"source svelte-1xbw4f3\">Foto: Inquam Photos \/ Octav Ganea<\/span><\/span><\/div>\n<\/div>\n<p><i>\u201eAst\u0103zi, 31 august, chiar \u00een ultima zi de implementare a PNRR, Guvernul Ilie Bolojan a \u00eenchis jalonul 443: restructurarea a trei companii de stat din energie \u0219i transporturi\u201d<\/i>, a scris Oana Gheorghiu pe Facebook.<\/p>\n<p>Vicepremierul a precizat c\u0103 scopul jalonului a fost <i>\u201es\u0103 punem ordine \u00een companiile de stat, pentru ca acestea s\u0103 devin\u0103 mai eficiente \u0219i mai performante economic\u201d<\/i>.<\/p>\n<p>Oana Gheorghiu sus\u021bine c\u0103, la momentul venirii sale \u00een Guvern, \u00een noiembrie 2025, jalonul era considerat dificil de realizat.<\/p>\n<p><i>\u201eC\u00e2nd am venit \u00een Guvern, \u00een noiembrie 2025, jalonul 443 era \u00abmisiune imposibil\u0103\u00bb. Nimeni nu-i d\u0103dea absolut nicio \u0219ans\u0103 pentru c\u0103 nimeni nu f\u0103cuse nici m\u0103car un singur pas spre restructurarea vreunei companii. (Mul\u021bumim, PSD!)\u201d<\/i>, a afirmat aceasta.<\/p>\n<p>Potrivit vicepremierului, atunci c\u00e2nd i-a \u00eentrebat pe colegii din Guvern responsabili de jalon care este situa\u021bia, r\u0103spunsul primit a fost: <i>\u201etrebuie s\u0103 alegem 3 companii\u201d<\/i>.<\/p>\n<p><i>\u201e\u0218i de ce nu le alegem? am \u00eentrebat eu. Ce ne opre\u0219te s\u0103 alegem ca s\u0103 putem rezolva lucrurile? R\u0103spunsul nerostit era \u00abnu se dore\u0219te\u00bb. A\u0219a c\u0103 am f\u0103cut s\u0103 se doreasc\u0103\u201d<\/i>, a mai scris Oana Gheorghiu.<\/p>\n<h2>Trei companii, restructurate prin fuziune<\/h2>\n<p>Vicepremierul a precizat c\u0103 a ini\u021biat un proiect pilot care viza 22 de companii, care urmau s\u0103 fie restructurate sau listate, conform angajamentului ini\u021bial asumat de Rom\u00e2nia \u00een 2021.<\/p>\n<p><i>\u201eP\u00e2n\u0103 la demiterea Guvernului, am reu\u0219it s\u0103 pornim restructurarea a 3 companii\u201d<\/i>, a afirmat Gheorghiu.<\/p>\n<p>Potrivit acesteia, <a href=\"https:\/\/adevarul.ro\/politica\/fostul-ministru-al-energiei-ii-raspunde-oanei-2529207.html\">Compania Electrocentrale Grup<\/a> a fuzionat prin absorb\u021bie cu SAPE (Societatea de Administrare a Participa\u021biilor \u00een Energie), din portofoliul Ministerului Energiei.<\/p>\n<p>De asemenea, Societatea Tipografic\u0103 Filaret \u0219i compania Telecomunica\u021bii CFR au fuzionat prin absorb\u021bie cu CNCFR (Compania Na\u021bional\u0103 de C\u0103i Ferate), din portofoliul Ministerului Transporturilor \u0219i Infrastructurii.<\/p>\n<p><i>\u201eAvem deciziile Oficiului Registrului Comer\u021bului de admitere a celor trei fuziuni \u0219i de radiere a societ\u0103\u021bilor absorbite. Pentru dou\u0103 dintre ele hot\u0103r\u00e2rile s-au pronun\u021bat ast\u0103zi \u0219i vor fi comunicate oficial \u00een zilele urm\u0103toare, dar toate trei sunt admise\u201d<\/i>, a precizat vicepremierul.<\/p>\n<div class=\"raw-block\"><iframe loading=\"lazy\" src=\"https:\/\/www.facebook.com\/plugins\/post.php?href=https%3A%2F%2Fwww.facebook.com%2Foana.gheorghiu.58%2Fposts%2Fpfbid0CRCsNHHeDz8aKc7cFoFiyPxmN8ZsqrTAY3RHdgNX9w1FFmL6jRtJum857kfE8YKSl&amp;show_text=true&amp;width=390\" width=\"500\" height=\"737\" frameborder allowfullscreen=\"true\" allow=\"autoplay; clipboard-write; encrypted-media; picture-in-picture; web-share\" class=\"facebook-iframe\"><\/iframe><\/div>\n<h2>O reform\u0103 asumat\u0103 prin PNRR<\/h2>\n<p><a href=\"https:\/\/adevarul.ro\/economie\/oana-gheorghiu-sunt-companii-care-nu-mai-pot-fi-2523961.html\">Oana Gheorghiu<\/a> a descris m\u0103surile drept o reform\u0103 de guvernan\u021b\u0103 corporativ\u0103 asumat\u0103 prin PNRR.<\/p>\n<p><i>\u201eE o reform\u0103 de guvernan\u021b\u0103 corporativ\u0103 asumat\u0103 prin PNRR, care elimin\u0103 structuri paralele \u0219i consolideaz\u0103 administrarea companiilor de stat din aceste domenii\u201d<\/i>, a transmis aceasta.<\/p>\n<p>Vicepremierul a sus\u021binut c\u0103 m\u0103surile reprezint\u0103 \u00eenceputul unui proces mai amplu de reformare a companiilor de stat.<\/p>\n<p><i>\u201eEste \u0219i \u00eenceputul unui drum mai lung \u00een reforma companiilor de stat. Ast\u0103zi am f\u0103cut primul pas \u0219i am ar\u0103tat c\u0103 se poate. De aici \u00eenainte, acest drum poate fi continuat acolo unde performan\u021ba economic\u0103 o cere\u201d<\/i>, a afirmat Oana Gheorghiu.<\/p>\n<p>Aceasta a mul\u021bumit Secretariatului General al Guvernului \u0219i Agen\u021biei pentru Monitorizarea \u0219i Evaluarea Performan\u021belor \u00centreprinderilor Publice pentru coordonarea \u0219i monitorizarea jalonului, precum \u0219i Ministerului Energiei \u0219i Ministerului Transporturilor \u0219i Infrastructurii pentru finalizarea procedurilor \u00een companiile din portofoliile lor.<\/p>\n<p>Gheorghiu a mul\u021bumit, de asemenea, Ministerului Investi\u021biilor \u0219i Proiectelor Europene \u0219i Oficiului Na\u021bional al Registrului Comer\u021bului.<\/p>\n<p><i>\u201eUn angajament vechi de peste patru ani, dus, \u00een sf\u00e2r\u0219it, la cap\u0103t\u201d<\/i>, a conchis vicepremierul.<\/p>\n<p><\/main><\/p>\n<footer class=\"svelte-x63bga\">\n<div class=\"related-wrap related-footer svelte-78g0vl\"><span class=\"related-label svelte-78g0vl\">Cite\u0219te \u0219i<\/span><a class=\"related svelte-78g0vl\" data-gtrack=\"{&quot;event&quot;:&quot;utm_click&quot;,&quot;data&quot;:{&quot;event_category&quot;:&quot;article_related&quot;}}\" href=\"https:\/\/adevarul.ro\/economie\/tarom-are-datorii-de-930-milioane-lei-oana-2535550.html\" title=\"Alt articol de interes pentru tine\"><img decoding=\"async\" class=\"thumb svelte-78g0vl\" src=\"https:\/\/cdn.adh.reperio.news\/image-e\/e84f43e1-f6da-4a79-92b9-1f3bb320ce44\/index.jpeg?p=f%3Dwebp%26w%3D120%26h%3D80%26r%3Dcover%26a%3D0\" alt loading=\"lazy\" width=\"80\" height=\"54\"><span class=\"title svelte-78g0vl\">TAROM are datorii de 930 milioane lei. Oana Gheorghiu: \u201eFie \u00eencepem reforma, fie compania va fi v\u00e2ndut\u0103 pe buc\u0103\u021bi\u201d<\/span><\/a><a class=\"related svelte-78g0vl\" data-gtrack=\"{&quot;event&quot;:&quot;utm_click&quot;,&quot;data&quot;:{&quot;event_category&quot;:&quot;article_related&quot;}}\" href=\"https:\/\/adevarul.ro\/politica\/oana-gheorghiu-romania-are-o-companie-de-stat-cu-2543994.html\" title=\"Alt articol de interes pentru tine\"><img decoding=\"async\" class=\"thumb svelte-78g0vl\" src=\"https:\/\/cdn.adh.reperio.news\/image-5\/5d2b58f5-2dc1-46a6-b719-696e0a9e5a38\/index.jpeg?p=f%3Dwebp%26w%3D120%26h%3D80%26r%3Dcover%26a%3D0\" alt loading=\"lazy\" width=\"80\" height=\"54\"><span class=\"title svelte-78g0vl\">Oana Gheorghiu: \u201eRom\u00e2nia are o companie de stat cu 36 de angaja\u0163i, al c\u0103rei scop este s\u0103 \u00eenchirieze spa\u0163iile dintr-o cl\u0103dire a statului c\u0103tre alte institu\u0163ii ale statului\u201d<\/span><\/a><a class=\"related svelte-78g0vl\" data-gtrack=\"{&quot;event&quot;:&quot;utm_click&quot;,&quot;data&quot;:{&quot;event_category&quot;:&quot;article_related&quot;}}\" href=\"https:\/\/adevarul.ro\/politica\/a-expirat-termenul-si-269-primarii-din-tara-nu-2552065.html\" title=\"Alt articol de interes pentru tine\"><img decoding=\"async\" class=\"thumb svelte-78g0vl\" src=\"https:\/\/cdn.adh.reperio.news\/image-5\/5f832ac9-20a8-4348-8417-2c0cc74b03ce\/index.jpeg?p=f%3Dwebp%26w%3D120%26h%3D80%26r%3Dcover%26a%3D0\" alt loading=\"lazy\" width=\"80\" height=\"54\"><span class=\"title svelte-78g0vl\">A expirat termenul \u0219i 269 prim\u0103rii din \u021bar\u0103 nu s-au \u00eenrolat \u00een platforma ghiseul.ro. Vicepremier: \u201enu este un moft birocratic\u201d<\/span><\/a><\/div>\n<div class=\"meta svelte-x63bga\">\n<div class=\"authors svelte-x63bga\"><span class=\"names svelte-x63bga\"><a href=\"https:\/\/adevarul.ro\/author\/46\" rel=\"author\" class=\"svelte-x63bga\">Teodora Marinescu<\/a><\/span><\/p>\n<div class=\"_hydratable\" data-props=\"%7B%22showLive%22%3Atrue%7D\" data-context=\"%7B%22parentBlockColumnCount%22%3A%7B%22value%22%3A0%2C%22type%22%3A%22store%2Freadable%22%7D%2C%22parentBlockBackgroundColor%22%3A%7B%22type%22%3A%22store%2Freadable%22%7D%7D\" data-component=\"ShareButton\">\n<div class=\"shareButtons svelte-itwbrr\">\n<div class=\"liveSessions metaFont svelte-1maxmbf\"><span class=\"value svelte-1maxmbf\">1<\/span> live <\/div>\n<\/div>\n<\/div>\n<\/div>\n<div class=\"tags svelte-1l3vwp1\"><span class=\"tags-label metaFont svelte-1l3vwp1\">Cite\u0219te mai multe despre<\/span><\/p>\n<div class=\"tags-list svelte-1l3vwp1\"><a href=\"https:\/\/adevarul.ro\/tag\/pnrr\" title=\"Ultimele \u0219tiri despre pnrr\" class=\"tag-pill svelte-1l3vwp1\">pnrr<\/a><a href=\"https:\/\/adevarul.ro\/tag\/criza%20politica%202026\" title=\"Ultimele \u0219tiri despre criza politica 2026\" class=\"tag-pill svelte-1l3vwp1\">criza politica 2026<\/a><a href=\"https:\/\/adevarul.ro\/tag\/companii%20de%20stat\" title=\"Ultimele \u0219tiri despre companii de stat\" class=\"tag-pill svelte-1l3vwp1\">companii de stat<\/a><a href=\"https:\/\/adevarul.ro\/tag\/oana%20gheorghiu\" title=\"Ultimele \u0219tiri despre oana gheorghiu\" class=\"tag-pill svelte-1l3vwp1\">oana gheorghiu<\/a><\/div>\n<\/div>\n<\/div>\n<p><a class=\"moreFromCategory svelte-x63bga\" href=\"https:\/\/adevarul.ro\/politica\" title=\"Politic\u0103\">Mai multe din <strong class=\"svelte-x63bga\">Politic\u0103<\/strong> \u203a<\/a><\/footer>\n<\/article>\n<p>[analyse_source url=&#8221;https:\/\/adevarul.ro\/politica\/vicepremierul-oana-gheorghiu-trei-companii-de-2553274.html&#8221;]<\/p>\n","protected":false},"excerpt":{"rendered":"<p>[analyse_image type=&#8221;featured&#8221; src=&#8221;https:\/\/cdn.adh.reperio.news\/image-e\/e47576d4-0b9b-4ecf-a364-9a332db663ea\/index.jpeg?p=f%3Djpeg%26w%3D1200%26h%3D630%26r%3Dcover&#8221;] Home Politic\u0103 Vicepremierul Oana Gheorghiu: Trei companii de stat au fost restructurate \u00een cadrul unui jalon din PNRR Vicepremierul Oana Gheorghiu a anun\u021bat, luni sear\u0103, c\u0103 Guvernul a \u00eenchis jalonul 443 din PNRR, care prevedea restructurarea a trei companii de stat din energie \u0219i transporturi. Potrivit acesteia, trei fuziuni prin absorb\u021bie au [&hellip;]<\/p>\n","protected":false},"author":1,"featured_media":0,"comment_status":"open","ping_status":"","sticky":false,"template":"","format":"standard","meta":{"footnotes":""},"categories":[89],"tags":[19,226],"class_list":["post-2121923","post","type-post","status-publish","format-standard","hentry","category-romania","tag-adevarul","tag-crawlmanager"],"_links":{"self":[{"href":"https:\/\/analyse.optim.biz\/index.php?rest_route=\/wp\/v2\/posts\/2121923","targetHints":{"allow":["GET"]}}],"collection":[{"href":"https:\/\/analyse.optim.biz\/index.php?rest_route=\/wp\/v2\/posts"}],"about":[{"href":"https:\/\/analyse.optim.biz\/index.php?rest_route=\/wp\/v2\/types\/post"}],"author":[{"embeddable":true,"href":"https:\/\/analyse.optim.biz\/index.php?rest_route=\/wp\/v2\/users\/1"}],"replies":[{"embeddable":true,"href":"https:\/\/analyse.optim.biz\/index.php?rest_route=%2Fwp%2Fv2%2Fcomments&post=2121923"}],"version-history":[{"count":0,"href":"https:\/\/analyse.optim.biz\/index.php?rest_route=\/wp\/v2\/posts\/2121923\/revisions"}],"wp:attachment":[{"href":"https:\/\/analyse.optim.biz\/index.php?rest_route=%2Fwp%2Fv2%2Fmedia&parent=2121923"}],"wp:term":[{"taxonomy":"category","embeddable":true,"href":"https:\/\/analyse.optim.biz\/index.php?rest_route=%2Fwp%2Fv2%2Fcategories&post=2121923"},{"taxonomy":"post_tag","embeddable":true,"href":"https:\/\/analyse.optim.biz\/index.php?rest_route=%2Fwp%2Fv2%2Ftags&post=2121923"}],"curies":[{"name":"wp","href":"https:\/\/api.w.org\/{rel}","templated":true}]}}