{"id":2121868,"date":"2026-08-28T12:19:24","date_gmt":"2026-08-28T09:19:24","guid":{"rendered":"https:\/\/analyse.optim.biz\/?p=2121868"},"modified":"2026-08-28T12:19:24","modified_gmt":"2026-08-28T09:19:24","slug":"patru-statii-de-autobuz-moderne-pe-dn59-in-sag-conditii-mai-sigure-pentru-calatori","status":"publish","type":"post","link":"https:\/\/analyse.optim.biz\/?p=2121868","title":{"rendered":"Patru sta\u021bii de autobuz moderne, pe DN59, \u00een \u0218ag. Condi\u021bii mai sigure pentru c\u0103l\u0103tori"},"content":{"rendered":"<p>[analyse_image type=&#8221;featured&#8221; src=&#8221;&#8221;]<\/p>\n<div class=\"entry-content\">\n<p class=\"has-text-align-justify has-text-align-justify\">Transportul public din \u0218ag face un pas \u00eenainte. Patru sta\u021bii de autobuz de pe DN59 au fost modernizate sau amenajate de la zero, pentru a oferi locuitorilor condi\u021bii mai sigure \u0219i mai confortabile.<\/p>\n<p>Dou\u0103 dintre sta\u021biile existente au fost \u00eenlocuite integral, iar una dintre acestea a fost relocat\u0103 \u00eentr-o pozi\u021bie mai accesibil\u0103 pentru c\u0103l\u0103tori. \u00cen acela\u0219i timp, au fost amenajate alte dou\u0103 sta\u021bii complet noi, amplasate strategic pentru a deservi mai bine zonele aflate \u00een dezvoltare ale comunei.<\/p>\n<p class=\"has-text-align-justify has-text-align-justify\">Investi\u021bia este important\u0103 \u00een special pentru locuitorii care folosesc zilnic transportul \u00een comun \u0219i fac naveta. Noile amenaj\u0103ri urm\u0103resc s\u0103 ofere mai mult confort \u0219i siguran\u021b\u0103, dar \u0219i s\u0103 r\u0103spund\u0103 nevoilor unei comune aflate \u00eentr-o continu\u0103 dezvoltare.<\/p>\n<p>Prin aceste lucr\u0103ri, infrastructura de transport public din \u0218ag este adaptat\u0103 mai bine fluxului tot mai mare de c\u0103l\u0103tori \u0219i dezvolt\u0103rii localit\u0103\u021bii.<\/p>\n<p class=\"has-text-align-justify has-text-align-justify\">Cele patru sta\u021bii de pe DN59 reprezint\u0103 o \u00eembun\u0103t\u0103\u021bire concret\u0103 pentru transportul \u00een comun \u0219i pentru mobilitatea de zi cu zi a locuitorilor din \u0218ag.<\/p>\n<div class=\"social-sharing ss-social-sharing\"><a rel=\"external nofollow\" class=\"ss-button-facebook\" href=\"http:\/\/www.facebook.com\/sharer\/sharer.php?u=https%3A%2F%2Fwww.observatordetimis.ro%2F2026%2F08%2F28%2Fpatru-statii-de-autobuz-moderne-pe-dn59-in-sag-conditii-mai-sigure-pentru-calatori%2F\" target=\"_blank\">Share on Facebook<\/a><a rel=\"external nofollow\" class=\"ss-button-twitter\" href=\"http:\/\/twitter.com\/intent\/tweet\/?text=Patru+sta%C8%9Bii+de+autobuz+moderne%2C+pe+DN59%2C+%C3%AEn+%C8%98ag.+Condi%C8%9Bii+mai+sigure+pentru+c%C4%83l%C4%83tori&amp;url=https%3A%2F%2Fwww.observatordetimis.ro%2F2026%2F08%2F28%2Fpatru-statii-de-autobuz-moderne-pe-dn59-in-sag-conditii-mai-sigure-pentru-calatori%2F\" target=\"_blank\">Share on Twitter<\/a><a rel=\"external nofollow\" class=\"ss-button-linkedin\" href=\"http:\/\/www.linkedin.com\/shareArticle?mini=true&amp;url=https%3A%2F%2Fwww.observatordetimis.ro%2F2026%2F08%2F28%2Fpatru-statii-de-autobuz-moderne-pe-dn59-in-sag-conditii-mai-sigure-pentru-calatori%2F&amp;title=Patru+sta%C8%9Bii+de+autobuz+moderne%2C+pe+DN59%2C+%C3%AEn+%C8%98ag.+Condi%C8%9Bii+mai+sigure+pentru+c%C4%83l%C4%83tori\" target=\"_blank\">Share on Linkedin<\/a><\/div>\n<div class=\"relpost-thumb-wrapper\">\n<div class=\"relpost-thumb-container\">\n<h3>Cite\u0219te \u0219i:<\/h3>\n<div class=\"relpost-block-container relpost-block-column-layout\"><a href=\"https:\/\/www.observatordetimis.ro\/2025\/08\/31\/ministra-mediului-vizita-de-lucru-la-primaria-timisoara-video\/\" class=\"relpost-block-single\"><\/p>\n<div class=\"relpost-custom-block-single\">\n<div class=\"relpost-block-single-text\">\n<h3 class=\"relpost_card_title\">Ministra Mediului, vizit\u0103 de lucru la Prim\u0103ria Timi\u0219oara | VIDEO<\/h3>\n<\/div>\n<\/div>\n<p><\/a><a href=\"https:\/\/www.observatordetimis.ro\/2025\/06\/20\/primaria-timisoara-construieste-doua-poduri-noi-cu-fonduri-europene-la-solventul-si-la-fosta-fabrica-de-tigari\/\" class=\"relpost-block-single\"><\/p>\n<div class=\"relpost-custom-block-single\">\n<div class=\"relpost-block-single-text\">\n<h3 class=\"relpost_card_title\">Prim\u0103ria Timi\u0219oara construie\u0219te dou\u0103 poduri noi cu fonduri europene, la Solventul \u0219i la fosta Fabric&#8230;<\/h3>\n<\/div>\n<\/div>\n<p><\/a><a href=\"https:\/\/www.observatordetimis.ro\/2025\/08\/28\/primaria-timisoara-a-depus-cererea-de-finantare-pentru-regenerarea-urbana-a-pietei-mocioni\/\" class=\"relpost-block-single\"><\/p>\n<div class=\"relpost-custom-block-single\">\n<div class=\"relpost-block-single-text\">\n<h3 class=\"relpost_card_title\">Prim\u0103ria Timi\u0219oara a depus cererea de finan\u021bare pentru Regenerarea Urban\u0103 a Pie\u021bei Mocioni<\/h3>\n<\/div>\n<\/div>\n<p><\/a><a href=\"https:\/\/www.observatordetimis.ro\/2025\/08\/19\/a-fost-semnat-contractul-pentru-realizarea-sf-ului-privind-extinderea-centurii-timisoara-nord-la-patru-benzi\/\" class=\"relpost-block-single\"><\/p>\n<div class=\"relpost-custom-block-single\">\n<div class=\"relpost-block-single-text\">\n<h3 class=\"relpost_card_title\">A fost semnat contractul pentru realizarea SF-ului privind extinderea Centurii Timi\u0219oara Nord la pat&#8230;<\/h3>\n<\/div>\n<\/div>\n<p><\/a><a href=\"https:\/\/www.observatordetimis.ro\/2026\/04\/23\/conditii-mai-bune-pentru-elevii-de-la-colegiul-henri-coanda-fatada-cladirii-de-internat-a-fost-finalizata\/\" class=\"relpost-block-single\"><\/p>\n<div class=\"relpost-custom-block-single\">\n<div class=\"relpost-block-single-text\">\n<h3 class=\"relpost_card_title\">Condi\u021bii mai bune pentru elevii de la Colegiul Henri Coand\u0103: fa\u021bada cl\u0103dirii de internat a fost fina&#8230;<\/h3>\n<\/div>\n<\/div>\n<p><\/a><a href=\"https:\/\/www.observatordetimis.ro\/2025\/11\/20\/locuitorii-din-bucovat-invitati-la-o-dezbatere-publica\/\" class=\"relpost-block-single\"><\/p>\n<div class=\"relpost-custom-block-single\">\n<div class=\"relpost-block-single-text\">\n<h3 class=\"relpost_card_title\">Locuitorii din Bucov\u0103\u021b, invita\u021bi la o dezbatere public\u0103<\/h3>\n<\/div>\n<\/div>\n<p><\/a><\/div>\n<\/div>\n<\/div>\n<\/div>\n<p>[analyse_source url=&#8221;https:\/\/www.observatordetimis.ro\/2026\/08\/28\/patru-statii-de-autobuz-moderne-pe-dn59-in-sag-conditii-mai-sigure-pentru-calatori\/&#8221;]<\/p>\n","protected":false},"excerpt":{"rendered":"<p>[analyse_image type=&#8221;featured&#8221; src=&#8221;&#8221;] Transportul public din \u0218ag face un pas \u00eenainte. Patru sta\u021bii de autobuz de pe DN59 au fost modernizate sau amenajate de la zero, pentru a oferi locuitorilor condi\u021bii mai sigure \u0219i mai confortabile. Dou\u0103 dintre sta\u021biile existente au fost \u00eenlocuite integral, iar una dintre acestea a fost relocat\u0103 \u00eentr-o pozi\u021bie mai accesibil\u0103 [&hellip;]<\/p>\n","protected":false},"author":1,"featured_media":0,"comment_status":"open","ping_status":"","sticky":false,"template":"","format":"standard","meta":{"footnotes":""},"categories":[89],"tags":[226,186],"class_list":["post-2121868","post","type-post","status-publish","format-standard","hentry","category-romania","tag-crawlmanager","tag-observatordetimis-ro"],"_links":{"self":[{"href":"https:\/\/analyse.optim.biz\/index.php?rest_route=\/wp\/v2\/posts\/2121868","targetHints":{"allow":["GET"]}}],"collection":[{"href":"https:\/\/analyse.optim.biz\/index.php?rest_route=\/wp\/v2\/posts"}],"about":[{"href":"https:\/\/analyse.optim.biz\/index.php?rest_route=\/wp\/v2\/types\/post"}],"author":[{"embeddable":true,"href":"https:\/\/analyse.optim.biz\/index.php?rest_route=\/wp\/v2\/users\/1"}],"replies":[{"embeddable":true,"href":"https:\/\/analyse.optim.biz\/index.php?rest_route=%2Fwp%2Fv2%2Fcomments&post=2121868"}],"version-history":[{"count":0,"href":"https:\/\/analyse.optim.biz\/index.php?rest_route=\/wp\/v2\/posts\/2121868\/revisions"}],"wp:attachment":[{"href":"https:\/\/analyse.optim.biz\/index.php?rest_route=%2Fwp%2Fv2%2Fmedia&parent=2121868"}],"wp:term":[{"taxonomy":"category","embeddable":true,"href":"https:\/\/analyse.optim.biz\/index.php?rest_route=%2Fwp%2Fv2%2Fcategories&post=2121868"},{"taxonomy":"post_tag","embeddable":true,"href":"https:\/\/analyse.optim.biz\/index.php?rest_route=%2Fwp%2Fv2%2Ftags&post=2121868"}],"curies":[{"name":"wp","href":"https:\/\/api.w.org\/{rel}","templated":true}]}}