{"id":2121835,"date":"2026-08-30T10:25:00","date_gmt":"2026-08-30T07:25:00","guid":{"rendered":"https:\/\/analyse.optim.biz\/?p=2121835"},"modified":"2026-08-30T10:25:00","modified_gmt":"2026-08-30T07:25:00","slug":"nu-mai-are-cine-sa-plateasca-pensiile-in-viitor-romania-are-cei-mai-multi-tineri-din-ue-care-nu-muncesc-nu-sunt-in-scoala-si-nici-in-training","status":"publish","type":"post","link":"https:\/\/analyse.optim.biz\/?p=2121835","title":{"rendered":"Nu mai are cine s\u0103 pl\u0103teasc\u0103 pensiile \u00een viitor: Rom\u00e2nia are cei mai mul\u021bi tineri din UE care nu muncesc, nu sunt \u00een \u0219coal\u0103 \u0219i nici \u00een training"},"content":{"rendered":"<p>[analyse_image type=&#8221;featured&#8221; src=&#8221;https:\/\/radiogoldfm.ro\/wp-content\/uploads\/2026\/08\/nu-mai-are-cine-s-pl-teasc-pensiile-n-viitor-rom-nia-are-cei-mai-mul-i-tineri-din-ue-care-nu-muncesc-nu-sunt-n-coal-i-nici-n-training-main.webphttps:\/\/radiogoldfm.ro\/wp-content\/uploads\/2026\/08\/nu-mai-are-cine-s-pl-teasc-pensiile-n-viitor-rom-nia-are-cei-mai-mul-i-tineri-din-ue-care-nu-muncesc-nu-sunt-n-coal-i-nici-n-training-main.webp&#8221;]<\/p>\n<div class=\"qt-the-content\">\n<p>Rom\u00e2nia are cea mai mare propor\u021bie de tineri \u00eentre 15-29 de ani care nu sunt nici angaja\u021bi, nici \u00eenscri\u0219i la \u0219coal\u0103, facultate sau alt\u0103 form\u0103 de educa\u021bie \u0219i nici implica\u021bi \u00eentr-o form\u0103 de training: 19,2% dintre tinerii din Rom\u00e2nia erau \u00een 2025 \u00een situa\u021bia de a fi NEET, aminte\u0219te Eurostat.<\/p>\n<p>Prin compara\u021bie, media UE este la aproape jum\u0103tate fa\u021b\u0103 de scorul Rom\u00e2niei: 11% dintre tineri sunt NEET (young people Neither in Employment nor in Education or Training \u2013 NEET) la nivelul Uniunii Europene (UE). Dac\u0103 se men\u021bine acest trend atunci \u00eentr-un viitor nu prea \u00eendep\u0103rtat nu va mai avea cine s\u0103 pl\u0103teasc\u0103 pensiile \u00een Rom\u00e2nia \u00eentruc\u00e2t tinerii nu vor mai produce bani pentru buget.<\/p>\n<p>\u021a\u0103rile cu cele mai mari procente de tineri care nu erau nici angaja\u021bi, nici \u00een educa\u021bie sau training (NEET) \u00een 2025, potrivit Eurostat:<\/p>\n<p>Romania (19.2% dintre tineri)<br \/>Bulgaria (13.8%)<br \/>Grecia (13.6%)<br \/>\u021a\u0103rile cu cei mai pu\u021bini NEET:<\/p>\n<p>Olanda (5.3%)<br \/>Suedia (5.9%)<br \/>Slovenia (7.6%)<\/p>\n<p>surs\u0103: <a href=\"https:\/\/www.ziuanews.ro\/stiri\/nu-mai-are-cine-sa-plateasca-pensiile-in-viitor-romania-are-cei-mai-mul-i-tineri-din-ue-care-nu-muncesc-nu-sunt-in-coala-i-nici-in-training-1596141\">ziuanews.ro<\/a><\/p>\n<div class=\"tagcloud qt-spacer-m\"><span class=\"qt-title\">Tagged as <\/span><a href=\"https:\/\/radiogoldfm.ro\/tag\/economie\/\" rel=\"tag\">economie<\/a><a href=\"https:\/\/radiogoldfm.ro\/tag\/educatie\/\" rel=\"tag\">educatie<\/a><a href=\"https:\/\/radiogoldfm.ro\/tag\/gold-fm\/\" rel=\"tag\">GOLD FM<\/a><a href=\"https:\/\/radiogoldfm.ro\/tag\/neet\/\" rel=\"tag\">NEET<\/a><a href=\"https:\/\/radiogoldfm.ro\/tag\/pensie\/\" rel=\"tag\">pensie<\/a><a href=\"https:\/\/radiogoldfm.ro\/tag\/romania\/\" rel=\"tag\">romania<\/a><\/div>\n<div class=\"qt-post-author qt-card\">\n<div class=\"row\">\n<div class=\"qt-post-author-data col s10 m7 l7\">\n<h6>Profil<\/h6>\n<h4><a href=\"https:\/\/radiogoldfm.ro\/nu-mai-are-cine-sa-plateasca-pensiile-in-viitor-romania-are-cei-mai-multi-tineri-din-ue-care-nu-muncesc-nu-sunt-in-scoala-si-nici-in-training\/#author_page\">Gold FM Radio<\/a><\/h4>\n<\/div>\n<div class=\"qt-post-author-link col s12 m3 l4 \"><a href=\"https:\/\/radiogoldfm.ro\/author\/gold-fm\/\" class=\"qt-btn qt-btn-large qt-btn-primary aligncenter\">Arhiva postari<\/a><\/div>\n<\/div>\n<\/div>\n<\/div>\n<p>[analyse_source url=&#8221;https:\/\/radiogoldfm.ro\/nu-mai-are-cine-sa-plateasca-pensiile-in-viitor-romania-are-cei-mai-multi-tineri-din-ue-care-nu-muncesc-nu-sunt-in-scoala-si-nici-in-training\/&#8221;]<\/p>\n","protected":false},"excerpt":{"rendered":"<p>[analyse_image type=&#8221;featured&#8221; src=&#8221;https:\/\/radiogoldfm.ro\/wp-content\/uploads\/2026\/08\/nu-mai-are-cine-s-pl-teasc-pensiile-n-viitor-rom-nia-are-cei-mai-mul-i-tineri-din-ue-care-nu-muncesc-nu-sunt-n-coal-i-nici-n-training-main.webphttps:\/\/radiogoldfm.ro\/wp-content\/uploads\/2026\/08\/nu-mai-are-cine-s-pl-teasc-pensiile-n-viitor-rom-nia-are-cei-mai-mul-i-tineri-din-ue-care-nu-muncesc-nu-sunt-n-coal-i-nici-n-training-main.webp&#8221;] Rom\u00e2nia are cea mai mare propor\u021bie de tineri \u00eentre 15-29 de ani care nu sunt nici angaja\u021bi, nici \u00eenscri\u0219i la \u0219coal\u0103, facultate sau alt\u0103 form\u0103 de educa\u021bie \u0219i nici implica\u021bi \u00eentr-o form\u0103 de training: 19,2% dintre tinerii din Rom\u00e2nia erau \u00een 2025 \u00een situa\u021bia de a fi NEET, aminte\u0219te Eurostat. Prin compara\u021bie, [&hellip;]<\/p>\n","protected":false},"author":1,"featured_media":0,"comment_status":"open","ping_status":"","sticky":false,"template":"","format":"standard","meta":{"footnotes":""},"categories":[89],"tags":[226,96],"class_list":["post-2121835","post","type-post","status-publish","format-standard","hentry","category-romania","tag-crawlmanager","tag-radiogoldfm-ro"],"_links":{"self":[{"href":"https:\/\/analyse.optim.biz\/index.php?rest_route=\/wp\/v2\/posts\/2121835","targetHints":{"allow":["GET"]}}],"collection":[{"href":"https:\/\/analyse.optim.biz\/index.php?rest_route=\/wp\/v2\/posts"}],"about":[{"href":"https:\/\/analyse.optim.biz\/index.php?rest_route=\/wp\/v2\/types\/post"}],"author":[{"embeddable":true,"href":"https:\/\/analyse.optim.biz\/index.php?rest_route=\/wp\/v2\/users\/1"}],"replies":[{"embeddable":true,"href":"https:\/\/analyse.optim.biz\/index.php?rest_route=%2Fwp%2Fv2%2Fcomments&post=2121835"}],"version-history":[{"count":0,"href":"https:\/\/analyse.optim.biz\/index.php?rest_route=\/wp\/v2\/posts\/2121835\/revisions"}],"wp:attachment":[{"href":"https:\/\/analyse.optim.biz\/index.php?rest_route=%2Fwp%2Fv2%2Fmedia&parent=2121835"}],"wp:term":[{"taxonomy":"category","embeddable":true,"href":"https:\/\/analyse.optim.biz\/index.php?rest_route=%2Fwp%2Fv2%2Fcategories&post=2121835"},{"taxonomy":"post_tag","embeddable":true,"href":"https:\/\/analyse.optim.biz\/index.php?rest_route=%2Fwp%2Fv2%2Ftags&post=2121835"}],"curies":[{"name":"wp","href":"https:\/\/api.w.org\/{rel}","templated":true}]}}