{"id":2121831,"date":"2026-08-31T18:30:00","date_gmt":"2026-08-31T15:30:00","guid":{"rendered":"https:\/\/analyse.optim.biz\/?p=2121831"},"modified":"2026-08-31T18:30:00","modified_gmt":"2026-08-31T15:30:00","slug":"marea-artista-ioana-maria-lupascu-19-septembrie-1977-31-august-2023-portret-de-luptatoare","status":"publish","type":"post","link":"https:\/\/analyse.optim.biz\/?p=2121831","title":{"rendered":"Marea artist\u0103 Ioana Maria Lupa\u0219cu (19 septembrie 1977 &#8211; 31 august 2023) &#8211; PORTRET DE LUPT\u0102TOARE"},"content":{"rendered":"<p>[analyse_image type=&#8221;featured&#8221; src=&#8221;https:\/\/www.activenews.ro\/images\/articole\/184064.jpg&#8221;]<\/p>\n<div class=\"articleBody\" data-key=\"articleBody\">&lt;p&gt;&lt;span style=&#8221;font-weight: bold;&#8221;&gt;Pianista &lt;a href=&#8221;http:\/\/www.facebook.com\/ioanalupascu&#8221;&gt;Ioana Maria Lupa\u0219cu&lt;\/a&gt;, n\u0103scut\u0103 pe 19 septembrie 1977, la Br\u0103il\u0103. a &lt;a href=&#8221;http:\/\/www.activenews.ro\/opinii\/Ioana-Maria-Lupascu-probabil-cea-mai-mare-pianista-ridicata-de-pe-aceste-meleaguri-a-plecat-la-Domnul-184051&#8243;&gt;plecat la ceruri&lt;\/a&gt; \u00een urm\u0103 cu doi ani, chiar de ziua &lt;a href=&#8221;http:\/\/www.activenews.ro\/cultura\/31-august-Punerea-in-racla-a-Braului-Maicii-Domnului-63460&#8243;&gt;punerii \u00een racl\u0103 a Br\u00e2ului Maicii Domnului&lt;\/a&gt;, pe 31 august 2023, cu pu\u021bin timp \u00eenainte de a \u00eemplini 46 de ani. Ast\u0103zi ar fi \u00eemplinit 48 de ani. S\u0103 o pomenim! &lt;br \/&gt; &lt;\/span&gt;&lt;\/p&gt; &lt;p&gt;Pe 13 iulie 2023, artista scria pe &lt;a href=&#8221;http:\/\/www.facebook.com\/photo\/?fbid=10160801356622720&amp;set=a.49976732719&#8243;&gt;pagina sa personal\u0103&lt;\/a&gt;: &lt;i&gt;\u201eS\u0103pt\u0103m\u00e2na aceasta am primit cea mai \u00eenalt\u0103 distinc\u021bie de pana acum. Am sim\u021bit o emo\u021bie cople\u0219itoare s\u0103 primesc Crucea Patriarhal\u0103 \u0219i mul\u021bumesc infinit!\u201d&lt;\/i&gt;&lt;\/p&gt; &lt;p&gt;Cu un an \u00eenainte, de Boboteaz\u0103, artista a relatat pentru &lt;span style=&#8221;color: rgb(239, 0, 27);&#8221;&gt;ActiveNews&lt;\/span&gt;, de la fa\u021ba locului, &lt;a href=&#8221;http:\/\/www.activenews.ro\/stiri\/MINUNEA-DE-LA-IORDAN-CU-IPS-TEODOSIE.-De-Boboteaza-pe-calendarul-vechi-ierarhul-roman-a-oficiat-slujba-de-Sfintirea-Mare-a-Apelor-pe-malul-Iordanului-ale-carui-ape-si-au-schimbat-directia-de-curgere-dupa-ce-tomitanul-a-aruncat-de-3-ori-Crucea-in-rau-172175&#8243;&gt;minunea \u00eentoarcerii apelor Iordanului&lt;\/a&gt;, care s-a dezv\u0103luit credincio\u0219ilor prezen\u021bi la slujba \u021binut\u0103 de \u00cePS Teodosie, arhiepiscopul Tomisului, st\u00e2rnind o mare emo\u021bie \u0219i evlavie, \u0219i care nu s-a petrecut \u00eens\u0103 \u0219i la greci \u0219i ru\u0219i sau la Patriarhul Ierusalimului, dup\u0103 cum ne-a transmis muziciana (&lt;a href=&#8221;http:\/\/www.facebook.com\/ioanalupascu\/posts\/pfbid022B2jBZJDt9pHV5XuvATJPqAKTBsFgzP1593BAz8m8Ff4oTihgD7qoFcLv5tdyN9Jl&#8221;&gt;VIDEO AICI&lt;\/a&gt;). &lt;i&gt;\u201e\u00cenaltul este smerit, este omul lui Dumnezeu evident!\u201d&lt;\/i&gt;, ne spunea marea pianist\u0103, prezent\u0103 \u00een grupul de credincio\u0219i \u00een momentul \u00een care s-a \u00eent\u00e2mplat minunea.&lt;\/p&gt; &lt;p&gt;&lt;span style=&#8221;font-weight: bold;&#8221;&gt;Pianista Ioana Maria Lupa\u0219cu s-a n\u0103scut la 19 septembrie 1977, la Br\u0103ila. Pe 31 august, la orele 4.28, a plecat la Domnul dup\u0103 o suferin\u021b\u0103 provocat\u0103 de boala cancerului. &lt;a href=&#8221;http:\/\/www.facebook.com\/photo.php?fbid=10157906399921132&amp;set=t.754512719&amp;type=3&#8243;&gt;Nu a sus\u021binut vaccinarea&lt;\/a&gt;. A iubit &lt;a href=&#8221;http:\/\/www.facebook.com\/photo.php?fbid=10160591740912720&amp;set=pb.754512719.-2207520000&amp;type=3&#8243;&gt;M\u0103rturisitorii&lt;\/a&gt;. A fost \u0219i jurnalist\u0103, la Monitorul de Br\u0103ila \u0219i Q Magazine.&lt;br \/&gt; &lt;\/span&gt;&lt;\/p&gt; &lt;p&gt;\u201eCu sufletele \u00eendurerate v\u0103 anun\u021b\u0103m c\u0103 prietena \u0219i colega noastr\u0103, Ioana Maria Lupascu, a plecat dintre noi.\u201d,&nbsp; a transmis \u0219i &lt;a href=&#8221;http:\/\/www.facebook.com\/photo?fbid=693899389442501&amp;set=a.555520793280362&#8243;&gt;Filarmonica \u201ePaul Constantinescu\u201d din Ploie\u0219t&lt;\/a&gt;i:&lt;br \/&gt; &lt;br \/&gt; &lt;span style=&#8221;font-weight: bold;&#8221;&gt;&lt;i&gt;\u201eDe\u0219i oamenii buni nu c\u00e2\u0219tig\u0103 \u00eentotdeauna, o vom \u021bine minte pe Ioana ca o adev\u0103rat\u0103 lupt\u0103toare, ating\u00e2nd cu dragoste persoanele din jurul ei \u0219i clapele pianului chiar \u0219i \u00een cele mai dificile momente ale vie\u021bii. Suntem recunosc\u0103tori c\u0103 ne-am putut afla \u00een preajma unui spirit at\u00e2t de frumos \u0219i a unei artiste des\u0103v\u00e2r\u0219ite, de\u0219i aceast\u0103 c\u0103l\u0103torie a fost \u00eentrerupt\u0103 prematur.\u201d&lt;\/i&gt;,&lt;\/span&gt; este o parte din mesajul de condolean\u021be al Filarmonicii.&nbsp; &lt;br \/&gt; &lt;\/p&gt; &lt;p&gt;&lt;span style=&#8221;font-weight: bold;&#8221;&gt;Artista \u00eenceput sa studieze pianul la v\u00e2rsta de patru ani cu prof. Mircea Bogatu, potrivit &lt;a href=&#8221;https:\/\/ioanalupascu.ro\/&#8221; target=&#8221;_blank&#8221;&gt;https:\/\/ioanalupascu.ro\/&lt;\/a&gt;.&lt;\/span&gt;&lt;br \/&gt; &lt;br \/&gt; A absolvit Liceul de Muzic\u0103 &#8221;George Enescu&#8221; din Bucure\u0219ti, apoi, \u00een 2000, Conservatorul &#8221;Ciprian Porumbescu&#8221; din Bucure\u0219ti, ob\u021bin\u00e2nd la sus\u021binerea licen\u021bei nota maxim\u0103, transmite Agerpres \u00eentr-o portret de personalitate. Tot \u00een 2000 este admis\u0103 la Masterul &#8220;Virtuosity Level&#8221; la Conservatorul din Lausanne, Elve\u021bia. Dup\u0103 c\u00e2teva luni s-a mutat \u00een Italia, devenind timp de trei ani student\u0103, la Academia Europea di Musica, a marelui pianist Lazar Berman. Dup\u0103 \u00eencheierea masterului de trei ani de zile \u00een perfec\u021bionare solistic\u0103, a continuat s\u0103 lucreze cu maestrul Berman p\u00e2n\u0103 la moartea acestuia, \u00een 2005, iar cei cinci ani de studiu cu marele pianist au ajutat-o s\u0103-\u0219i \u00eembog\u0103\u021beasc\u0103 mijloacele de expresie muzical\u0103 \u0219i s\u0103 aprofundeze viziunea asupra interpret\u0103rii solistice. Maestrul Berman o definea drept &#8220;o solist\u0103 cu imense posibilit\u0103\u021bi tehnice \u0219i artistice&#8221;, noteaz\u0103 site-ul &lt;a href=&#8221;https:\/\/ioanalupascu.ro\/&#8221; target=&#8221;_blank&#8221;&gt;https:\/\/ioanalupascu.ro&lt;\/a&gt;. \u00cen 2005 a revenit \u00een Rom\u00e2nia.&lt;\/p&gt; &lt;p&gt;A fost c\u00e2\u0219tig\u0103toare, finalist\u0103 sau laureat\u0103 a numeroase concursuri de pian na\u021bionale \u0219i interna\u021bionale, dintre care Lira de Aur-Suceava (Premiul I, II, III), Concursul Na\u021bional de Muzic\u0103 &#8211; \u00een anii copil\u0103riei (Premiul I), &#8221;Mihail Jora&#8221; Bucure\u0219ti (premiu special), Konzerteum &#8211; Grecia (Premiul III), Ferdi&amp;Lili Statzer &#8211; Istanbul, Turcia (unde a c\u00e2\u0219tigat \u0219i Premiul &#8221;Vedat Kosal&#8221;). A \u00eenceput o carier\u0103 solistic\u0103, fiind prezent\u0103 pe scene din Italia, Rom\u00e2nia, Elve\u021bia, Croa\u021bia, Slovacia, Belgia, Lituania, Turcia, Spania, Germania.&lt;br \/&gt; &lt;br \/&gt; \u00cen perioada 2000-2005 a participat cu recitaluri solo, concerte sau \u00eempreun\u0103 cu muzicieni de marc\u0103 la festivaluri de muzic\u0103 precum: Pazailis Music Festival- Lituania, Festivalul &#8220;W.A. Mozart&#8221; (Opera Bra\u0219ov), Marile Serate Muzicale ale Bucure\u0219tiului, Festivalul Operelor Independente Ia\u0219i, Festivalul Na\u021bional de Teatru Bucure\u0219ti, Festivalul Gloria Domini, Fesivalul FIE Ia\u0219i, Gala Proms of Delight &#8211; Edi\u021bia de Pa\u0219te 2007, care a avut loc la Ateneul Rom\u00e2n, Festivalul de Teatru de la Sibiu &#8211; Capital\u0103 European\u0103, unde a luat parte la o serat\u0103 de muzic\u0103 \u0219i dramaturgie al\u0103turi de mari nume ale scenei: Ion Caramitru, Richard McCabe, William Nadylam, Piotr Adamczyk, George Banu, potrivit &lt;a href=&#8221;https:\/\/www.facebook.com\/filarmonicaploiesti\/&#8221; target=&#8221;_blank&#8221;&gt;https:\/\/www.facebook.com\/filarmonicaploiesti\/&lt;\/a&gt;.&lt;\/p&gt; &lt;p&gt;\u00cen Rom\u00e2nia a c\u00e2ntat cu cea mai mare parte a orchestrelor filarmonice na\u021bionale: Bucure\u0219ti (Orchestra Na\u021bional\u0103 Radio, Bucharest Symphonic Pops, Orchestra medicilor), Ploie\u0219ti, Arad, Cluj, Ia\u0219i, Timi\u0219oara, Bac\u0103u, Boto\u0219ani, Sibiu, Tg. Mure\u0219, Constan\u021ba, T\u00e2rgovi\u0219te, Gala\u021bi, Craiova, Satu Mare etc. A c\u00e2ntat sub bagheta unor renumi\u021bi dirijori, precum JF Antonioli (Elve\u021bia), Ramiro Arista, Mihail Agafi\u021ba, Ovidiu B\u0103lan, Valentin Doni, Mika Eichenholz (Suedia), I.Ionescu-Gala\u021bi, Ladislau-Petru Horvath (Italia), Marius Hristescu, Koichi Inoue (Japonia), Walter Hilgers (Germania), Sabin Pautza, I.I.Prunner, Gottfried Rabl (Austria), Petre Sb\u00e2rcea, Tiberiu Soare, Winston Dan Vogel (USA), Theo Wolters ( Olanda) \u0219.a. A concertat \u00een s\u0103li importante precum Sala Puccini (Conservatorio &#8221;G.Verdi&#8221; Milano), Teatro San Babila, Ateneul Rom\u00e2n, Sala Radio, Sala Thalia, Opera Bra\u0219ov etc.&lt;br \/&gt; &lt;br \/&gt; Din 2007 pianista Ioana Maria Lupa\u0219cu este solist\u0103 concertist\u0103 a Filarmonicii &#8221;Paul Constantinescu&#8221; din Ploie\u0219ti.&lt;br \/&gt; &lt;br \/&gt; \u00cen 2007 a lansat CD-ul &#8221;Live Piano Solo&#8221; (Ed. Libris), urmat de &#8221;Piano Recital&#8221; \u00een 2009 (Ed. Casa Radio &#8211; Radiodifuziunea Rom\u00e2n\u0103). \u00cen 2011 interpreteaz\u0103 coloana sonor\u0103 a documentarului de televiziune &#8221;O lacrim\u0103 de&#8230; celuloid&#8230;&#8221;. A fost invitat\u0103, \u00een 2008, de Societa dei Concerti s\u0103 deschid\u0103 stagiunea de recitaluri din Sala Puccini a Conservatorului &#8221;G. Verdi&#8221; Milano \u0219i \u00een acela\u0219i an a lansat primul s\u0103u roman autobiografic, &#8221;Prin\u021bul Baghetei&#8221; (Editura MeteorPress).&lt;\/p&gt; &lt;p&gt;Ioana Maria Lupa\u0219cu a \u00eenceput \u00een anul 2011, colaborarea cu actri\u021ba Daniela Nane \u00eentr-o serie de spectacolele de muzic\u0103 \u0219i poezie. \u00cen decembrie 2012 a fost invitat\u0103, al\u0103turi de violoni\u0219tii Romel &amp; Victoria Joseph, s\u0103 sus\u021bin\u0103 un recital la sediul Na\u021biunilor Unite din Geneva pentru Ziua interna\u021bional\u0103 a drepturilor omului. \u00cen 2014 colaboreaz\u0103 cu contratenorul Cezar Ouatu \u00een spectacolul &#8221;Bijuterii muzicale&#8221;, cu piese pornind de la repertoriul baroc \u0219i ajung\u00e2nd la canzonette, \u0219i \u00een acela\u0219i an a luat na\u0219tere proiectul s\u0103u PianoTango, concerte compuse din muzic\u0103 de film \u0219i tangouri pentru pian \u0219i diferite forma\u021bii.&lt;br \/&gt; &lt;br \/&gt; \u00cen stagiunea 2016-2017 a dezvoltat o serie de concerte \u00een colaborare cu Opera Comic\u0103 pentru Copii: &#8221;Armonii de toamn\u0103&#8221;, &#8221;Armonii de iarn\u0103&#8221;, &#8221;Armonii de prim\u0103var\u0103&#8221; \u0219i &#8221;Armonii de var\u0103&#8221; \u0219i a sus\u021binut o serie de mare succes de concerte-lec\u021bie pentru copii. \u00cen 2017 a fost invitat\u0103 de Cvartetul Gaudeamus s\u0103 serbeze \u00eempreun\u0103 30 de ani de activitate ai cvartetului \u00eentr-o serie de concerte.&lt;br \/&gt; &lt;br \/&gt; La 25 octombrie 2017, a sus\u021binut un recital cu ocazia vernisajului expozi\u021biei &#8220;Familia regal\u0103 a Rom\u00e2niei pe frontul Marelui R\u0103zboi (1916-1918)&#8221;, la Muzeul Na\u021bional Cotroceni. La 6 decembrie 2018, a participat, al\u0103turi de al\u021bi arti\u0219ti care au reprezentat de-a lungul timpului \u021bara pe marile scene ale lumii, la concertul extraordinar &#8220;Rom\u00e2ne\u0219te&#8221;, dedicat Centenarului Marii Uniri \u0219i care a avut loc pe scena Operei Na\u021bionale Bucure\u0219ti, dup\u0103 cum a publicat &lt;a href=&#8221;http:\/\/www.agerpres.ro\/documentare\/2022\/09\/19\/o-personalitate-pe-zi-pianista-ioana-maria-lupascu&#8211;980845&#8243;&gt;AGERPRES&lt;\/a&gt;.&lt;\/p&gt; &lt;p&gt;&lt;span style=&#8221;font-weight: bold; font-style: italic;&#8221;&gt;Dumnezeu s\u0103 o odihneasc\u0103 \u00een pace! &lt;\/span&gt;&lt;\/p&gt; &lt;p&gt;&lt;span style=&#8221;font-weight: bold;&#8221;&gt;VIDEO de la unul dintre ultimele concerte &#8211; la&nbsp; Ateneul Rom\u00e2n &#8211; Gala Bucuria Vindec\u0103rii 2023:&lt;span style=&#8221;font-style: italic;&#8221;&gt;&lt;\/span&gt;&lt;\/span&gt;&lt;br \/&gt; &lt;iframe src=&#8221;https:\/\/www.youtube.com\/embed\/zPlQSdrJGVc?si=0FV3SNNHsC1iS97k&#8221; title=&#8221;YouTube video player&#8221; allow=&#8221;accelerometer; autoplay; clipboard-write; encrypted-media; gyroscope; picture-in-picture; web-share&#8221; allowfullscreen=&#8221;&#8221; width=&#8221;560&#8243; height=&#8221;315&#8243; frameborder=&#8221;0&#8243;&gt;&lt;\/iframe&gt;&lt;\/p&gt;<\/div>\n<p>[analyse_source url=&#8221;https:\/\/www.activenews.ro\/stiri\/Marea-artista-Ioana-Maria-Lupascu-19-septembrie-1977-31-august-2023-PORTRET-DE-LUPTATOARE-184064&#8243;]<\/p>\n","protected":false},"excerpt":{"rendered":"<p>[analyse_image type=&#8221;featured&#8221; src=&#8221;https:\/\/www.activenews.ro\/images\/articole\/184064.jpg&#8221;] &lt;p&gt;&lt;span style=&#8221;font-weight: bold;&#8221;&gt;Pianista &lt;a href=&#8221;http:\/\/www.facebook.com\/ioanalupascu&#8221;&gt;Ioana Maria Lupa\u0219cu&lt;\/a&gt;, n\u0103scut\u0103 pe 19 septembrie 1977, la Br\u0103il\u0103. a &lt;a href=&#8221;http:\/\/www.activenews.ro\/opinii\/Ioana-Maria-Lupascu-probabil-cea-mai-mare-pianista-ridicata-de-pe-aceste-meleaguri-a-plecat-la-Domnul-184051&#8243;&gt;plecat la ceruri&lt;\/a&gt; \u00een urm\u0103 cu doi ani, chiar de ziua &lt;a href=&#8221;http:\/\/www.activenews.ro\/cultura\/31-august-Punerea-in-racla-a-Braului-Maicii-Domnului-63460&#8243;&gt;punerii \u00een racl\u0103 a Br\u00e2ului Maicii Domnului&lt;\/a&gt;, pe 31 august 2023, cu pu\u021bin timp \u00eenainte de a \u00eemplini 46 de ani. Ast\u0103zi ar fi [&hellip;]<\/p>\n","protected":false},"author":1,"featured_media":0,"comment_status":"open","ping_status":"","sticky":false,"template":"","format":"standard","meta":{"footnotes":""},"categories":[89],"tags":[98,226],"class_list":["post-2121831","post","type-post","status-publish","format-standard","hentry","category-romania","tag-activenews-ro","tag-crawlmanager"],"_links":{"self":[{"href":"https:\/\/analyse.optim.biz\/index.php?rest_route=\/wp\/v2\/posts\/2121831","targetHints":{"allow":["GET"]}}],"collection":[{"href":"https:\/\/analyse.optim.biz\/index.php?rest_route=\/wp\/v2\/posts"}],"about":[{"href":"https:\/\/analyse.optim.biz\/index.php?rest_route=\/wp\/v2\/types\/post"}],"author":[{"embeddable":true,"href":"https:\/\/analyse.optim.biz\/index.php?rest_route=\/wp\/v2\/users\/1"}],"replies":[{"embeddable":true,"href":"https:\/\/analyse.optim.biz\/index.php?rest_route=%2Fwp%2Fv2%2Fcomments&post=2121831"}],"version-history":[{"count":0,"href":"https:\/\/analyse.optim.biz\/index.php?rest_route=\/wp\/v2\/posts\/2121831\/revisions"}],"wp:attachment":[{"href":"https:\/\/analyse.optim.biz\/index.php?rest_route=%2Fwp%2Fv2%2Fmedia&parent=2121831"}],"wp:term":[{"taxonomy":"category","embeddable":true,"href":"https:\/\/analyse.optim.biz\/index.php?rest_route=%2Fwp%2Fv2%2Fcategories&post=2121831"},{"taxonomy":"post_tag","embeddable":true,"href":"https:\/\/analyse.optim.biz\/index.php?rest_route=%2Fwp%2Fv2%2Ftags&post=2121831"}],"curies":[{"name":"wp","href":"https:\/\/api.w.org\/{rel}","templated":true}]}}