{"id":2121805,"date":"2026-09-01T06:27:46","date_gmt":"2026-09-01T03:27:46","guid":{"rendered":"https:\/\/analyse.optim.biz\/?p=2121805"},"modified":"2026-09-01T06:27:46","modified_gmt":"2026-09-01T03:27:46","slug":"jucarii-din-panusi-impletite-ca-odinioara-atelier-pentru-copii-la-muzeul-vergu-manaila","status":"publish","type":"post","link":"https:\/\/analyse.optim.biz\/?p=2121805","title":{"rendered":"Juc\u0103rii din p\u0103nu\u0219i, \u00eempletite ca odinioar\u0103. Atelier pentru copii, la Muzeul \u201eVergu-M\u0103n\u0103il\u0103\u201d"},"content":{"rendered":"<p>[analyse_image type=&#8221;featured&#8221; src=&#8221;https:\/\/sansanews.ro\/wp-content\/uploads\/2026\/08\/785282701_1096339296262921_2337827324911681922_n.jpghttps:\/\/sansanews.ro\/wp-content\/uploads\/2026\/08\/785282701_1096339296262921_2337827324911681922_n.jpg&#8221;]<\/p>\n<div class=\"entry-content herald-entry-content\">\n<div class=\"herald-ad herald-ad-above-single\"><a href=\"https:\/\/buzau.21k.ro\/\"><img loading=\"lazy\" decoding=\"async\" src=\"https:\/\/sansanews.ro\/wp-content\/uploads\/2026\/08\/300x300-k21.gif\" alt width=\"300\" height=\"300\" class=\"aligncenter size-full wp-image-124436\"><\/a><\/div>\n<p>O \u00eendeletnicire tradi\u021bional\u0103 este readus\u0103 \u00een aten\u021bia celor mici, la Buz\u0103u. Este vorba despre un atelier de \u00eempletit juc\u0103rii din p\u0103nu\u0219i prin care reprezentan\u021bii Muzeului de Etnografie \u201eVergu-M\u0103n\u0103il\u0103\u201d \u0219i-au propus s\u0103 transmit\u0103 c\u0103tre tinerele genera\u021bii me\u0219te\u0219uguri, \u00eendeletniciri pe care ast\u0103zi nu le mai g\u0103sim.<\/p>\n<div class=\"wp-block-image\">\n<figure class=\"alignright is-resized\"><img loading=\"lazy\" decoding=\"async\" src=\"https:\/\/sansanews.ro\/wp-content\/uploads\/2026\/08\/788765204_1096338936262957_633855523852681608_n-792x1024.jpg\" alt class=\"wp-image-125626\" width=\"210\" height=\"272\"><\/figure>\n<\/div>\n<blockquote class=\"wp-block-quote\">\n<p>\u201dAcest atelier face parte dintr-o serie de mai multe ateliere ne\u0219tesug\u0103re\u0219ti\u00a0pe care muzeul nostru le organizeaz\u0103 deja de c\u00e2\u021biva ani\u00a0la Muzeul de Etnografie Vergul M\u0103n\u0103il\u0103 din municipiu Buz\u0103u. Dac\u0103 ne referim la \u00eempletitul p\u0103nu\u0219ilor de porumb este un me\u0219te\u0219ug asociat tradi\u021biei rurale prin care foile uscate, care \u00eenvelesc \u0219tiuletele, sunt \u00eempletite sau r\u0103sucite. Trebuie spus c\u0103, \u00een gospod\u0103ria tradi\u021bional\u0103 rom\u00e2neasc\u0103, tehnica avea dou\u0103 utiliz\u0103ri principale, \u0219i anume aceea de legare a \u0219tiule\u021bilor \u00een cununi sau \u0219iruri pentru uscare \u0219i p\u0103strare, dar era folosit\u0103 \u0219i pentru confec\u021bionarea unor obiecte din p\u0103nu\u0219i, \u00eempletituri decorative, p\u0103pu\u0219i pentru scop de joac\u0103, dar \u0219i pentru obiecte cu real\u0103 utilizare func\u021bional\u0103. \u0218i aici ne referim la unele tipuri de rogo\u0219ini din dimensiuni mai mici, co\u0219ule\u021be pentru c\u0103rat diverse obiecte de u\u0219oare \u00een gospod\u0103rie, pentru depozitat unele ustensile, \u00een general legate tot de diferite preocup\u0103ri casnice, pentru pus furcile de tors, pentru \u021binut gemurile de l\u00e2n\u0103 \u0219i tot a\u0219a\u201d, a spus Daniel Costache, directorul Muzeului Jude\u021bean Buz\u0103u.<\/p>\n<\/blockquote>\n<p>Atelierul este destinat copiilor cu v\u00e2rsta de peste 7 ani \u0219i<br \/>\nva fi organizat pe 12 septembrie. <\/p>\n<blockquote class=\"wp-block-quote\">\n<p>\u201dAtelierul \u00eencepe la ora 11:00, dureaz\u0103 \u00eentre 60 \u0219i 90 de minute, iar v\u00e2rsta minim\u0103 de participare este 7 ani. Workshopul este organizat \u00een parteneriat cu Asocia\u021bia Me\u0219terilor Populari \u0219i Arti\u0219tilor Buz\u0103u\u201d, anun\u021b\u0103 reprezentan\u021bii Muzeului Vergu M\u0103n\u0103il\u0103.<\/p>\n<\/blockquote>\n<div class=\"wp-block-image\">\n<figure class=\"alignleft is-resized\"><img loading=\"lazy\" decoding=\"async\" src=\"https:\/\/sansanews.ro\/wp-content\/uploads\/2026\/08\/788816596_1096339212929596_3081870801946930081_n-1024x985.jpg\" alt class=\"wp-image-125627\" width=\"284\" height=\"273\"><\/figure>\n<\/div>\n<p>Participarea este gratuit\u0103, iar reprezentan\u021bii Muzeului<br \/>\nJude\u021bean anun\u021b\u0103 c\u0103 pe parcursul anului mai organizeaz\u0103 \u0219i alte ateliere<br \/>\ntematice.<\/p>\n<blockquote class=\"wp-block-quote\">\n<p>\u201dDe-a lungul anului, noi, \u00een colaborare cu AMPA Buz\u0103u, oferim posibilitatea de participare gratuit\u0103 la ateliere de ticotat, de \u021besut, de confec\u021biunea m\u0103r\u021bi\u0219oare, de \u00eencundeiat ou\u0103 \u0219i de modelaj \u00een lut \u0219i ol\u0103ri, de confec\u021bionat opinci, tuturor celor care sunt interesa\u021bi s\u0103 vad\u0103, s\u0103 cunoasc\u0103, de ce nu, duc\u0103 mai departe \u0219i s\u0103 intre \u00een r\u00e2ndul nostru \u0219ugarilor \u0219i artizanilor populari aceste \u00eendeletniciri, aceste preocup\u0103ri casnice ale \u00eenainta\u0219ilor nostri\u201d, a anun\u021bat Daniel Costache.<\/p>\n<\/blockquote>\n<p>Detalii privind condi\u021biile de participare sunt pe pagina de <a href=\"http:\/\/&lt;iframe%20src=%22https\/\/www.facebook.com\/plugins\/post.php?href=https%3A%2F%2Fwww.facebook.com%2Fpermalink.php%3Fstory_fbid%3Dpfbid06SF8mArYxQuwMfxWWuuUWg2FiENVwMRNdQADTWPg6YzKMuAqxmy31BMMNvDdrrP2l%26id%3D100076605837230&amp;show_text=true&amp;width=500%22%20width=%22500%22%20height=%22773%22%20style=%22border:none;overflow:hidden%22%20scrolling=%22no%22%20frameborder=%220%22%20allowfullscreen=%22true%22%20allow=%22autoplay;%20clipboard-write;%20encrypted-media;%20picture-in-picture;%20web-share%22%3E%3C\/iframe%3E\">Facebook<\/a> a Muzeului Jude\u021bean Buz\u0103u.<\/p>\n<div class=\"meta-tags\"><span>Etichete<\/span><a href=\"https:\/\/sansanews.ro\/tag\/atelier-muzeu\/\" rel=\"tag\">atelier muzeu<\/a><a href=\"https:\/\/sansanews.ro\/tag\/atelier-panusi\/\" rel=\"tag\">atelier panusi<\/a><a href=\"https:\/\/sansanews.ro\/tag\/muzeul-judetean-buzau\/\" rel=\"tag\">muzeul judetean buzau<\/a><\/div>\n<div class=\"herald-share-content\">\n<div class=\"meks_ess rectangle no-labels outline\"><a class=\"meks_ess-item socicon-facebook\" data-url=\"http:\/\/www.facebook.com\/sharer\/sharer.php?u=https%3A%2F%2Fsansanews.ro%2Fjucarii-din-panusi-impletite-ca-odinioara-atelier-pentru-copii-la-muzeul-vergu-manaila%2F&amp;t=Juc%C4%83rii%20din%20p%C4%83nu%C8%99i%2C%20%C3%AEmpletite%20ca%20odinioar%C4%83.%20Atelier%20pentru%20copii%2C%20la%20Muzeul%20%E2%80%9EVergu-M%C4%83n%C4%83il%C4%83%E2%80%9D\"><span>Facebook<\/span><\/a><a href=\"https:\/\/api.whatsapp.com\/send?text=Juc%C4%83rii%20din%20p%C4%83nu%C8%99i%2C%20%C3%AEmpletite%20ca%20odinioar%C4%83.%20Atelier%20pentru%20copii%2C%20la%20Muzeul%20%E2%80%9EVergu-M%C4%83n%C4%83il%C4%83%E2%80%9D%20https%3A%2F%2Fsansanews.ro%2Fjucarii-din-panusi-impletite-ca-odinioara-atelier-pentru-copii-la-muzeul-vergu-manaila%2F\" class=\"meks_ess-item socicon-whatsapp prevent-share-popup\"><span>WhatsApp<\/span><\/a><a class=\"meks_ess-item socicon-twitter\" data-url=\"http:\/\/twitter.com\/intent\/tweet?url=https%3A%2F%2Fsansanews.ro%2Fjucarii-din-panusi-impletite-ca-odinioara-atelier-pentru-copii-la-muzeul-vergu-manaila%2F&amp;text=Juc%C4%83rii%20din%20p%C4%83nu%C8%99i%2C%20%C3%AEmpletite%20ca%20odinioar%C4%83.%20Atelier%20pentru%20copii%2C%20la%20Muzeul%20%E2%80%9EVergu-M%C4%83n%C4%83il%C4%83%E2%80%9D\"><span>Twitter<\/span><\/a><a class=\"meks_ess-item socicon-pinterest\" data-url=\"http:\/\/pinterest.com\/pin\/create\/button\/?url=https%3A%2F%2Fsansanews.ro%2Fjucarii-din-panusi-impletite-ca-odinioara-atelier-pentru-copii-la-muzeul-vergu-manaila%2F&amp;media=https%3A%2F%2Fsansanews.ro%2Fwp-content%2Fuploads%2F2026%2F08%2F785282701_1096339296262921_2337827324911681922_n.jpg&amp;description=Juc%C4%83rii%20din%20p%C4%83nu%C8%99i%2C%20%C3%AEmpletite%20ca%20odinioar%C4%83.%20Atelier%20pentru%20copii%2C%20la%20Muzeul%20%E2%80%9EVergu-M%C4%83n%C4%83il%C4%83%E2%80%9D\"><span>Pinterest<\/span><\/a><\/div>\n<\/div>\n<\/div>\n<div class=\"entry-content herald-entry-content\">\n<div class=\"herald-ad herald-ad-above-single\"><a href=\"https:\/\/buzau.21k.ro\/\"><img loading=\"lazy\" decoding=\"async\" src=\"https:\/\/sansanews.ro\/wp-content\/uploads\/2026\/08\/300x300-k21.gif\" alt width=\"300\" height=\"300\" class=\"aligncenter size-full wp-image-124436\"><\/a><\/div>\n<p>O \u00eendeletnicire tradi\u021bional\u0103 este readus\u0103 \u00een aten\u021bia celor mici, la Buz\u0103u. Este vorba despre un atelier de \u00eempletit juc\u0103rii din p\u0103nu\u0219i prin care reprezentan\u021bii Muzeului de Etnografie \u201eVergu-M\u0103n\u0103il\u0103\u201d \u0219i-au propus s\u0103 transmit\u0103 c\u0103tre tinerele genera\u021bii me\u0219te\u0219uguri, \u00eendeletniciri pe care ast\u0103zi nu le mai g\u0103sim.<\/p>\n<div class=\"wp-block-image\">\n<figure class=\"alignright is-resized\"><img loading=\"lazy\" decoding=\"async\" src=\"https:\/\/sansanews.ro\/wp-content\/uploads\/2026\/08\/788765204_1096338936262957_633855523852681608_n-792x1024.jpg\" alt class=\"wp-image-125626\" width=\"210\" height=\"272\"><\/figure>\n<\/div>\n<blockquote class=\"wp-block-quote\">\n<p>\u201dAcest atelier face parte dintr-o serie de mai multe ateliere ne\u0219tesug\u0103re\u0219ti\u00a0pe care muzeul nostru le organizeaz\u0103 deja de c\u00e2\u021biva ani\u00a0la Muzeul de Etnografie Vergul M\u0103n\u0103il\u0103 din municipiu Buz\u0103u. Dac\u0103 ne referim la \u00eempletitul p\u0103nu\u0219ilor de porumb este un me\u0219te\u0219ug asociat tradi\u021biei rurale prin care foile uscate, care \u00eenvelesc \u0219tiuletele, sunt \u00eempletite sau r\u0103sucite. Trebuie spus c\u0103, \u00een gospod\u0103ria tradi\u021bional\u0103 rom\u00e2neasc\u0103, tehnica avea dou\u0103 utiliz\u0103ri principale, \u0219i anume aceea de legare a \u0219tiule\u021bilor \u00een cununi sau \u0219iruri pentru uscare \u0219i p\u0103strare, dar era folosit\u0103 \u0219i pentru confec\u021bionarea unor obiecte din p\u0103nu\u0219i, \u00eempletituri decorative, p\u0103pu\u0219i pentru scop de joac\u0103, dar \u0219i pentru obiecte cu real\u0103 utilizare func\u021bional\u0103. \u0218i aici ne referim la unele tipuri de rogo\u0219ini din dimensiuni mai mici, co\u0219ule\u021be pentru c\u0103rat diverse obiecte de u\u0219oare \u00een gospod\u0103rie, pentru depozitat unele ustensile, \u00een general legate tot de diferite preocup\u0103ri casnice, pentru pus furcile de tors, pentru \u021binut gemurile de l\u00e2n\u0103 \u0219i tot a\u0219a\u201d, a spus Daniel Costache, directorul Muzeului Jude\u021bean Buz\u0103u.<\/p>\n<\/blockquote>\n<p>Atelierul este destinat copiilor cu v\u00e2rsta de peste 7 ani \u0219i<br \/>\nva fi organizat pe 12 septembrie. <\/p>\n<blockquote class=\"wp-block-quote\">\n<p>\u201dAtelierul \u00eencepe la ora 11:00, dureaz\u0103 \u00eentre 60 \u0219i 90 de minute, iar v\u00e2rsta minim\u0103 de participare este 7 ani. Workshopul este organizat \u00een parteneriat cu Asocia\u021bia Me\u0219terilor Populari \u0219i Arti\u0219tilor Buz\u0103u\u201d, anun\u021b\u0103 reprezentan\u021bii Muzeului Vergu M\u0103n\u0103il\u0103.<\/p>\n<\/blockquote>\n<div class=\"wp-block-image\">\n<figure class=\"alignleft is-resized\"><img loading=\"lazy\" decoding=\"async\" src=\"https:\/\/sansanews.ro\/wp-content\/uploads\/2026\/08\/788816596_1096339212929596_3081870801946930081_n-1024x985.jpg\" alt class=\"wp-image-125627\" width=\"284\" height=\"273\"><\/figure>\n<\/div>\n<p>Participarea este gratuit\u0103, iar reprezentan\u021bii Muzeului<br \/>\nJude\u021bean anun\u021b\u0103 c\u0103 pe parcursul anului mai organizeaz\u0103 \u0219i alte ateliere<br \/>\ntematice.<\/p>\n<blockquote class=\"wp-block-quote\">\n<p>\u201dDe-a lungul anului, noi, \u00een colaborare cu AMPA Buz\u0103u, oferim posibilitatea de participare gratuit\u0103 la ateliere de ticotat, de \u021besut, de confec\u021biunea m\u0103r\u021bi\u0219oare, de \u00eencundeiat ou\u0103 \u0219i de modelaj \u00een lut \u0219i ol\u0103ri, de confec\u021bionat opinci, tuturor celor care sunt interesa\u021bi s\u0103 vad\u0103, s\u0103 cunoasc\u0103, de ce nu, duc\u0103 mai departe \u0219i s\u0103 intre \u00een r\u00e2ndul nostru \u0219ugarilor \u0219i artizanilor populari aceste \u00eendeletniciri, aceste preocup\u0103ri casnice ale \u00eenainta\u0219ilor nostri\u201d, a anun\u021bat Daniel Costache.<\/p>\n<\/blockquote>\n<p>Detalii privind condi\u021biile de participare sunt pe pagina de <a href=\"http:\/\/&lt;iframe%20src=%22https\/\/www.facebook.com\/plugins\/post.php?href=https%3A%2F%2Fwww.facebook.com%2Fpermalink.php%3Fstory_fbid%3Dpfbid06SF8mArYxQuwMfxWWuuUWg2FiENVwMRNdQADTWPg6YzKMuAqxmy31BMMNvDdrrP2l%26id%3D100076605837230&amp;show_text=true&amp;width=500%22%20width=%22500%22%20height=%22773%22%20style=%22border:none;overflow:hidden%22%20scrolling=%22no%22%20frameborder=%220%22%20allowfullscreen=%22true%22%20allow=%22autoplay;%20clipboard-write;%20encrypted-media;%20picture-in-picture;%20web-share%22%3E%3C\/iframe%3E\">Facebook<\/a> a Muzeului Jude\u021bean Buz\u0103u.<\/p>\n<div class=\"meta-tags\"><span>Etichete<\/span><a href=\"https:\/\/sansanews.ro\/tag\/atelier-muzeu\/\" rel=\"tag\">atelier muzeu<\/a><a href=\"https:\/\/sansanews.ro\/tag\/atelier-panusi\/\" rel=\"tag\">atelier panusi<\/a><a href=\"https:\/\/sansanews.ro\/tag\/muzeul-judetean-buzau\/\" rel=\"tag\">muzeul judetean buzau<\/a><\/div>\n<div class=\"herald-share-content\">\n<div class=\"meks_ess rectangle no-labels outline\"><a class=\"meks_ess-item socicon-facebook\" data-url=\"http:\/\/www.facebook.com\/sharer\/sharer.php?u=https%3A%2F%2Fsansanews.ro%2Fjucarii-din-panusi-impletite-ca-odinioara-atelier-pentru-copii-la-muzeul-vergu-manaila%2F&amp;t=Juc%C4%83rii%20din%20p%C4%83nu%C8%99i%2C%20%C3%AEmpletite%20ca%20odinioar%C4%83.%20Atelier%20pentru%20copii%2C%20la%20Muzeul%20%E2%80%9EVergu-M%C4%83n%C4%83il%C4%83%E2%80%9D\"><span>Facebook<\/span><\/a><a href=\"https:\/\/api.whatsapp.com\/send?text=Juc%C4%83rii%20din%20p%C4%83nu%C8%99i%2C%20%C3%AEmpletite%20ca%20odinioar%C4%83.%20Atelier%20pentru%20copii%2C%20la%20Muzeul%20%E2%80%9EVergu-M%C4%83n%C4%83il%C4%83%E2%80%9D%20https%3A%2F%2Fsansanews.ro%2Fjucarii-din-panusi-impletite-ca-odinioara-atelier-pentru-copii-la-muzeul-vergu-manaila%2F\" class=\"meks_ess-item socicon-whatsapp prevent-share-popup\"><span>WhatsApp<\/span><\/a><a class=\"meks_ess-item socicon-twitter\" data-url=\"http:\/\/twitter.com\/intent\/tweet?url=https%3A%2F%2Fsansanews.ro%2Fjucarii-din-panusi-impletite-ca-odinioara-atelier-pentru-copii-la-muzeul-vergu-manaila%2F&amp;text=Juc%C4%83rii%20din%20p%C4%83nu%C8%99i%2C%20%C3%AEmpletite%20ca%20odinioar%C4%83.%20Atelier%20pentru%20copii%2C%20la%20Muzeul%20%E2%80%9EVergu-M%C4%83n%C4%83il%C4%83%E2%80%9D\"><span>Twitter<\/span><\/a><a class=\"meks_ess-item socicon-pinterest\" data-url=\"http:\/\/pinterest.com\/pin\/create\/button\/?url=https%3A%2F%2Fsansanews.ro%2Fjucarii-din-panusi-impletite-ca-odinioara-atelier-pentru-copii-la-muzeul-vergu-manaila%2F&amp;media=https%3A%2F%2Fsansanews.ro%2Fwp-content%2Fuploads%2F2026%2F08%2F785282701_1096339296262921_2337827324911681922_n.jpg&amp;description=Juc%C4%83rii%20din%20p%C4%83nu%C8%99i%2C%20%C3%AEmpletite%20ca%20odinioar%C4%83.%20Atelier%20pentru%20copii%2C%20la%20Muzeul%20%E2%80%9EVergu-M%C4%83n%C4%83il%C4%83%E2%80%9D\"><span>Pinterest<\/span><\/a><\/div>\n<\/div>\n<\/div>\n<p>[analyse_source url=&#8221;https:\/\/sansanews.ro\/jucarii-din-panusi-impletite-ca-odinioara-atelier-pentru-copii-la-muzeul-vergu-manaila\/&#8221;]<\/p>\n","protected":false},"excerpt":{"rendered":"<p>[analyse_image type=&#8221;featured&#8221; src=&#8221;https:\/\/sansanews.ro\/wp-content\/uploads\/2026\/08\/785282701_1096339296262921_2337827324911681922_n.jpghttps:\/\/sansanews.ro\/wp-content\/uploads\/2026\/08\/785282701_1096339296262921_2337827324911681922_n.jpg&#8221;] O \u00eendeletnicire tradi\u021bional\u0103 este readus\u0103 \u00een aten\u021bia celor mici, la Buz\u0103u. Este vorba despre un atelier de \u00eempletit juc\u0103rii din p\u0103nu\u0219i prin care reprezentan\u021bii Muzeului de Etnografie \u201eVergu-M\u0103n\u0103il\u0103\u201d \u0219i-au propus s\u0103 transmit\u0103 c\u0103tre tinerele genera\u021bii me\u0219te\u0219uguri, \u00eendeletniciri pe care ast\u0103zi nu le mai g\u0103sim. \u201dAcest atelier face parte dintr-o serie de mai [&hellip;]<\/p>\n","protected":false},"author":1,"featured_media":0,"comment_status":"open","ping_status":"","sticky":false,"template":"","format":"standard","meta":{"footnotes":""},"categories":[2],"tags":[226,51],"class_list":["post-2121805","post","type-post","status-publish","format-standard","hentry","category-politics","tag-crawlmanager","tag-sansanews-ro"],"_links":{"self":[{"href":"https:\/\/analyse.optim.biz\/index.php?rest_route=\/wp\/v2\/posts\/2121805","targetHints":{"allow":["GET"]}}],"collection":[{"href":"https:\/\/analyse.optim.biz\/index.php?rest_route=\/wp\/v2\/posts"}],"about":[{"href":"https:\/\/analyse.optim.biz\/index.php?rest_route=\/wp\/v2\/types\/post"}],"author":[{"embeddable":true,"href":"https:\/\/analyse.optim.biz\/index.php?rest_route=\/wp\/v2\/users\/1"}],"replies":[{"embeddable":true,"href":"https:\/\/analyse.optim.biz\/index.php?rest_route=%2Fwp%2Fv2%2Fcomments&post=2121805"}],"version-history":[{"count":0,"href":"https:\/\/analyse.optim.biz\/index.php?rest_route=\/wp\/v2\/posts\/2121805\/revisions"}],"wp:attachment":[{"href":"https:\/\/analyse.optim.biz\/index.php?rest_route=%2Fwp%2Fv2%2Fmedia&parent=2121805"}],"wp:term":[{"taxonomy":"category","embeddable":true,"href":"https:\/\/analyse.optim.biz\/index.php?rest_route=%2Fwp%2Fv2%2Fcategories&post=2121805"},{"taxonomy":"post_tag","embeddable":true,"href":"https:\/\/analyse.optim.biz\/index.php?rest_route=%2Fwp%2Fv2%2Ftags&post=2121805"}],"curies":[{"name":"wp","href":"https:\/\/api.w.org\/{rel}","templated":true}]}}