{"id":212179,"date":"2014-02-17T15:21:54","date_gmt":"2014-02-17T12:21:54","guid":{"rendered":"https:\/\/analyse.optim.biz\/?p=212179"},"modified":"2014-02-17T15:21:54","modified_gmt":"2014-02-17T12:21:54","slug":"pdl-va-depune-o-motiune-simpla-impotriva-lui-dragnea-si-o-alta-impotriva-lui-sova","status":"publish","type":"post","link":"https:\/\/analyse.optim.biz\/?p=212179","title":{"rendered":"PDL va depune o mo\u0163iune simpl\u0103 \u00eempotriva lui Dragnea \u015fi o alta \u00eempotriva lui \u015eova"},"content":{"rendered":"<div class=\"entry data-app-meta data-app-meta-article\" data-embed-base-url-canonical=\"https:\/\/www.digi24.ro\/embed\/stiri\/actualitate\/politica\/pdl-va-depune-o-motiune-simpla-impotriva-lui-dragnea-si-o-alta-impotriva-lui-sova-201581\">\n<p data-index=\"1\"><img decoding=\"async\" src=\"https:\/\/analyse.optim.biz\/wp-content\/uploads\/2024\/09\/cgcmdz04mdamagfzad1iodq4mdrizjninti3n2e2zji4nwm4ywm5yzcxzji5zq-thumb_.jpg\" data-skip-htmlfix=\"1\" title=\"cgcmdz04mdamagfzad1iodq4mdrizjninti3n2e2zji4nwm4ywm5yzcxzji5zq-thumb_\"><\/p>\n<p data-index=\"2\">Anun\u0163ul a fost f\u0103cut luni de c\u0103tre prim-vicepre\u015fedintele C\u0103t\u0103lin Predoiu.<\/p>\n<p data-index=\"3\">\u201eAm luat decizia s\u0103 depunem o mo\u0163iune simpl\u0103 \u00eempotriva vicepremierului Liviu Dragnea pentru c\u0103 a redactat defectuos, neconstitu\u0163ional, proiectul privind descentralizarea administrativ\u0103. De asemenea, vom depune din nou o mo\u0163iune \u00eempotriva mini\u015ftrului \u015eova pentru modul defectuos \u00een care a organizat procesul de desz\u0103pezire a drumurilor \u015fi \u015foselelor\u201d, a precizat Predoiu dup\u0103 \u015fedin\u0163a BPN al PDL.<\/p>\n<\/div>\n<p> Source URL: https:\/\/www.digi24.ro\/stiri\/actualitate\/politica\/pdl-va-depune-o-motiune-simpla-impotriva-lui-dragnea-si-o-alta-impotriva-lui-sova-201581<\/p>\n","protected":false},"excerpt":{"rendered":"<p>Anun\u0163ul a fost f\u0103cut luni de c\u0103tre prim-vicepre\u015fedintele C\u0103t\u0103lin Predoiu. \u201eAm luat decizia s\u0103 depunem o mo\u0163iune simpl\u0103 \u00eempotriva vicepremierului Liviu Dragnea pentru c\u0103 a redactat defectuos, neconstitu\u0163ional, proiectul privind descentralizarea administrativ\u0103. De asemenea, vom depune din nou o mo\u0163iune \u00eempotriva mini\u015ftrului \u015eova pentru modul defectuos \u00een care a organizat procesul de desz\u0103pezire a drumurilor [&hellip;]<\/p>\n","protected":false},"author":1,"featured_media":212180,"comment_status":"open","ping_status":"","sticky":false,"template":"","format":"standard","meta":{"footnotes":""},"categories":[2],"tags":[11],"class_list":["post-212179","post","type-post","status-publish","format-standard","has-post-thumbnail","hentry","category-politics","tag-digi24"],"_links":{"self":[{"href":"https:\/\/analyse.optim.biz\/index.php?rest_route=\/wp\/v2\/posts\/212179","targetHints":{"allow":["GET"]}}],"collection":[{"href":"https:\/\/analyse.optim.biz\/index.php?rest_route=\/wp\/v2\/posts"}],"about":[{"href":"https:\/\/analyse.optim.biz\/index.php?rest_route=\/wp\/v2\/types\/post"}],"author":[{"embeddable":true,"href":"https:\/\/analyse.optim.biz\/index.php?rest_route=\/wp\/v2\/users\/1"}],"replies":[{"embeddable":true,"href":"https:\/\/analyse.optim.biz\/index.php?rest_route=%2Fwp%2Fv2%2Fcomments&post=212179"}],"version-history":[{"count":0,"href":"https:\/\/analyse.optim.biz\/index.php?rest_route=\/wp\/v2\/posts\/212179\/revisions"}],"wp:featuredmedia":[{"embeddable":true,"href":"https:\/\/analyse.optim.biz\/index.php?rest_route=\/wp\/v2\/media\/212180"}],"wp:attachment":[{"href":"https:\/\/analyse.optim.biz\/index.php?rest_route=%2Fwp%2Fv2%2Fmedia&parent=212179"}],"wp:term":[{"taxonomy":"category","embeddable":true,"href":"https:\/\/analyse.optim.biz\/index.php?rest_route=%2Fwp%2Fv2%2Fcategories&post=212179"},{"taxonomy":"post_tag","embeddable":true,"href":"https:\/\/analyse.optim.biz\/index.php?rest_route=%2Fwp%2Fv2%2Ftags&post=212179"}],"curies":[{"name":"wp","href":"https:\/\/api.w.org\/{rel}","templated":true}]}}