{"id":2121746,"date":"2026-08-31T12:47:04","date_gmt":"2026-08-31T09:47:04","guid":{"rendered":"https:\/\/analyse.optim.biz\/?p=2121746"},"modified":"2026-08-31T12:47:04","modified_gmt":"2026-08-31T09:47:04","slug":"trei-iezi-ai-unei-gradini-zoologice-mobile-din-sua-au-fost-depistati-cu-rabie-autoritatile-cauta","status":"publish","type":"post","link":"https:\/\/analyse.optim.biz\/?p=2121746","title":{"rendered":"Trei iezi ai unei gr\u0103dini zoologice mobile din SUA au fost depista\u021bi cu rabie. Autorit\u0103\u021bile caut\u0103&#8230;"},"content":{"rendered":"<p>[analyse_image type=&#8221;featured&#8221; src=&#8221;https:\/\/cdn.adh.reperio.news\/image-5\/5d0745c4-5de7-4f42-98a9-6844df4aaf77\/index.png?p=f%3Djpeg%26w%3D1200%26h%3D630%26r%3Dcover&#8221;]<\/p>\n<article class=\"svelte-x63bga\">\n<nav>\n<ul class=\"breadcrump svelte-1pk9a69\">\n<li class=\"svelte-1pk9a69\"><a href=\"https:\/\/adevarul.ro\/\" title=\"Adev\u0103rul\" class=\"svelte-1pk9a69\">Home<\/a><\/li>\n<li class=\"svelte-1pk9a69\"><a href=\"https:\/\/adevarul.ro\/stiri-externe\" class=\"svelte-1pk9a69\">\u0218tiri Externe<\/a><\/li>\n<li class=\"svelte-1pk9a69\"><a href=\"https:\/\/adevarul.ro\/stiri-externe\/sua\" class=\"svelte-1pk9a69\">SUA<\/a><\/li>\n<li class=\"svelte-1pk9a69\"><a href=\"https:\/\/adevarul.ro\/stiri-externe\/sua\/trei-iezi-ai-unei-gradini-zoologice-mobile-din-sua-2553165.html\" class=\"svelte-1pk9a69\">Trei iezi ai unei gr\u0103dini zoologice mobile din SUA au fost depista\u021bi cu rabie. Autorit\u0103\u021bile caut\u0103 persoanele care au intrat \u00een contact cu animalele<\/a><\/li>\n<\/ul>\n<\/nav>\n<p><main class=\"svelte-x63bga\"><\/p>\n<p>Cel pu\u021bin trei iezi ai unei\u00a0gr\u0103dini zoologice pentru copii din statul Carolina de Nord, determin\u00e2nd autorit\u0103\u021bile s\u0103 emit\u0103 un avertisment\u00a0pentru persoanele care au vizitat gr\u0103dina zoologic\u0103 mobil\u0103 de la sf\u00e2r\u0219itul lunii iulie.<\/p>\n<div class=\"container-image  svelte-1xbw4f3\"><source type=\"image\/webp\" srcset=\"https:\/\/cdn.adh.reperio.news\/image-5\/5d0745c4-5de7-4f42-98a9-6844df4aaf77\/index.png?p=a%3D1%26co%3D1.05%26w%3D1400%26h%3D750%26r%3Dcontain%26f%3Dwebp 1400w\" media=\"(min-width: 1400px)\" \/><\/p>\n<div class=\"caption svelte-1xbw4f3\"><span class=\"captionText svelte-1xbw4f3\"><span class=\"source svelte-1xbw4f3\">Foto: Pexels<\/span><\/span><\/div>\n<\/div>\n<p>Departamentul de S\u0103n\u0103tate \u0219i Servicii Umane din Carolina de Nord (NCDHHS) a anun\u021bat duminic\u0103, 30 august, c\u0103 testele efectuate vineri au confirmat prezen\u021ba virusului la trei iezi, scrie\u00a0<a href=\"https:\/\/abcnews.com\/US\/rabid-baby-goats-prompt-north-carolina-mobile-petting\/story?id=136072383\" rel=\"nofollow\">ABC News<\/a>.<\/p>\n<p> Un al patrulea ied nu a fost testat, dar autorit\u0103\u021bile au presupus c\u0103 \u0219i acesta fusese infectat.<\/p>\n<p>Cei patru iezi infecta\u021bi au fost eutanasia\u021bi, potrivit postului afiliat ABC WSOC din Charlotte, Carolina de Nord.<\/p>\n<p>Animalele apar\u021bineau Farm Adventures, o\u00a0gr\u0103din\u0103 zoologic\u0103 mobil\u0103 cu animale care a oprit \u00een cel pu\u021bin \u0219ase comitate din Carolina de Nord\u00a0\u00eencep\u00e2nd din 28 iulie.<\/p>\n<p><i>\u201ePersoanele care ar fi putut fi expuse ar trebui s\u0103 contacteze departamentul local de s\u0103n\u0103tate pentru a stabili dac\u0103 sunt necesare medicamente pentru prevenirea infect\u0103rii\u201d, <\/i>se arat\u0103 \u00een comunicatul autorit\u0103\u021bilor.<\/p>\n<p>Cel mai probabil, iezii au fost expu\u0219i la virusul rabic prin intermediul unei sconcs care a intrat, la sf\u00e2r\u0219itul lunii iulie, \u00een \u021barcul \u00eenchis \u00een care erau \u021binu\u021bi, a precizat NCDHHS.<\/p>\n<p>Se crede c\u0103 iezii infecta\u021bi au fost expu\u0219i publicului la evenimente organizate \u00een comitatele Mecklenburg, Iredell, Watauga, Burke, Davie \u0219i Durham.<\/p>\n<p><i>\u201eAutorit\u0103\u021bile de s\u0103n\u0103tate public\u0103 lucreaz\u0103 \u00eempreun\u0103 cu organizatorii evenimentelor pentru a-i informa pe participan\u021bii care ar fi putut intra \u00een contact cu iezii infecta\u021bi la aceste evenimente\u201d<\/i>, au transmis autorit\u0103\u021bile sanitare ale statului.<\/p>\n<p>Investiga\u021bia privind iezii infecta\u021bi continu\u0103, iar autorit\u0103\u021bile au avertizat c\u0103 <i>\u201einforma\u021bii suplimentare despre posibilele locuri de expunere din cadrul evenimentelor publice vor fi f\u0103cute publice atunci c\u00e2nd vor fi disponibile\u201d.<\/i><\/p>\n<p>Oficialii au precizat c\u0103, p\u00e2n\u0103 \u00een prezent, nimeni nu a raportat c\u0103 ar fi fost infectat de iezii bolnavi de rabie.<\/p>\n<div class=\"_hydratable\" data-props=\"%7B%22data%22%3A%7B%22caption%22%3A%22%22%2C%22embed%22%3A%22https%3A%2F%2Ftwitframe.reperio.news%3Furl%3Dhttps%3A%2F%2Ftwitter.com%2Frenmusb1%2Fstatus%2F2093838048710861214%3Fs%3D20%22%2C%22height%22%3A300%2C%22measured_height%22%3A679%2C%22service%22%3A%22x%22%2C%22source%22%3A%22https%3A%2F%2Fx.com%2Frenmusb1%2Fstatus%2F2093838048710861214%3Fs%3D20%22%2C%22width%22%3A600%7D%2C%22id%22%3A%22hphxWCVN8o%22%2C%22type%22%3A%22embed%22%2C%22lines%22%3A10%2C%22linesAbove%22%3A59%2C%22index%22%3A12%2C%22paragraphsAbove%22%3A11%2C%22percentage%22%3A0.7283950617283951%2C%22linesBellow%22%3A22%7D\" data-context=\"%7B%22parentBlockColumnCount%22%3A%7B%22value%22%3A0%2C%22type%22%3A%22store%2Freadable%22%7D%2C%22parentBlockBackgroundColor%22%3A%7B%22type%22%3A%22store%2Freadable%22%7D%7D\" data-component=\"EditorEmbedViewDefault\">\n<div class=\"container-embed svelte-1petmjv\"><\/div>\n<\/div>\n<p><a href=\"https:\/\/adevarul.ro\/stiri-interne\/sanatate\/un-baietel-de-11-ani-a-murit-de-rabie-dupa-ce-un-2539893.html\">Cazurile de rabie la oameni<\/a>\u00a0sunt foarte rare \u00een SUA, unde boala provoac\u0103 mai pu\u021bin de 10 decese pe an. \u00cen Carolina de Nord, ultimul caz uman a fost raportat \u00een 2011. Peste 90% dintre cazurile de rabie sunt depistate la animale s\u0103lbatice, \u00een special la sconcs, lilieci, ratoni \u0219i vulpi.<\/p>\n<p>Proprietara Farm Adventures, Misty Love, a spus c\u0103 sconcsul care i-a infectat iezii ar fi p\u0103truns \u00een \u021barcul acestora printr-o gaur\u0103.<\/p>\n<p><i>\u201eEste devastator. Erau \u021binu\u021bi \u00eentr-un \u021barc \u00eenchis pentru a preveni orice contact cu animalele s\u0103lbatice<\/i>\u201d, a declarat aceasta.<\/p>\n<p>Love a spus c\u0103, la c\u00e2teva s\u0103pt\u0103m\u00e2ni dup\u0103 expunerea la sconcs, iezii infecta\u021bi au \u00eenceput s\u0103 prezinte semne de boal\u0103. Ea a precizat c\u0103 niciunul dintre celelalte animale care fac parte din gr\u0103dina zoologic\u0103 mobil\u0103 nu a fost infectat \u0219i c\u0103 toate au primit doze de rapel \u00eempotriva rabiei.<\/p>\n<p>\u201e<i>Pentru orice p\u0103rinte care are vreo \u00eentrebare, recomand cu t\u0103rie s\u0103 mearg\u0103 s\u0103 se vaccineze<\/i>\u201d, a spus Love.<\/p>\n<p>Gr\u0103dina zoologic\u0103 pentru copii a lui Love a fost plasat\u0103 \u00een carantin\u0103, au anun\u021bat autorit\u0103\u021bile sanitare.<\/p>\n<p><\/main><\/p>\n<footer class=\"svelte-x63bga\">\n<div class=\"related-wrap related-footer svelte-78g0vl\"><span class=\"related-label svelte-78g0vl\">Cite\u0219te \u0219i<\/span><a class=\"related svelte-78g0vl\" data-gtrack=\"{&quot;event&quot;:&quot;utm_click&quot;,&quot;data&quot;:{&quot;event_category&quot;:&quot;article_related&quot;}}\" href=\"https:\/\/adevarul.ro\/stiri-locale\/iasi\/caz-de-rabie-la-un-caine-in-iasi-animalul-care-2507515.html\" title=\"Alt articol de interes pentru tine\"><img decoding=\"async\" class=\"thumb svelte-78g0vl\" src=\"https:\/\/cdn.adh.reperio.news\/image-7\/770d6f26-7d7f-46dc-be6b-9b55ae54bedd\/index.png?p=f%3Dwebp%26w%3D120%26h%3D80%26r%3Dcover%26a%3D0\" alt loading=\"lazy\" width=\"80\" height=\"54\"><span class=\"title svelte-78g0vl\">Caz de rabie la un c\u00e2ine \u00een Ia\u015fi. Animalul, care devenise agresiv, a murit dup\u0103 ce a fost ridicat de hingheri<\/span><\/a><a class=\"related svelte-78g0vl\" data-gtrack=\"{&quot;event&quot;:&quot;utm_click&quot;,&quot;data&quot;:{&quot;event_category&quot;:&quot;article_related&quot;}}\" href=\"https:\/\/adevarul.ro\/stiri-externe\/europa\/o-femeie-a-murit-de-rabie-la-4-luni-dupa-ce-a-fost-2513220.html\" title=\"Alt articol de interes pentru tine\"><img decoding=\"async\" class=\"thumb svelte-78g0vl\" src=\"https:\/\/cdn.adh.reperio.news\/image-5\/5d1be1dc-e63f-4004-8d85-97b57d638755\/index.jpeg?p=f%3Dwebp%26w%3D120%26h%3D80%26r%3Dcover%26a%3D0\" alt loading=\"lazy\" width=\"80\" height=\"54\"><span class=\"title svelte-78g0vl\">O femeie a murit de rabie la 4 luni dup\u0103 ce a fost zg\u00e2riat\u0103 de un c\u0103\u021bel, \u00een vacan\u021b\u0103. Ancheta arat\u0103 c\u0103 diagnosticul a fost pus abia dup\u0103 ce a ajuns la psihiatrie<\/span><\/a><a class=\"related svelte-78g0vl\" data-gtrack=\"{&quot;event&quot;:&quot;utm_click&quot;,&quot;data&quot;:{&quot;event_category&quot;:&quot;article_related&quot;}}\" href=\"https:\/\/adevarul.ro\/stiri-interne\/sanatate\/un-baietel-de-11-ani-a-murit-de-rabie-dupa-ce-un-2539893.html\" title=\"Alt articol de interes pentru tine\"><img decoding=\"async\" class=\"thumb svelte-78g0vl\" src=\"https:\/\/cdn.adh.reperio.news\/image-9\/96a4219f-fcb0-4c87-b390-738943ddb12a\/index.jpeg?p=f%3Dwebp%26w%3D120%26h%3D80%26r%3Dcover%26a%3D0\" alt loading=\"lazy\" width=\"80\" height=\"54\"><span class=\"title svelte-78g0vl\">Un b\u0103ie\u021bel de 11 ani a murit de rabie dup\u0103 ce un liliac i s-a a\u015fezat pe fa\u0163\u0103. Cazul, extrem de rar, folosit de medici ca un avertisment<\/span><\/a><\/div>\n<div class=\"meta svelte-x63bga\">\n<div class=\"authors svelte-x63bga\"><span class=\"names svelte-x63bga\"><a href=\"https:\/\/adevarul.ro\/author\/2070\" rel=\"author\" class=\"svelte-x63bga\">Narcis Ghiurca<\/a><\/span><\/p>\n<div class=\"_hydratable\" data-props=\"%7B%22showLive%22%3Atrue%7D\" data-context=\"%7B%22parentBlockColumnCount%22%3A%7B%22value%22%3A0%2C%22type%22%3A%22store%2Freadable%22%7D%2C%22parentBlockBackgroundColor%22%3A%7B%22type%22%3A%22store%2Freadable%22%7D%7D\" data-component=\"ShareButton\">\n<div class=\"shareButtons svelte-itwbrr\">\n<div class=\"liveSessions metaFont svelte-1maxmbf\"><span class=\"value svelte-1maxmbf\">1<\/span> live <\/div>\n<\/div>\n<\/div>\n<\/div>\n<div class=\"tags svelte-1l3vwp1\"><span class=\"tags-label metaFont svelte-1l3vwp1\">Cite\u0219te mai multe despre<\/span><\/p>\n<div class=\"tags-list svelte-1l3vwp1\"><a href=\"https:\/\/adevarul.ro\/tag\/gradina%20zoologica\" title=\"Ultimele \u0219tiri despre gradina zoologica\" class=\"tag-pill svelte-1l3vwp1\">gradina zoologica<\/a><a href=\"https:\/\/adevarul.ro\/tag\/rabie\" title=\"Ultimele \u0219tiri despre rabie\" class=\"tag-pill svelte-1l3vwp1\">rabie<\/a><a href=\"https:\/\/adevarul.ro\/tag\/iezi\" title=\"Ultimele \u0219tiri despre iezi\" class=\"tag-pill svelte-1l3vwp1\">iezi<\/a><\/div>\n<\/div>\n<\/div>\n<p><a class=\"moreFromCategory svelte-x63bga\" href=\"https:\/\/adevarul.ro\/stiri-externe\/sua\" title=\"S.U.A\">Mai multe din <strong class=\"svelte-x63bga\">SUA<\/strong> \u203a<\/a><\/footer>\n<\/article>\n<p>[analyse_source url=&#8221;https:\/\/adevarul.ro\/stiri-externe\/sua\/trei-iezi-ai-unei-gradini-zoologice-mobile-din-sua-2553165.html&#8221;]<\/p>\n","protected":false},"excerpt":{"rendered":"<p>[analyse_image type=&#8221;featured&#8221; src=&#8221;https:\/\/cdn.adh.reperio.news\/image-5\/5d0745c4-5de7-4f42-98a9-6844df4aaf77\/index.png?p=f%3Djpeg%26w%3D1200%26h%3D630%26r%3Dcover&#8221;] Home \u0218tiri Externe SUA Trei iezi ai unei gr\u0103dini zoologice mobile din SUA au fost depista\u021bi cu rabie. Autorit\u0103\u021bile caut\u0103 persoanele care au intrat \u00een contact cu animalele Cel pu\u021bin trei iezi ai unei\u00a0gr\u0103dini zoologice pentru copii din statul Carolina de Nord, determin\u00e2nd autorit\u0103\u021bile s\u0103 emit\u0103 un avertisment\u00a0pentru persoanele care au vizitat [&hellip;]<\/p>\n","protected":false},"author":1,"featured_media":0,"comment_status":"open","ping_status":"","sticky":false,"template":"","format":"standard","meta":{"footnotes":""},"categories":[89],"tags":[19,226],"class_list":["post-2121746","post","type-post","status-publish","format-standard","hentry","category-romania","tag-adevarul","tag-crawlmanager"],"_links":{"self":[{"href":"https:\/\/analyse.optim.biz\/index.php?rest_route=\/wp\/v2\/posts\/2121746","targetHints":{"allow":["GET"]}}],"collection":[{"href":"https:\/\/analyse.optim.biz\/index.php?rest_route=\/wp\/v2\/posts"}],"about":[{"href":"https:\/\/analyse.optim.biz\/index.php?rest_route=\/wp\/v2\/types\/post"}],"author":[{"embeddable":true,"href":"https:\/\/analyse.optim.biz\/index.php?rest_route=\/wp\/v2\/users\/1"}],"replies":[{"embeddable":true,"href":"https:\/\/analyse.optim.biz\/index.php?rest_route=%2Fwp%2Fv2%2Fcomments&post=2121746"}],"version-history":[{"count":0,"href":"https:\/\/analyse.optim.biz\/index.php?rest_route=\/wp\/v2\/posts\/2121746\/revisions"}],"wp:attachment":[{"href":"https:\/\/analyse.optim.biz\/index.php?rest_route=%2Fwp%2Fv2%2Fmedia&parent=2121746"}],"wp:term":[{"taxonomy":"category","embeddable":true,"href":"https:\/\/analyse.optim.biz\/index.php?rest_route=%2Fwp%2Fv2%2Fcategories&post=2121746"},{"taxonomy":"post_tag","embeddable":true,"href":"https:\/\/analyse.optim.biz\/index.php?rest_route=%2Fwp%2Fv2%2Ftags&post=2121746"}],"curies":[{"name":"wp","href":"https:\/\/api.w.org\/{rel}","templated":true}]}}