{"id":2121739,"date":"2026-08-31T12:27:45","date_gmt":"2026-08-31T09:27:45","guid":{"rendered":"https:\/\/analyse.optim.biz\/?p=2121739"},"modified":"2026-08-31T12:27:45","modified_gmt":"2026-08-31T09:27:45","slug":"marturii-din-infernul-de-pe-feribotul-care-s-a-scufundat-in-cipru-am-vazut-copii-mici-inecandu-se-cei","status":"publish","type":"post","link":"https:\/\/analyse.optim.biz\/?p=2121739","title":{"rendered":"M\u0103rturii din infernul de pe feribotul care s-a scufundat \u00een Cipru: \u201eAm v\u0103zut copii mici \u00eenec\u00e2ndu-se\u201d\/ \u201eCei&#8230;"},"content":{"rendered":"<p>[analyse_image type=&#8221;featured&#8221; src=&#8221;https:\/\/cdn.adh.reperio.news\/image-4\/4bcdd526-f169-4e85-9f3b-e6bc99726514\/index.jpeg?p=f%3Djpeg%26w%3D1200%26h%3D630%26r%3Dcover&#8221;]<\/p>\n<article class=\"svelte-x63bga\">\n<nav>\n<ul class=\"breadcrump svelte-1pk9a69\">\n<li class=\"svelte-1pk9a69\"><a href=\"https:\/\/adevarul.ro\/\" title=\"Adev\u0103rul\" class=\"svelte-1pk9a69\">Home<\/a><\/li>\n<li class=\"svelte-1pk9a69\"><a href=\"https:\/\/adevarul.ro\/stiri-externe\" class=\"svelte-1pk9a69\">\u0218tiri Externe<\/a><\/li>\n<li class=\"svelte-1pk9a69\"><a href=\"https:\/\/adevarul.ro\/stiri-externe\/in-lume\" class=\"svelte-1pk9a69\">\u00cen lume<\/a><\/li>\n<li class=\"svelte-1pk9a69\"><a href=\"https:\/\/adevarul.ro\/stiri-externe\/in-lume\/marturii-din-infernul-de-pe-feribotul-care-s-a-2553152.html\" class=\"svelte-1pk9a69\">M\u0103rturii din infernul de pe feribotul care s-a scufundat \u00een Cipru: \u201eAm v\u0103zut copii mici \u00eenec\u00e2ndu-se\u201d\/ \u201eCei care au r\u0103mas dedesubt s-au \u00eenecat \u00een interior\u201d<\/a><\/li>\n<\/ul>\n<\/nav>\n<p><main class=\"svelte-x63bga\"><\/p>\n<p>Opt oameni au murit,<br \/>\niar alte aproape 20 de persoane sunt \u00een continuare c\u0103utate dup\u0103 ce feribotul cu<br \/>\n267 de oameni la bord s-a r\u0103sturnat \u00een largul Ciprului. Unul dintre<br \/>\nsupravie\u0163uitori a povestit momentele de groaz\u0103 \u00een care \u00eencerca s\u0103 ias\u0103 din nava<br \/>\ncare se umplea cu ap\u0103.<\/p>\n<div class=\"_hydratable\" data-props=\"%7B%22type%22%3A%22video%22%2C%22data%22%3A%7B%22player_options%22%3A%7B%7D%2C%22video%22%3A%7B%22animated%22%3A0%2C%22created_at%22%3A%222026-08-31T12%3A17%3A09.000Z%22%2C%22created_by%22%3A241%2C%22entity_type%22%3A%22media%22%2C%22extension%22%3A%22mp4%22%2C%22id%22%3A%22472a1aa0-34a4-4e23-a62a-c7a46fa5726d%22%2C%22origin_duration%22%3A13433%2C%22origin_hash%22%3A%22812175852e9e6197a12b0c2710beee5aeba444e8%22%2C%22origin_height%22%3A1080%2C%22origin_name%22%3A%22feribot-scufundat-Cipru-Facebook-Ozgur.mp4%22%2C%22origin_size%22%3A2966370%2C%22origin_width%22%3A608%2C%22path%22%3A%22video-4%2F472a1aa0-34a4-4e23-a62a-c7a46fa5726d%2Findex.m3u8%22%2C%22prevent_prune%22%3A0%2C%22published%22%3A0%2C%22restrict_domains%22%3Anull%2C%22source%22%3A%22Facebook%2FOzgur%22%2C%22source_url%22%3Anull%2C%22status%22%3A%22ready%22%2C%22thumb%22%3A%22https%3A%2F%2Fcdn.adh.reperio.news%2Fvideo-4%2F472a1aa0-34a4-4e23-a62a-c7a46fa5726d%2Fthumb.0000000.jpg%22%2C%22title%22%3A%22feribot%20scufundat%20Cipru%20Facebook%20Ozgur%20mp4%22%2C%22type%22%3A%22video%22%2C%22updated_at%22%3A%222026-08-31T12%3A17%3A15.000Z%22%2C%22url%22%3A%22https%3A%2F%2Fcdn.adh.reperio.news%2Fvideo-4%2F472a1aa0-34a4-4e23-a62a-c7a46fa5726d%2Findex.m3u8%22%2C%22video_raw%22%3Anull%2C%22video_thumbnail%22%3A%22thumb.0000000.jpg%22%7D%7D%7D\" data-context=\"%7B%22parentBlockColumnCount%22%3A%7B%22value%22%3A0%2C%22type%22%3A%22store%2Freadable%22%7D%2C%22parentBlockBackgroundColor%22%3A%7B%22type%22%3A%22store%2Freadable%22%7D%7D\" data-component=\"EditorVideoPlayer\"><\/div>\n<p>Surs\u0103 video: Facebook\/Ozgur<\/p>\n<p>Feribotul de tip<br \/>\ncatamaran plecase duminic\u0103, 30 august, din Kyrenia, cu destina\u021bia Ta\u0219ucu, \u00een<br \/>\nprovincia turc\u0103 Mersin. La scurt timp dup\u0103 plecare, nava a \u00eenceput s\u0103 ia ap\u0103,<br \/>\napoi <a href=\"https:\/\/adevarul.ro\/stiri-externe\/europa\/un-feribot-cu-aproximativ-270-de-persoane-la-bord-2552976.html\" target=\"_blank\">s-a r\u0103sturnat.<\/a> Pasagerii au ajuns \u00een mare, iar unii dintre ei au r\u0103mas<br \/>\nag\u0103\u021ba\u021bi de coca navei p\u00e2n\u0103 la sosirea ambarca\u021biunilor de salvare.<\/p>\n<p>Nava se afl\u0103 deja pe<br \/>\nfundul m\u0103rii, la peste 500 de metri ad\u00e2ncime. O persoane au murit, 241 de<br \/>\npasageri au fost salva\u021bi, iar opera\u021biunile de c\u0103utare continu\u0103 pentru 18 oameni,<br \/>\nla aceastea particip\u00e2nd acum \u015fi scafandrii turci.<\/p>\n<h2>M\u0103rturii cutremur\u0103toare\u00a0<\/h2>\n<p>\u00cenainte ca feribotul<br \/>\ns\u0103 se r\u0103stoarne, unii dintre pasagerii afla\u0163i la bord au filmat cu telefoanele<br \/>\nmomentul \u00een care apa a \u00eenceput s\u0103 p\u0103trund\u0103 \u00een nav\u0103. Imaginile au \u00eenceput s\u0103 fie<br \/>\ndistribuite pe re\u0163elele sociale \u015fi de principalele agen\u021bii de pres\u0103 din Turcia.<\/p>\n<div class=\"container-image  svelte-1xbw4f3\"><source type=\"image\/webp\" srcset=\"https:\/\/cdn.adh.reperio.news\/image-d\/d0d0fbf4-17d1-4b96-8ecb-fd841c0abfd4\/index.jpeg?p=a%3D1%26co%3D1.05%26w%3D1400%26h%3D750%26r%3Dcontain%26f%3Dwebp 1400w\" media=\"(min-width: 1400px)\" \/><\/p>\n<div class=\"caption svelte-1xbw4f3\"><span class=\"captionText svelte-1xbw4f3\">Clipe de co\u015fmar pentru pasagerii feribotului.  <span class=\"source svelte-1xbw4f3\">Foto: Facebook\/TBCR<\/span><\/span><\/div>\n<\/div>\n<p><i>\u201eSpune\u021bi-i c\u0103pitanului, s\u0103 se \u00eentoarc\u0103 nava, sunt 200 de<br \/>\noameni aici. Nava ia ap\u0103\u201d,<\/i> se<br \/>\naude \u00een unul dintre videoclipurile preluate de <a href=\"https:\/\/www.dha.com.tr\/dunya\/cumhurbaskani-erdogan-kirgizistanda-2936613\" target=\"_blank\" rel=\"nofollow\">DHA.<\/a><\/p>\n<p>\u00centre timp, c\u0103pitanul<br \/>\n\u0219i to\u021bi cei \u0219apte membri ai echipajului au fost aresta\u021bi, iar autorit\u0103\u021bile au<br \/>\ndeschis o anchet\u0103 pentru a stabili cauzele exacte ale tragediei, iar premierul a<br \/>\npromis c\u0103 \u201enu va exista nicio mu\u0219amalizare\u201d \u0219i c\u0103 vor fi investigate toate<br \/>\ncircumstan\u021bele accidentului.<\/p>\n<h2>\u201eLa a treia lovitur\u0103,<br \/>\napa a \u021b\u00e2\u0219nit\u201d<\/h2>\n<p>Printre cei care au<br \/>\nreu\u0219it s\u0103 supravie\u021buiasc\u0103 se num\u0103r\u0103 Serkan Kundurac\u0131. El a povestit c\u0103 primele<br \/>\nsemne c\u0103 ceva nu era \u00een regul\u0103 au ap\u0103rut imediat dup\u0103 ce feribotul a ie\u0219it din<br \/>\npor, c\u00e2nd nava a \u00eenceput s\u0103 se zguduie tot mai puternic, iar pasagerii au cerut<br \/>\ns\u0103 se \u00eentoarc\u0103 \u00een port. Apa a \u00eenceput s\u0103 p\u0103trund\u0103 \u00een interior dup\u0103 una dintre<br \/>\nloviturile puternice.<\/p>\n<p><i>\u201eNava a plecat la ora 12. Ne-am urcat pe nav\u0103 aproape de<br \/>\nora 12. C\u00e2nd ne-am urcat, nu era nicio problem\u0103. Nu ne-am dat seama c\u0103 marea<br \/>\nera agitat\u0103. C\u00e2nd nava a \u00eenceput s\u0103 se deplaseze, dup\u0103 ce a ie\u0219it din port \u0219i a<br \/>\nvirat spre Mersin, a \u00eenceput s\u0103 se legene. Am auzit un zgomot puternic venind<br \/>\nde sub nav\u0103. Marea lovea nava. Oamenii au intrat \u00een panic\u0103 \u0219i au \u00eenceput s\u0103<br \/>\nstrige: \u00abOpri\u021bi nava, vreau s\u0103 m\u0103 \u00eentorc\u00bb. A fost o zguduitur\u0103, dar o<br \/>\nzguduitur\u0103 foarte puternic\u0103, desigur. Apoi aceast\u0103 zguduitur\u0103 a \u00eenceput s\u0103 se<br \/>\nintensifice, a devenit mai puternic\u0103. La a doua zguduitur\u0103, apa a \u00eenceput s\u0103<br \/>\nias\u0103 de jos. Atunci oamenii au intrat \u00een panic\u0103. O doamn\u0103 striga insistent<br \/>\n\u00abVreau s\u0103 m\u0103 \u00eentorc\u00bb, \u00abOpri\u021bi nava\u00bb. Apoi a ie\u0219it un domn \u0219i a \u00eenceput s\u0103<br \/>\nstrige, era un b\u0103iat t\u00e2n\u0103r care nu se sim\u021bea prea bine \u0219i a spus c\u0103 nu vrea s\u0103<br \/>\nplece.<\/i><\/p>\n<p><i>\u00a0La a treia<br \/>\nlovitur\u0103, apa a \u021b\u00e2\u0219nit pur \u0219i simplu. C\u00e2nd a \u00eenceput s\u0103 \u021b\u00e2\u0219neasc\u0103 apa, am<br \/>\nchemat personalul. Au venit, s-au uitat \u0219i ne-au spus c\u0103 nu este nicio<br \/>\nproblem\u0103, c\u0103 garnitura s-a sl\u0103bit \u0219i c\u0103 exist\u0103 o scurgere. Dar, pe m\u0103sur\u0103 ce<br \/>\nzguduiturile s-au intensificat, \u0219i televizorul a \u00eenceput s\u0103 se mi\u0219te. Apa a<br \/>\n\u00eenceput s\u0103 ias\u0103 din ce \u00een ce mai mult. Atunci \u0219i personalul a intrat \u00een panic\u0103.<br \/>\nPersonalul s-a dus imediat la c\u0103pitan. C\u0103pitanul a venit imediat \u0219i au strigat:<br \/>\n\u00abEvacua\u021bi zona\u00bb. C\u00e2nd au \u00eenceput s\u0103 evacueze, oamenii erau deja \u00een panic\u0103. Nu<br \/>\nmai era timp\u201d, <\/i>a povestit el<br \/>\npentru presa din Turcia.<\/p>\n<h2>\u201eNu puteai s\u0103 ie\u0219i,<br \/>\n\u00ee\u021bi aluneca \u0219i m\u00e2na\u201d<\/h2>\n<p>Panica a crescut \u00een<br \/>\nmomentul \u00een care \u00een care nava a \u00eenceput s\u0103 se \u00eencline. Pentru pasagerii afla\u021bi<br \/>\n\u00een anumite zone ale feribotului, ie\u0219irea a devenit imposibil\u0103.<\/p>\n<p>Kundurac\u0131 spune c\u0103<br \/>\ns-a aflat \u00eentr-o zon\u0103 a navei care s-a \u00eenclinat \u00een timpul manevrei. A \u00eencercat<br \/>\nminute \u00een \u0219ir s\u0103 ajung\u0103 la suprafa\u021b\u0103, \u00een timp ce \u00een jurul lui oamenii \u00eencercau<br \/>\ns\u0103 se salveze.<\/p>\n<p><i>\u201eEu m\u0103 uitam atunci afar\u0103, pentru c\u0103 cel mai probabil<br \/>\nurma s\u0103 fac\u0103 o \u00eentoarcere \u00een U, pentru c\u0103 \u00eencepusem s\u0103 v\u0103d Kyrenia. \u00cen timpul<br \/>\nmanevrei, nava a \u00eenceput deja s\u0103 se \u00eencline. Pentru oameni era deja prea<br \/>\nt\u00e2rziu. C\u00e2nd a f\u0103cut manevra, exista o zon\u0103 ca un coridor, iar cei care au fost<br \/>\nprin\u0219i acolo de manevr\u0103 \u0219i de \u00eenclinarea navei au fost ghinioni\u0219ti. Pentru c\u0103<br \/>\nacea zon\u0103 s-a r\u0103sturnat \u00een jos, peste oameni. Cei care au r\u0103mas dedesubt au<br \/>\nintrat \u00een ap\u0103 \u0219i s-au \u00eenecat \u00een interior. Eu eram \u00een partea cea mai de sus a<br \/>\nacelui coridor. Mi-a fost greu s\u0103 ies, m-am chinuit \u0219i m-am str\u0103duit timp de 10<br \/>\nminute. Pentru c\u0103 eram \u00een ap\u0103. Pentru c\u0103 eram uda\u021bi, deveniser\u0103m mai grei.<br \/>\nL\u00e2ng\u0103 mine era o fat\u0103 care striga \u00abAjuta\u021bi-m\u0103\u00bb, iar mama ei era acolo. Pentru<br \/>\nc\u0103 era nevoie de foarte mult\u0103 for\u021b\u0103. Nici eu nu am avut suficient\u0103 putere.<\/i><\/p>\n<p><i>Nu puteai s\u0103 ie\u0219i, \u00ee\u021bi aluneca \u0219i m\u00e2na, iar apoi erau<br \/>\nfoarte multe \u021bipete, erau foarte mul\u021bi oameni \u00een spate, dar r\u0103m\u0103seser\u0103 cu to\u021bii<br \/>\n\u00een spate. R\u0103m\u0103seser\u0103 \u00een spate \u0219i nu puteau s\u0103 ias\u0103, pentru c\u0103 erau oameni, era<br \/>\ngreutate peste ei. Cum s\u0103 ias\u0103? Era nevoie de for\u021b\u0103. Cei care au r\u0103mas dedesubt<br \/>\nau fost ghinioni\u0219ti. Au r\u0103mas acolo jos, i-am v\u0103zut\u201d,<\/i> a mai povestit el.<\/p>\n<p>Dup\u0103 ce a reu\u0219it s\u0103<br \/>\nias\u0103 din nav\u0103, Kundurac\u0131 a v\u0103zut pasageri care \u00eencercau s\u0103 se salveze din ap\u0103.<br \/>\nUnele persoane nu au mai reu\u0219it s\u0103 ajung\u0103 la suprafa\u021b\u0103.<\/p>\n<h2>\u201eAm v\u0103zut copii mici<br \/>\n\u00eenec\u00e2ndu-se, am fost martori\u201d<\/h2>\n<p>B\u0103rbatul spune c\u0103 mai<br \/>\nmul\u021bi pasageri au spart geamurile pentru a putea ie\u0219i din feribot. \u00cen haosul<br \/>\ncreat, oamenii \u00ee\u0219i c\u0103utau rudele, \u0163ipau, se luptau s\u0103 se salveze. Nu to\u0163i au<br \/>\nreu\u015fit s\u0103 ias\u0103, \u00eens\u0103, printre ace\u015ftia \u015fi copiii de v\u00e2st\u0103 mic\u0103 a unei familii.<\/p>\n<p><a class=\"related-inline svelte-78g0vl\" data-gtrack=\"{&quot;event&quot;:&quot;utm_click&quot;,&quot;data&quot;:{&quot;event_category&quot;:&quot;article_related&quot;}}\" href=\"https:\/\/adevarul.ro\/stiri-externe\/europa\/panica-pe-canal-grande-un-feribot-scapat-de-sub-2507193.html\" title=\"Alt articol de interes pentru tine\"><span class=\"inline-title svelte-78g0vl\">Panic\u0103 pe Canal Grande: Un feribot sc\u0103pat de sub control a spulberat mai multe gondole \u00een Vene\u021bia<\/span><\/a><\/p>\n<p><i>\u201eUn pasager a spart geamul, fereastra. Cei mai mul\u021bi au<br \/>\nie\u0219it pe acolo, slav\u0103 Domnului. \u0218i eu am ie\u0219it de acolo. Dup\u0103 ce am ie\u0219it, am<br \/>\nv\u0103zut un tat\u0103 \u0219i o mam\u0103 care \u00ee\u0219i l\u0103saser\u0103 copiii jos \u0219i au spus c\u0103 ace\u0219tia se<br \/>\n\u00eenecaser\u0103. Era o femeie \u00eens\u0103rcinat\u0103, a \u00eenceput s\u0103-i curg\u0103 s\u00e2nge, a pierdut<br \/>\nsarcina din cauza stresului \u0219i a panicii, desigur. A fost foarte s\u0103lbatic.<\/i><\/p>\n<p><i>A venit o barc\u0103, o barc\u0103 turistic\u0103. Ne-a luat pe to\u021bi, pe<br \/>\ncei mai mul\u021bi dintre noi. Nu \u0219tiu, probabil c\u0103 Paza de Coast\u0103 nu a putut s\u0103 se<br \/>\napropie, a r\u0103mas \u00een larg, nu s-au apropiat. Dar am a\u0219teptat mult timp. La un<br \/>\nmoment dat, toat\u0103 lumea a intrat \u00een panic\u0103: \u00abDe ce nu vine?\u00bb. Oamenii au<br \/>\n\u00eenceput s\u0103 strige. Au \u00eenceput s\u0103 vorbeasc\u0103 ur\u00e2t: \u00abVeni\u021bi odat\u0103!\u00bb, f\u0103ceau semne<br \/>\ncu m\u00e2inile.<\/i><\/p>\n<p><i>Nimeni nu venea, nici b\u0103rcile nu se apropiau. Probabil<br \/>\nerau valuri, nu \u0219tiu nici eu. Dar, \u00een cele din urm\u0103, a venit o barc\u0103. A venit o<br \/>\nbarc\u0103 turistic\u0103 \u0219i ne-a luat pe to\u021bi. Erau c\u00e2\u021biva tineri care au \u00eenceput s\u0103<br \/>\ntrag\u0103 de fr\u00e2nghii, i-au cobor\u00e2t pe unii cu fr\u00e2nghia. Am v\u0103zut oameni care nu<br \/>\n\u0219tiau s\u0103 \u00eenoate \u0219i care au murit \u00een mare. Erau oameni care, din cauza panicii,<br \/>\nnu \u0219i-au luat vestele de salvare. Unii au s\u0103rit imediat din cauza fricii. Era<br \/>\nun domn pe care nu am reu\u0219it s\u0103-l scoatem. Am \u00eencercat s\u0103-l tragem, dar nu am<br \/>\nputut \u0219i s-a \u00eenecat. Am v\u0103zut cum copiii unei familii, fete \u0219i b\u0103ie\u021bi de v\u00e2rst\u0103<br \/>\nmic\u0103, s-au \u00eenecat. Am fost martori\u201d, <\/i>a m\u0103rturisit b\u0103rbatul, \u00eenc\u0103 marcat de tragedie.<\/p>\n<h2>\u201eAm dat prioritate<br \/>\ncopiilor\u201d<\/h2>\n<p>Printre salvatorii<br \/>\ncare au ajuns cu o ambarca\u021biune la locul accidentului s-a num\u0103rat Muhammed<br \/>\n\u00d6z\u00e7elik. El spune c\u0103 echipa sa a plecat spre feribot dup\u0103 ce unul dintre fra\u0163ii<br \/>\ns\u0103i a v\u0103zut feribotul scufund\u00e2ndu-se \u015fi a alertat Paza de Coast\u0103 \u0219i c\u0103, atunci<br \/>\nc\u00e2nd a ajuns, oamenii din ap\u0103 cereau s\u0103 fie lua\u021bi la bord.<\/p>\n<p>Muhammed \u00d6z\u00e7elik<br \/>\npoveste\u0219te c\u0103 salvatorii au \u00eencercat s\u0103-i scoat\u0103 mai \u00eent\u00e2i pe cei mai<br \/>\nvulnerabili din ap\u0103, \u00een condi\u021biile \u00een care valurile erau mari.<\/p>\n<p><i>\u201eAvem aici afaceri cu sporturi nautice. \u00cen mod normal,<br \/>\nast\u0103zi eram \u00eenchi\u0219i, pentru c\u0103 marea era foarte agitat\u0103 \u0219i activit\u0103\u021bile nu se<br \/>\ndesf\u0103\u0219urau. Unul dintre fra\u021bii no\u0219tri a v\u0103zut primul ce se \u00eent\u00e2mpl\u0103 \u0219i a<br \/>\nanun\u021bat Paza de Coast\u0103. Ei au plecat. Apoi am fost anun\u021ba\u021bi \u0219i noi, am plecat<br \/>\n\u0219i am fost printre primii care au ajuns acolo. <\/i><\/p>\n<p><i>C\u00e2nd am ajuns, toat\u0103 lumea era deja disperat\u0103. Spuneau<br \/>\nlucruri de genul \u00abLua\u021bi-m\u0103, lua\u021bi-m\u0103\u00bb. La \u00eenceput, \u00eempreun\u0103 cu oamenii no\u0219tri,<br \/>\nam s\u0103rit \u00een ap\u0103 pentru copii, femei \u00eens\u0103rcinate, femei \u0219i persoane \u00een v\u00e2rst\u0103.<br \/>\nI-am scos din ap\u0103 \u0219i i-am urcat \u00een barc\u0103. Apoi le-am urcat pe femeile<br \/>\n\u00eens\u0103rcinate, am dat prioritate copiilor, bine\u00een\u021beles. Dup\u0103 aceea i-am urcat pe<br \/>\nto\u021bi. Am f\u0103cut o prim\u0103 curs\u0103. <\/i><\/p>\n<p><i>Dup\u0103 noi, au venit celelalte b\u0103rci, b\u0103rcile pneumatice \u0219i<br \/>\ncelelalte ambarca\u021biuni, cei care ne-au v\u0103zut \u0219i au putut ajunge, bine\u00een\u021beles,<br \/>\npentru c\u0103 valurile erau foarte mari\u201d,<\/i> a povestit b\u0103rbatul.<\/p>\n<h2>\u201eOamenii luptau<br \/>\npentru via\u021ba lor\u201d<\/h2>\n<p>La bordul<br \/>\nambarca\u021biunii sale au ajuns mai mul\u021bi oameni dec\u00e2t ar fi permis \u00een mod normal<br \/>\ncapacitatea, \u00eens\u0103 situa\u0163ia era una disperat\u0103. La \u00eentoarcerea pentru a doua<br \/>\ncurs\u0103, salvatorii au g\u0103sit mai pu\u021bini pasageri, \u00eens\u0103 ace\u0219tia \u00ee\u0219i c\u0103utau cu<br \/>\ndisperare apropia\u021bii.<\/p>\n<div class=\"container-image  svelte-1xbw4f3\"><source type=\"image\/webp\" srcset=\"https:\/\/cdn.adh.reperio.news\/image-f\/fa6639b1-a3f4-4761-aa06-c30285aee7d1\/index.jpeg?p=a%3D1%26co%3D1.05%26w%3D1400%26h%3D750%26r%3Dcontain%26f%3Dwebp 1400w\" media=\"(min-width: 1400px)\" \/><\/p>\n<div class=\"caption svelte-1xbw4f3\"><span class=\"captionText svelte-1xbw4f3\">Primii salvatori ajun\u015fi la locul dezastrului au fost civili. <span class=\"source svelte-1xbw4f3\">Foto: Facebook\/TBCR<\/span><\/span><\/div>\n<\/div>\n<p><i>\u201eAm \u00eencercat s\u0103 facem mai mult dec\u00e2t am fi putut. Oamenii<br \/>\nspuneau \u00abLua\u021bi-m\u0103 \u0219i pe mine, lua\u021bi-m\u0103 \u0219i pe mine\u00bb, dar capacitatea era deja<br \/>\nocupat\u0103, chiar am luat mult peste capacitate. Chiar \u0219i l\u00e2ng\u0103 mine, pe scaunul<br \/>\nc\u0103pitanului, st\u0103teau dou\u0103-trei persoane.<\/i><\/p>\n<p><a class=\"related-inline svelte-78g0vl\" data-gtrack=\"{&quot;event&quot;:&quot;utm_click&quot;,&quot;data&quot;:{&quot;event_category&quot;:&quot;article_related&quot;}}\" href=\"https:\/\/adevarul.ro\/stiri-externe\/in-lume\/un-feribot-cu-cu-133-de-persoane-la-bord-s-a-2544303.html\" title=\"Alt articol de interes pentru tine\"><span class=\"inline-title svelte-78g0vl\">Un feribot cu cu 133 de persoane la bord s-a r\u0103sturnat \u00een Guyana. 67 dintre ele au fost salvate, inclusiv 15 copii. Misiunea de c\u0103utare este \u00een desf\u0103\u015furare<\/span><\/a><\/p>\n<p><i>I-am urcat, i-am adus \u0219i am f\u0103cut o curs\u0103. Apoi am mers<br \/>\npentru a doua curs\u0103. C\u00e2nd am ajuns la a doua curs\u0103, nu mai r\u0103m\u0103seser\u0103 mul\u021bi<br \/>\noameni. Am luat aproximativ 60-80 de persoane. Se c\u0103utau unii pe al\u021bii, \u00ee\u0219i<br \/>\nc\u0103utau rudele, fra\u021bii \u0219i surorile. Unii \u00ee\u0219i c\u0103utau so\u021bul, so\u021bia, mama sau<br \/>\ncopilul. Toat\u0103 lumea se c\u0103uta acolo. Unii s\u0103reau \u00een barc\u0103 strig\u00e2nd \u00abLua\u021bi-m\u0103\u00bb.<br \/>\nNoi nu i-am urcat, nu am putut s\u0103-i lu\u0103m, dar unul a ie\u0219it \u0219i a s\u0103rit singur,<br \/>\ndisperat s\u0103-\u0219i salveze via\u021ba. Oamenii luptau pentru via\u021ba lor\u201d,<\/i> a povestit el.<\/p>\n<p>Halil Durmu\u015f, un alt<br \/>\nom implicat \u00een opera\u021biunea de salvare, spune c\u0103 a fost alertat dup\u0103 ce o alt\u0103<br \/>\npersoan\u0103 a observat feribotul \u0219i a plecat spre locul accidentului.<\/p>\n<p><i>\u201eDin barc\u0103 sunt aruncate b\u0103rcu\u021be de salvare, cele<br \/>\nportocalii, \u0219ti\u021bi, \u00een care intr\u0103 oamenii. F\u0131rat abi le-a v\u0103zut \u0219i a plecat cu<br \/>\nbarca. Ne-a sunat \u0219i ne-a spus c\u0103 se \u00eent\u00e2mpl\u0103 a\u0219a ceva, s\u0103 venim. Noi am ajuns.<br \/>\nDac\u0103 Paza de Coast\u0103 sau armata nu vede ce se \u00eent\u00e2mpl\u0103 aici, \u00eenseamn\u0103 c\u0103 exist\u0103<br \/>\no problem\u0103\u201d, <\/i>a povestit acesta.<\/p>\n<h2>\u201eAvem dou\u0103<br \/>\npersoane disp\u0103rute acolo\u201d<\/h2>\n<p>\u00cen timp ce<br \/>\nopera\u021biunea continua pe mare, \u00een port rudele pasagerilor a\u0219teptau ve\u0219ti despre<br \/>\ncei care nu fuseser\u0103 g\u0103si\u021bi.<\/p>\n<p>Unul dintre oamenii<br \/>\ncare \u00ee\u0219i a\u0219teptau apropia\u021bii spune c\u0103 \u00een cazul familiei sale dou\u0103 persoane erau<br \/>\n\u00eenc\u0103 disp\u0103rute. <\/p>\n<p><i>\u201eAcolo avem dou\u0103<br \/>\npersoane disp\u0103rute, Mahmut Demir \u0219i Mustafa Demir. Oamenii sunt distru\u0219i de<br \/>\ndiminea\u021b\u0103. Tat\u0103l de acolo este \u00een suferin\u021b\u0103, fra\u021bii no\u0219tri de aici \u00ee\u0219i a\u0219teapt\u0103<br \/>\nfra\u021bii cu durere. M\u0103car dac\u0103 ar ie\u0219i un oficial s\u0103 spun\u0103: \u00abAu fost g\u0103site<br \/>\ntrupurile ne\u00eensufle\u021bite ale fratelui meu, veni\u021bi s\u0103 le lua\u021bi\u00bb. M\u0103car s\u0103 \u0219tim<br \/>\nasta. Doar un prieten de-al nostru a ie\u0219it \u0219i el a spus: \u00abSuntem distru\u0219i,<br \/>\nnimeni nu ne-a ajutat \u00een niciun fel\u00bb. Prietenul care \u0219tia s\u0103 \u00eenoate a \u00eenotat \u0219i<br \/>\na venit, iar cei care nu \u0219tiau s\u0103 \u00eenoate au r\u0103mas bloca\u021bi acolo\u201d<\/i>, a declarat<br \/>\nb\u0103rbatul, m\u0103tur\u00e2nd, \u00een continuarea marea cu privirea.<\/p>\n<p><\/main><\/p>\n<footer class=\"svelte-x63bga\">\n<div class=\"related-wrap related-footer svelte-78g0vl\"><span class=\"related-label svelte-78g0vl\">Cite\u0219te \u0219i<\/span><a class=\"related svelte-78g0vl\" data-gtrack=\"{&quot;event&quot;:&quot;utm_click&quot;,&quot;data&quot;:{&quot;event_category&quot;:&quot;article_related&quot;}}\" href=\"https:\/\/adevarul.ro\/stiri-externe\/in-lume\/cel-putin-44-de-oameni-au-murit-in-zimbabwe-dupa-2549474.html\" title=\"Alt articol de interes pentru tine\"><img decoding=\"async\" class=\"thumb svelte-78g0vl\" src=\"https:\/\/cdn.adh.reperio.news\/image-4\/4e45aac7-da05-4b0a-91ff-68562ead6be2\/index.png?p=f%3Dwebp%26w%3D120%26h%3D80%26r%3Dcover%26a%3D0\" alt loading=\"lazy\" width=\"80\" height=\"54\"><span class=\"title svelte-78g0vl\">Cel pu\u0163in 44 de oameni au murit \u00een Zimbabwe, dup\u0103 r\u0103sturnarea unui feribot supra\u00eenc\u0103rcat care naviga pe cel mare lac artificial din lume<\/span><\/a><\/div>\n<div class=\"meta svelte-x63bga\">\n<div class=\"authors svelte-x63bga\"><span class=\"names svelte-x63bga\"><a href=\"https:\/\/adevarul.ro\/author\/2048\" rel=\"author\" class=\"svelte-x63bga\">Florentina Grigore<\/a><\/span><\/p>\n<div class=\"_hydratable\" data-props=\"%7B%22showLive%22%3Atrue%7D\" data-context=\"%7B%22parentBlockColumnCount%22%3A%7B%22value%22%3A0%2C%22type%22%3A%22store%2Freadable%22%7D%2C%22parentBlockBackgroundColor%22%3A%7B%22type%22%3A%22store%2Freadable%22%7D%7D\" data-component=\"ShareButton\">\n<div class=\"shareButtons svelte-itwbrr\">\n<div class=\"liveSessions metaFont svelte-1maxmbf\"><span class=\"value svelte-1maxmbf\">1<\/span> live <\/div>\n<\/div>\n<\/div>\n<\/div>\n<div class=\"tags svelte-1l3vwp1\"><span class=\"tags-label metaFont svelte-1l3vwp1\">Cite\u0219te mai multe despre<\/span><\/p>\n<div class=\"tags-list svelte-1l3vwp1\"><a href=\"https:\/\/adevarul.ro\/tag\/video\" title=\"Ultimele \u0219tiri despre video\" class=\"tag-pill svelte-1l3vwp1\">video<\/a><a href=\"https:\/\/adevarul.ro\/tag\/cipru\" title=\"Ultimele \u0219tiri despre cipru\" class=\"tag-pill svelte-1l3vwp1\">cipru<\/a><a href=\"https:\/\/adevarul.ro\/tag\/feribot\" title=\"Ultimele \u0219tiri despre feribot\" class=\"tag-pill svelte-1l3vwp1\">feribot<\/a><\/div>\n<\/div>\n<\/div>\n<p><a class=\"moreFromCategory svelte-x63bga\" href=\"https:\/\/adevarul.ro\/stiri-externe\/in-lume\" title=\"\u00cen lume\">Mai multe din <strong class=\"svelte-x63bga\">\u00cen lume<\/strong> \u203a<\/a><\/footer>\n<\/article>\n<p>[analyse_source url=&#8221;https:\/\/adevarul.ro\/stiri-externe\/in-lume\/marturii-din-infernul-de-pe-feribotul-care-s-a-2553152.html&#8221;]<\/p>\n","protected":false},"excerpt":{"rendered":"<p>[analyse_image type=&#8221;featured&#8221; src=&#8221;https:\/\/cdn.adh.reperio.news\/image-4\/4bcdd526-f169-4e85-9f3b-e6bc99726514\/index.jpeg?p=f%3Djpeg%26w%3D1200%26h%3D630%26r%3Dcover&#8221;] Home \u0218tiri Externe \u00cen lume M\u0103rturii din infernul de pe feribotul care s-a scufundat \u00een Cipru: \u201eAm v\u0103zut copii mici \u00eenec\u00e2ndu-se\u201d\/ \u201eCei care au r\u0103mas dedesubt s-au \u00eenecat \u00een interior\u201d Opt oameni au murit, iar alte aproape 20 de persoane sunt \u00een continuare c\u0103utate dup\u0103 ce feribotul cu 267 de oameni la [&hellip;]<\/p>\n","protected":false},"author":1,"featured_media":0,"comment_status":"open","ping_status":"","sticky":false,"template":"","format":"standard","meta":{"footnotes":""},"categories":[89],"tags":[19],"class_list":["post-2121739","post","type-post","status-publish","format-standard","hentry","category-romania","tag-adevarul"],"_links":{"self":[{"href":"https:\/\/analyse.optim.biz\/index.php?rest_route=\/wp\/v2\/posts\/2121739","targetHints":{"allow":["GET"]}}],"collection":[{"href":"https:\/\/analyse.optim.biz\/index.php?rest_route=\/wp\/v2\/posts"}],"about":[{"href":"https:\/\/analyse.optim.biz\/index.php?rest_route=\/wp\/v2\/types\/post"}],"author":[{"embeddable":true,"href":"https:\/\/analyse.optim.biz\/index.php?rest_route=\/wp\/v2\/users\/1"}],"replies":[{"embeddable":true,"href":"https:\/\/analyse.optim.biz\/index.php?rest_route=%2Fwp%2Fv2%2Fcomments&post=2121739"}],"version-history":[{"count":0,"href":"https:\/\/analyse.optim.biz\/index.php?rest_route=\/wp\/v2\/posts\/2121739\/revisions"}],"wp:attachment":[{"href":"https:\/\/analyse.optim.biz\/index.php?rest_route=%2Fwp%2Fv2%2Fmedia&parent=2121739"}],"wp:term":[{"taxonomy":"category","embeddable":true,"href":"https:\/\/analyse.optim.biz\/index.php?rest_route=%2Fwp%2Fv2%2Fcategories&post=2121739"},{"taxonomy":"post_tag","embeddable":true,"href":"https:\/\/analyse.optim.biz\/index.php?rest_route=%2Fwp%2Fv2%2Ftags&post=2121739"}],"curies":[{"name":"wp","href":"https:\/\/api.w.org\/{rel}","templated":true}]}}