{"id":2121725,"date":"2026-09-01T04:00:56","date_gmt":"2026-09-01T01:00:56","guid":{"rendered":"https:\/\/analyse.optim.biz\/?p=2121725"},"modified":"2026-09-01T04:00:56","modified_gmt":"2026-09-01T01:00:56","slug":"inceputul-anului-bisericesc-2026-de-ce-este-importanta-data-de-1-septembrie-in-calendarul-ortodox","status":"publish","type":"post","link":"https:\/\/analyse.optim.biz\/?p=2121725","title":{"rendered":"\u00cenceputul anului bisericesc 2026: De ce este important\u0103 data de 1 septembrie \u00een calendarul ortodox"},"content":{"rendered":"<p>[analyse_image type=&#8221;featured&#8221; src=&#8221;https:\/\/s.iw.ro\/gateway\/g\/ZmlsZVNvdXJjZT1odHRwJTNBJTJGJTJG\/c3RvcmFnZTA4dHJhbnNjb2Rlci5yY3Mt\/cmRzLnJvJTJGc3RvcmFnZSUyRjIwMjYl\/MkYwOCUyRjI1JTJGMjkyNDcwMl8yOTI0\/NzAyX0luY2VwdXR1bC1hbnVsdWktYmlz\/ZXJpY2VzYy0yMDI2Xy1Gb3RvLUdldHR5\/LUltYWdlcy5qcGcmdz0xMjAwJmg9NjMw\/JnpjPTEmaGFzaD1kNGI2NGNlMmM3N2U5YmJkYzRlOGM3Y2JiYjhlZGY0ZQ==.thumb.jpg&#8221;]<\/p>\n<div class=\"entry data-app-meta data-app-meta-article\" data-embed-base-url-canonical=\"https:\/\/www.digi24.ro\/embed\/stiri\/actualitate\/evenimente\/inceputul-anului-bisericesc-2026-de-ce-este-importanta-data-de-1-septembrie-in-calendarul-ortodox-3920597\">\n<p data-index=\"1\"><strong>La 1 septembrie 2026 \u00eencepe un nou an bisericesc \u00een calendarul ortodox, moment cunoscut \u0219i sub denumirea de \u201eIndictionul\u201d. Spre deosebire de anul civil, care debuteaz\u0103 la 1 ianuarie, cel liturgic are drept reper prima zi a toamnei \u0219i cuprinde succesiunea s\u0103rb\u0103torilor, a posturilor \u0219i a perioadelor de slujire r\u00e2nduite de biseric\u0103. Potrivit tradi\u021biei biserice\u0219ti, aceast\u0103 dat\u0103 este asociat\u0103 cu \u00eenceputul crea\u021biei lumii \u0219i cu debutul activit\u0103\u021bii publice a M\u00e2ntuitorului Iisus Hristos.<\/strong><\/p>\n<p data-index=\"2\">Termenul \u201eIndiction\u201d, provenit din latinescul \u201eindictio\u201d, desemna \u00een lumea roman\u0103 un ciclu cronologic de 15 ani, folosit inclusiv pentru stabilirea obliga\u021biilor fiscale. \u00cen sistemul constantinopolitan, fiecare perioad\u0103 \u00eencepea la 1 septembrie, dat\u0103 care a fost preluat\u0103 ulterior \u00een tradi\u021bia Bisericii R\u0103s\u0103ritene.<\/p>\n<h2 id=\"highlight-3920597-1\">Anul bisericesc \u00eencepe la 1 septembrie 2026<\/h2>\n<p data-index=\"3\">Calendarul oficial al Patriarhiei Rom\u00e2ne men\u021bioneaz\u0103 la 1 septembrie 2026 \u201e\u00cenceputul anului bisericesc\u201d. \u00cen aceea\u0219i zi sunt pomeni\u021bi Sf\u00e2ntul Cuvios Dionisie Exiguul, Sf\u00e2ntul Cuvios Simeon St\u00e2lpnicul, cele 40 de Muceni\u021be din Adrianopol \u0219i Dreptul Iosua, iar \u00een l\u0103ca\u0219urile de cult este s\u0103v\u00e2r\u0219it\u0103 slujba de Te Deum.<\/p>\n<p data-index=\"4\">Noul ciclu eclezial cuprinde s\u0103rb\u0103torile cu dat\u0103 fix\u0103, praznicele a c\u0103ror dat\u0103 se schimb\u0103 \u00een func\u021bie de Sfintele Pa\u0219ti, perioadele de post \u0219i zilele consacrate sfin\u021bilor. Toate aceste repere alc\u0103tuiesc cadrul \u00een care se desf\u0103\u0219oar\u0103 via\u021ba liturgic\u0103 a comunit\u0103\u021bilor ortodoxe.<\/p>\n<p data-index=\"5\">\u00cenvierea Domnului reprezint\u0103 centrul \u00eentregului an, fiind punctul \u00een raport cu care sunt stabilite celelalte s\u0103rb\u0103tori cu dat\u0103 schimb\u0103toare \u0219i succesiunea principalelor perioade de slujire. Astfel, \u00eenceputul de la 1 septembrie nu trebuie confundat cu debutul anului civil, ci exprim\u0103 o r\u00e2nduial\u0103 proprie calendarului bisericii.<\/p>\n<h3>De ce a fost aleas\u0103 data de 1 septembrie<\/h3>\n<p data-index=\"6\">Originea acestei dat\u0103ri este legat\u0103 de Indiction, sistem cronologic utilizat \u00een Imperiul Roman. Acesta era alc\u0103tuit din cicluri de c\u00e2te 15 ani, \u00een interiorul c\u0103rora anii erau numerota\u021bi de la unu la cincisprezece, dup\u0103 care succesiunea era reluat\u0103.<\/p>\n<p data-index=\"7\">Au existat mai multe modalit\u0103\u021bi de calcul, \u00eens\u0103 varianta constantinopolitan\u0103 avea drept reper ziua de 1 septembrie. Semnifica\u021bia momentului nu se limiteaz\u0103 \u00eens\u0103 la originea sa administrativ\u0103. Conform tradi\u021biei biserice\u0219ti, 1 septembrie este asociat cu \u00eenceputul crea\u021biei lumii \u0219i cu debutul propov\u0103duirii M\u00e2ntuitorului Iisus Hristos.<\/p>\n<p data-index=\"8\">Evanghelia citit\u0103 la slujba oficiat\u0103 cu aceast\u0103 ocazie evoc\u0103 intrarea lui Iisus Hristos \u00een sinagoga din Nazaret. M\u00e2ntuitorul a citit atunci din prorocul Isaia pasajul despre vestirea \u201eanului pl\u0103cut Domnului\u201d, episod relatat \u00een Evanghelia dup\u0103 Luca. \u00cen interpretarea liturgic\u0103, fragmentul exprim\u0103 chemarea la \u00eennoire \u0219i \u00eenceputul lucr\u0103rii Sale publice.<\/p>\n<h2 id=\"highlight-3920597-2\">Cum este structurat anul bisericesc<\/h2>\n<p data-index=\"9\">Via\u021ba liturgic\u0103 ortodox\u0103 este organizat\u0103 \u00een trei mari perioade, stabilite \u00een raport cu praznicul \u00cenvierii Domnului: Octoihul, Triodul \u0219i Penticostarul. Denumirile provin de la principalele c\u0103r\u021bi de cult care r\u00e2nduiesc c\u00e2nt\u0103rile \u0219i slujbele specifice fiec\u0103rui interval.<\/p>\n<p data-index=\"10\">Octoihul acoper\u0103 cea mai mare parte a calendarului eclezial. Perioada \u00eencepe dup\u0103 Duminica Tuturor Sfin\u021bilor, prima de dup\u0103 Rusalii, \u0219i se \u00eencheie odat\u0103 cu intrarea \u00een Triod. Durata sa nu este identic\u0103 \u00een fiecare an, deoarece depinde de data Sfintelor Pa\u0219ti. Na\u0219terea Domnului \u0219i Botezul Domnului se num\u0103r\u0103 printre marile praznice cuprinse \u00een aceast\u0103 etap\u0103.<\/p>\n<p data-index=\"11\">Triodul reprezint\u0103 intervalul de preg\u0103tire pentru \u00cenviere. Acesta debuteaz\u0103 \u00een Duminica Vame\u0219ului \u0219i a Fariseului, include s\u0103pt\u0103m\u00e2nile premerg\u0103toare Postului Mare, cele 40 de zile de post \u0219i S\u0103pt\u0103m\u00e2na Sfintelor P\u0103timiri, \u00eencheindu-se \u00een S\u00e2mb\u0103ta Mare.<\/p>\n<p data-index=\"12\">Penticostarul \u00eencepe \u00een Duminica \u00cenvierii \u0219i continu\u0103 p\u00e2n\u0103 la Duminica Tuturor Sfin\u021bilor, prima dup\u0103 Rusalii. Cele opt s\u0103pt\u0103m\u00e2ni ale acestei perioade sunt dedicate bucuriei pascale, \u00cen\u0103l\u021b\u0103rii Domnului \u0219i Pogor\u00e2rii Sf\u00e2ntului Duh.<\/p>\n<h2 id=\"highlight-3920597-3\">Ce semnifica\u021bie are \u00eenceputul noului an pentru credincio\u0219i<\/h2>\n<p data-index=\"13\">Din perspectiv\u0103 religioas\u0103, trecerea \u00eentr-un alt an bisericesc nu reprezint\u0103 doar schimbarea unei file din calendar. Momentul este privit drept o chemare la reflec\u021bie, \u00eendreptare \u0219i folosire responsabil\u0103 a timpului.<\/p>\n<p data-index=\"14\">Slujbele s\u0103v\u00e2r\u0219ite cu acest prilej exprim\u0103 recuno\u0219tin\u021ba pentru perioada \u00eencheiat\u0103 \u0219i cer binecuv\u00e2ntarea lui Dumnezeu pentru cea care urmeaz\u0103. \u00cen biserici este oficiat Te Deum-ul, r\u00e2nduial\u0103 prin care clericii \u0219i credincio\u0219ii aduc mul\u021bumire \u0219i se roag\u0103 pentru pace, s\u0103n\u0103tate \u0219i ajutor \u00een noul parcurs.<\/p>\n<p data-index=\"15\">Prima mare s\u0103rb\u0103toare a ciclului deschis la 1 septembrie este Na\u0219terea Maicii Domnului, celebrat\u0103 la 8 septembrie. \u00cenceputul anului bisericesc devine astfel un reper al re\u00eennoirii suflete\u0219ti. De-a lungul lunilor urm\u0103toare, succesiunea praznicelor \u0219i a celorlalte r\u00e2nduieli \u00eei conduce pe credincio\u0219i prin momentele fundamentale ale credin\u021bei cre\u0219tine, av\u00e2nd \u00een centru \u00cenvierea Domnului.<\/p>\n<p> Editor : <a href=\"https:\/\/www.digi24.ro\/autor\/marina-cimpoaca\"> M.C. <\/a><\/p>\n<\/div>\n<p>[analyse_source url=&#8221;https:\/\/www.digi24.ro\/stiri\/actualitate\/evenimente\/inceputul-anului-bisericesc-2026-de-ce-este-importanta-data-de-1-septembrie-in-calendarul-ortodox-3920597&#8243;]<\/p>\n","protected":false},"excerpt":{"rendered":"<p>[analyse_image type=&#8221;featured&#8221; src=&#8221;https:\/\/s.iw.ro\/gateway\/g\/ZmlsZVNvdXJjZT1odHRwJTNBJTJGJTJG\/c3RvcmFnZTA4dHJhbnNjb2Rlci5yY3Mt\/cmRzLnJvJTJGc3RvcmFnZSUyRjIwMjYl\/MkYwOCUyRjI1JTJGMjkyNDcwMl8yOTI0\/NzAyX0luY2VwdXR1bC1hbnVsdWktYmlz\/ZXJpY2VzYy0yMDI2Xy1Gb3RvLUdldHR5\/LUltYWdlcy5qcGcmdz0xMjAwJmg9NjMw\/JnpjPTEmaGFzaD1kNGI2NGNlMmM3N2U5YmJkYzRlOGM3Y2JiYjhlZGY0ZQ==.thumb.jpg&#8221;] La 1 septembrie 2026 \u00eencepe un nou an bisericesc \u00een calendarul ortodox, moment cunoscut \u0219i sub denumirea de \u201eIndictionul\u201d. Spre deosebire de anul civil, care debuteaz\u0103 la 1 ianuarie, cel liturgic are drept reper prima zi a toamnei \u0219i cuprinde succesiunea s\u0103rb\u0103torilor, a posturilor \u0219i a perioadelor de slujire r\u00e2nduite de biseric\u0103. [&hellip;]<\/p>\n","protected":false},"author":1,"featured_media":0,"comment_status":"open","ping_status":"","sticky":false,"template":"","format":"standard","meta":{"footnotes":""},"categories":[89],"tags":[226,11],"class_list":["post-2121725","post","type-post","status-publish","format-standard","hentry","category-romania","tag-crawlmanager","tag-digi24"],"_links":{"self":[{"href":"https:\/\/analyse.optim.biz\/index.php?rest_route=\/wp\/v2\/posts\/2121725","targetHints":{"allow":["GET"]}}],"collection":[{"href":"https:\/\/analyse.optim.biz\/index.php?rest_route=\/wp\/v2\/posts"}],"about":[{"href":"https:\/\/analyse.optim.biz\/index.php?rest_route=\/wp\/v2\/types\/post"}],"author":[{"embeddable":true,"href":"https:\/\/analyse.optim.biz\/index.php?rest_route=\/wp\/v2\/users\/1"}],"replies":[{"embeddable":true,"href":"https:\/\/analyse.optim.biz\/index.php?rest_route=%2Fwp%2Fv2%2Fcomments&post=2121725"}],"version-history":[{"count":0,"href":"https:\/\/analyse.optim.biz\/index.php?rest_route=\/wp\/v2\/posts\/2121725\/revisions"}],"wp:attachment":[{"href":"https:\/\/analyse.optim.biz\/index.php?rest_route=%2Fwp%2Fv2%2Fmedia&parent=2121725"}],"wp:term":[{"taxonomy":"category","embeddable":true,"href":"https:\/\/analyse.optim.biz\/index.php?rest_route=%2Fwp%2Fv2%2Fcategories&post=2121725"},{"taxonomy":"post_tag","embeddable":true,"href":"https:\/\/analyse.optim.biz\/index.php?rest_route=%2Fwp%2Fv2%2Ftags&post=2121725"}],"curies":[{"name":"wp","href":"https:\/\/api.w.org\/{rel}","templated":true}]}}