{"id":2121692,"date":"2026-09-01T04:00:08","date_gmt":"2026-09-01T01:00:08","guid":{"rendered":"https:\/\/analyse.optim.biz\/?p=2121692"},"modified":"2026-09-01T04:00:08","modified_gmt":"2026-09-01T01:00:08","slug":"de-la-erou-de-razboi-la-ostaticul-lui-zelenski-kirilo-budanov-in-mijlocul-unui-scandal-de-coruptie","status":"publish","type":"post","link":"https:\/\/analyse.optim.biz\/?p=2121692","title":{"rendered":"De la erou de r\u0103zboi la \u201eostaticul lui Zelenski\u201d. Kirilo Budanov, \u00een mijlocul unui scandal de corup\u021bie&#8230;"},"content":{"rendered":"<p>[analyse_image type=&#8221;featured&#8221; src=&#8221;https:\/\/s.iw.ro\/gateway\/g\/ZmlsZVNvdXJjZT1odHRwJTNBJTJGJTJG\/c3RvcmFnZTA4dHJhbnNjb2Rlci5yY3Mt\/cmRzLnJvJTJGc3RvcmFnZSUyRjIwMjYl\/MkYwOCUyRjMxJTJGMjkzMTcxNV8yOTMx\/NzE1X3Byb2ZpbWVkaWEtMTA5MzQ2NDM5\/Ny5qcGcmdz0xMjAwJmg9NjMwJnpjPTEm\/aGFzaD0wNTQxNjU5MDZjNzU2NjRmZmY1ZGU0NTJlM2I5ZTk5ZQ==.thumb.jpg&#8221;]<\/p>\n<div class=\"entry data-app-meta data-app-meta-article\" data-embed-base-url-canonical=\"https:\/\/www.digi24.ro\/embed\/stiri\/externe\/de-la-erou-de-razboi-la-ostaticul-lui-zelenski-kirilo-budanov-in-mijlocul-unui-scandal-de-coruptie-care-ii-poate-schimba-cariera-3928711\">\n<p data-index=\"1\"><strong>\u0218eful Cancelariei preziden\u021biale a Ucrainei, Kirilo Budanov, este implicat \u00eentr-o controvers\u0103 dup\u0103 ce numele s\u0103u a ap\u0103rut \u00een \u00eenregistr\u0103ri dintr-un amplu dosar de corup\u021bie. Potrivit publica\u021biei Hromadske, care citeaz\u0103 documente judiciare, transcrierile depuse de procurori \u00eel identific\u0103 pe Budanov drept unul dintre vorbitorii din \u00eenregistr\u0103ri, relateaz\u0103 <a href=\"https:\/\/kyivindependent.com\/budanovs-political-honeymoon-is-over\/?fbclid=IwY2xjawUCPWJwZG9mAWV4dG4DYWVtAjEwAHNydGMGYXBwX2lkEDIyMjAzOTE3ODgyMDA4OTIAAR4E8iY79acitEf_IUruM0yc6Nx78ZKFBKnkCNC5qNnmfFTco5GQTOJJQtaKNg_aem_yDsv0JHslwCtxmfsQ1p4QA\" target=\"_blank\" rel=\"noopener\" data-skip-linkfix=\"1\">Kyiv Independent<\/a>.<\/strong><\/p>\n<p data-index=\"2\">Dosarul o vizeaz\u0103 pe Irina Mudra, fost adjunct al lui Budanov, pus\u0103 sub acuzare pentru preluare ilegal\u0103 de companii \u0219i sp\u0103lare de bani. Ancheta este legat\u0103 de cazul Energoatom, monopolul de stat din domeniul energiei nucleare.<\/p>\n<p data-index=\"3\">\u00cen \u00eenregistr\u0103ri este men\u021bionat \u00een repetate r\u00e2nduri un \u201eKirilo Oleksiyovich\u201d, numele \u0219i patronimicul lui Budanov. La o audiere din 25 august, avocatul directorului executiv al Sense Bank, unul dintre suspec\u021bii din dosar, a prezentat o conversa\u021bie \u00een care un b\u0103rbat identificat ca Budanov ar fi discutat despre activit\u0103\u021bi ilegale.<\/p>\n<p data-index=\"4\">Potrivit Hromadske, procurorii \u00eel identific\u0103 explicit pe Budanov drept vorbitor \u00een transcrierile depuse la dosar.<\/p>\n<h2 id=\"highlight-3928711-1\">Ce apare \u00een \u00eenregistr\u0103ri<\/h2>\n<p data-index=\"5\">\u00centr-o alt\u0103 conversa\u021bie, Irina Mudra \u0219i fostul deputat Maksim Mikitas ar fi discutat despre o solicitare f\u0103cut\u0103 de Timur Mindich, suspect \u00een dosarul Energoatom \u0219i apropiat al pre\u0219edintelui Volodimir Zelenski.<\/p>\n<p data-index=\"6\">Mindich ar fi cerut preluarea controlului asupra fluxurilor de numerar ale Sense Bank. \u201eMindich l-a abordat pe Kirilo\u201d, ar fi spus Mudra, potrivit \u00eenregistr\u0103rilor, ad\u0103ug\u00e2nd c\u0103 era vorba despre \u201efluxuri financiare serioase\u201d.<\/p>\n<p data-index=\"7\">Mudra \u0219i Mikitas sunt acuza\u021bi c\u0103 au sp\u0103lat 150 de milioane de grivne, aproximativ 3,4 milioane de dolari, prin Sense Bank pentru plata cau\u021biunii unui alt oficial de rang \u00eenalt implicat \u00een dosar.<\/p>\n<p data-index=\"8\">Budanov nu a fost pus sub acuzare \u00een acest caz, iar institu\u021biile anticorup\u021bie nu l-au indicat drept suspect.<\/p>\n<h2 id=\"highlight-3928711-2\">Un posibil succesor<\/h2>\n<p data-index=\"9\">Budanov a preluat conducerea Cancelariei preziden\u021biale \u00een ianuarie, dup\u0103 ce l-a \u00eenlocuit pe Andrii Iermak, demis cu c\u00e2teva luni \u00eenainte \u00een contextul aceluia\u0219i scandal de corup\u021bie \u0219i pus ulterior sub acuzare pentru sp\u0103lare de bani.<\/p>\n<p data-index=\"10\">Fostul \u0219ef al serviciului de informa\u021bii militare era considerat, \u00eenainte de intrarea \u00een politic\u0103, una dintre cele mai populare \u0219i mai de \u00eencredere figuri publice din Ucraina. Militar de carier\u0103, Budanov a condus HUR \u0219i a coordonat mai multe opera\u021biuni \u00een timpul r\u0103zboiului cu Rusia.<\/p>\n<p data-index=\"11\">Numirea sa la conducerea Cancelariei preziden\u021biale a fost interpretat\u0103 de unii drept o posibil\u0103 \u00eencercare a lui Zelenski de a \u00eendep\u0103rta un poten\u021bial rival politic sau de a preg\u0103ti un posibil succesor.<\/p>\n<p data-index=\"12\">Budanov a p\u0103strat \u00eens\u0103 echipa lui Iermak. \u00centr-un interviu difuzat pe 28 august, el a spus c\u0103 a optat pentru \u201econtinuitate institu\u021bional\u0103\u201d \u0219i c\u0103 nu a vrut s\u0103 perturbe activitatea institu\u021biilor \u00een timp ce noii oficiali \u00ee\u0219i preluau atribu\u021biile.<\/p>\n<h2 id=\"highlight-3928711-3\">\u201eOstaticul lui Zelenski\u201d<\/h2>\n<p data-index=\"13\">Scandalul ar putea avea consecin\u021be asupra imaginii lui Budanov \u0219i asupra viitorului s\u0103u politic, consider\u0103 anali\u0219ti cita\u021bi de Kyiv Independent.<\/p>\n<p data-index=\"14\">Analistul politic Volodimir Fesenko spune c\u0103 Budanov a devenit \u201eostaticul lui Zelenski\u201d \u0219i c\u0103 acesta ar putea fi nevoit s\u0103 aleag\u0103 \u00eentre r\u0103m\u00e2nerea \u00een echipa pre\u0219edintelui \u0219i p\u0103strarea unei imagini de politician independent.<\/p>\n<p data-index=\"15\">\u201eDac\u0103 vrea s\u0103-\u0219i p\u0103streze poten\u021bialul statut de figur\u0103 politic\u0103 independent\u0103, cred c\u0103 va trebui s\u0103 se distan\u021beze de Zelenski\u201d, a declarat Fesenko.<\/p>\n<p data-index=\"16\">Analistul subliniaz\u0103 \u00eens\u0103 c\u0103 simplul fapt c\u0103 Budanov ar fi cerut str\u00e2ngerea unor bani pentru plata unei cau\u021biuni nu constituie, \u00een sine, o infrac\u021biune. Ar putea ap\u0103rea consecin\u021be juridice doar dac\u0103 ancheta ar demonstra existen\u021ba unei \u00eenc\u0103lc\u0103ri a legii sau a unor scheme ilegale.<\/p>\n<h2 id=\"highlight-3928711-4\">Budanov se declar\u0103 \u00eempotriva corup\u021biei<\/h2>\n<p data-index=\"17\">Ironia situa\u021biei este c\u0103, dup\u0103 numirea sa \u00een Cancelaria preziden\u021bial\u0103, Budanov s-a prezentat drept un adversar al corup\u021biei \u0219i a sus\u021binut c\u0103 institu\u021bia este deschis\u0103 propunerilor venite din partea activi\u0219tilor anticorup\u021bie.<\/p>\n<p data-index=\"18\">\u201eCorup\u021bia \u00eencepe acolo unde \u00eencepe gestionarea direct\u0103\u201d, declara el \u00een aprilie.<\/p>\n<p data-index=\"19\">\u00cen urma scandalului, Budanov a evitat s\u0103 ofere comentarii detaliate \u0219i a transmis c\u0103 \u201einstan\u021ba s\u0103 l\u0103mureasc\u0103 lucrurile\u201d.<\/p>\n<p data-index=\"20\">Exper\u021bii cita\u021bi de Kyiv Independent avertizeaz\u0103 c\u0103, dac\u0103 \u00eenregistr\u0103rile se confirm\u0103, acestea l-ar putea lega pe Budanov de sistemul politic pe care criticii \u00eel asociaz\u0103 cu problemele de corup\u021bie din Ucraina.<\/p>\n<p data-index=\"21\">Profesorul de \u0219tiin\u021be politice Olexiy Haran consider\u0103 c\u0103 realiz\u0103rile militare ale lui Budanov nu ar trebui s\u0103 \u00eel plaseze \u00een afara controlului institu\u021biilor anticorup\u021bie.<\/p>\n<p data-index=\"22\">\u201eOamenii care au realiz\u0103ri militare sunt trata\u021bi diferit. Dar aceste realiz\u0103ri nu ar trebui s\u0103-i pun\u0103 \u00een afara razei de ac\u021biune a organelor de aplicare a legii sau a institu\u021biilor anticorup\u021bie\u201d, a declarat Haran.<\/p>\n<p data-index=\"23\">La momentul public\u0103rii articolului, Cancelaria preziden\u021bial\u0103 nu oferise un r\u0103spuns la acuza\u021biile prezentate \u00een material, potrivit sursei citate.\u00a0<\/p>\n<p> Editor : <a href=\"https:\/\/www.digi24.ro\/autor\/cristina-sava\"> C.S. <\/a><\/p>\n<\/div>\n<p>[analyse_source url=&#8221;https:\/\/www.digi24.ro\/stiri\/externe\/de-la-erou-de-razboi-la-ostaticul-lui-zelenski-kirilo-budanov-in-mijlocul-unui-scandal-de-coruptie-care-ii-poate-schimba-cariera-3928711&#8243;]<\/p>\n","protected":false},"excerpt":{"rendered":"<p>[analyse_image type=&#8221;featured&#8221; src=&#8221;https:\/\/s.iw.ro\/gateway\/g\/ZmlsZVNvdXJjZT1odHRwJTNBJTJGJTJG\/c3RvcmFnZTA4dHJhbnNjb2Rlci5yY3Mt\/cmRzLnJvJTJGc3RvcmFnZSUyRjIwMjYl\/MkYwOCUyRjMxJTJGMjkzMTcxNV8yOTMx\/NzE1X3Byb2ZpbWVkaWEtMTA5MzQ2NDM5\/Ny5qcGcmdz0xMjAwJmg9NjMwJnpjPTEm\/aGFzaD0wNTQxNjU5MDZjNzU2NjRmZmY1ZGU0NTJlM2I5ZTk5ZQ==.thumb.jpg&#8221;] \u0218eful Cancelariei preziden\u021biale a Ucrainei, Kirilo Budanov, este implicat \u00eentr-o controvers\u0103 dup\u0103 ce numele s\u0103u a ap\u0103rut \u00een \u00eenregistr\u0103ri dintr-un amplu dosar de corup\u021bie. Potrivit publica\u021biei Hromadske, care citeaz\u0103 documente judiciare, transcrierile depuse de procurori \u00eel identific\u0103 pe Budanov drept unul dintre vorbitorii din \u00eenregistr\u0103ri, relateaz\u0103 Kyiv Independent. Dosarul o vizeaz\u0103 pe [&hellip;]<\/p>\n","protected":false},"author":1,"featured_media":0,"comment_status":"open","ping_status":"","sticky":false,"template":"","format":"standard","meta":{"footnotes":""},"categories":[89],"tags":[226,11],"class_list":["post-2121692","post","type-post","status-publish","format-standard","hentry","category-romania","tag-crawlmanager","tag-digi24"],"_links":{"self":[{"href":"https:\/\/analyse.optim.biz\/index.php?rest_route=\/wp\/v2\/posts\/2121692","targetHints":{"allow":["GET"]}}],"collection":[{"href":"https:\/\/analyse.optim.biz\/index.php?rest_route=\/wp\/v2\/posts"}],"about":[{"href":"https:\/\/analyse.optim.biz\/index.php?rest_route=\/wp\/v2\/types\/post"}],"author":[{"embeddable":true,"href":"https:\/\/analyse.optim.biz\/index.php?rest_route=\/wp\/v2\/users\/1"}],"replies":[{"embeddable":true,"href":"https:\/\/analyse.optim.biz\/index.php?rest_route=%2Fwp%2Fv2%2Fcomments&post=2121692"}],"version-history":[{"count":0,"href":"https:\/\/analyse.optim.biz\/index.php?rest_route=\/wp\/v2\/posts\/2121692\/revisions"}],"wp:attachment":[{"href":"https:\/\/analyse.optim.biz\/index.php?rest_route=%2Fwp%2Fv2%2Fmedia&parent=2121692"}],"wp:term":[{"taxonomy":"category","embeddable":true,"href":"https:\/\/analyse.optim.biz\/index.php?rest_route=%2Fwp%2Fv2%2Fcategories&post=2121692"},{"taxonomy":"post_tag","embeddable":true,"href":"https:\/\/analyse.optim.biz\/index.php?rest_route=%2Fwp%2Fv2%2Ftags&post=2121692"}],"curies":[{"name":"wp","href":"https:\/\/api.w.org\/{rel}","templated":true}]}}