{"id":2121659,"date":"2026-09-01T03:44:18","date_gmt":"2026-09-01T00:44:18","guid":{"rendered":"https:\/\/analyse.optim.biz\/?p=2121659"},"modified":"2026-09-01T03:44:18","modified_gmt":"2026-09-01T00:44:18","slug":"calin-georgescu-vine-sambata-in-judetul-vaslui-prima-oprire-anuntata-va-fi-in-piata-agroalimentara-din-codaesti","status":"publish","type":"post","link":"https:\/\/analyse.optim.biz\/?p=2121659","title":{"rendered":"C\u0103lin Georgescu vine\u00a0s\u00e2mb\u0103t\u0103\u00a0\u00een jude\u021bul Vaslui. Prima oprire anun\u021bat\u0103\u00a0va fi\u00a0\u00een pia\u021ba agroalimentar\u0103 din Cod\u0103e\u0219ti"},"content":{"rendered":"<p>[analyse_image type=&#8221;featured&#8221; src=&#8221;https:\/\/www.monitoruldevaslui.ro\/wp-content\/uploads\/2026\/09\/Calin-Georgescu.png&#8221;]<\/p>\n<div class=\"tdb-block-inner td-fix-index\"><a class=\"tdb-logo-a\" href=\"https:\/\/www.monitoruldevaslui.ro\/\"><span class=\"tdb-logo-img-wrap\"><img decoding=\"async\" class=\"tdb-logo-img td-retina-data\" data-retina=\"https:\/\/www.monitoruldevaslui.ro\/wp-content\/uploads\/2025\/07\/Monitorul-logo-motto-2.png\" src=\"https:\/\/www.monitoruldevaslui.ro\/wp-content\/uploads\/2025\/07\/Monitorul-logo-motto-2.png\" alt=\"Logo\" title><\/span><span class=\"tdb-logo-text-wrap\"><span class=\"tdb-logo-text-title\">News<\/span><span class=\"tdb-logo-text-tagline\">Hub<\/span><\/span><\/a><\/div>\n<div class=\"tdb-block-inner td-fix-index\"><a class=\"tdb-logo-a\" href=\"https:\/\/www.monitoruldevaslui.ro\/\"><span class=\"tdb-logo-img-wrap\"><img decoding=\"async\" class=\"tdb-logo-img td-retina-data\" data-retina=\"https:\/\/www.monitoruldevaslui.ro\/wp-content\/uploads\/2025\/07\/Monitorul-logo-motto-2.png\" src=\"https:\/\/www.monitoruldevaslui.ro\/wp-content\/uploads\/2025\/07\/Monitorul-logo-motto-2.png\" alt=\"Logo\" title><\/span><\/a><\/div>\n<div class=\"tdb-block-inner td-fix-index\">\n<div class=\"tdb-weather-deg-wrap\" data-block-uid=\"tdb_header_weather_uid\"><span class=\"tdb-weather-deg\">18<\/span><span class=\"tdb-weather-unit\">C<\/span><\/div>\n<div class=\"tdb-weather-city\">Vaslui<\/div>\n<\/div>\n<div class=\"td-post-content tagdiv-type\">\n<p class=\"wp-block-paragraph\"><strong>C\u0103lin Georgescu va veni s\u00e2mb\u0103t\u0103, 5 septembrie 2026, \u00een jude\u021bul Vaslui.<\/strong><strong>El<\/strong><strong>\u0219i-a anun\u021bat public prezen\u021ba la Cod\u0103e\u0219ti, unde, \u00eencep\u00e2nd cu ora 7:30, va merge \u00een pia\u021ba agroalimentar\u0103. Anun\u021bul a fost f\u0103cut de C\u0103lin Georgescu pe pagina sa de Facebook, \u00een cadrul unui mesaj prin care lanseaz\u0103 campania intitulat\u0103 \u201eToamna C\u0103m\u0103rilor Rom\u00e2ne\u0219ti\u201d \u0219i \u00eei \u00eendeamn\u0103 pe rom\u00e2ni s\u0103 cumpere produse direct de la produc\u0103torii autohtoni.<\/strong><\/p>\n<div class=\"wp-block-image\">\n<figure class=\"aligncenter size-full is-resized\"><img loading=\"lazy\" decoding=\"async\" width=\"993\" height=\"600\" src=\"https:\/\/www.monitoruldevaslui.ro\/wp-content\/uploads\/2026\/09\/Calin-Georgescu.png\" alt class=\"wp-image-100115\"><\/figure>\n<\/div>\n<p class=\"wp-block-paragraph\">\u201eToamna C\u0103m\u0103rilor Rom\u00e2ne\u0219ti \u00eencepe de m\u00e2ine. Direct de la produc\u0103tor \u00een c\u0103mar\u0103. Cump\u0103r\u0103m rom\u00e2ne\u0219te, ridic\u0103m \u021bara!\u201d, a transmis C\u0103lin Georgescu, \u00eentr-un mesaj \u00een care \u00eei \u00eendeamn\u0103 pe oameni s\u0103 cumpere \u00een aceast\u0103 toamn\u0103 de la produc\u0103tori locali, cresc\u0103tori de animale \u0219i firme cu proprietari rom\u00e2ni, sus\u021bin\u00e2nd c\u0103 astfel banii r\u0103m\u00e2n \u00een economia local\u0103.<\/p>\n<p class=\"wp-block-paragraph\">\u00cen mesajul s\u0103u, Georgescu transmite\u00a0c\u0103 va ajunge s\u00e2mb\u0103t\u0103 diminea\u021b\u0103 la Cod\u0103e\u0219ti:\u00a0\u201eS\u00e2mb\u0103t\u0103, 5 septembrie, la ora 7:30, voi fi \u00een pia\u021ba agroalimentar\u0103 din Cod\u0103e\u0219ti, jude\u021bul Vaslui. Nu am ales \u00eent\u00e2mpl\u0103tor acest loc: Cod\u0103e\u0219tiul istoric poate s\u0103 redevin\u0103 t\u00e2rgul de aprovizionare al Moldovei\u201d.<\/p>\n<p class=\"wp-block-paragraph\">El\u00a0afirm\u0103 c\u0103 alegerea produselor rom\u00e2ne\u0219ti reprezint\u0103 o modalitate de sprijinire a comunit\u0103\u021bilor \u0219i a produc\u0103torilor locali. \u201eAdev\u0103ratul patriotism se vede \u0219i \u00een gesturi simple: c\u00e2nd cump\u0103r\u0103m rom\u00e2ne\u0219te, \u00eent\u0103rim comunit\u0103\u021bile locale \u0219i le d\u0103m putere celor care hr\u0103nesc \u021bara\u201d, transmite \u00een mesaj.<\/p>\n<\/div>\n<p>[analyse_source url=&#8221;https:\/\/www.monitoruldevaslui.ro\/2026\/09\/calin-georgescu-vine-sambata-in-judetul-vaslui-prima-oprire-anuntata-va-fi-in-piata-agroalimentara-din-codaesti\/#new_tab&#8221;]<\/p>\n","protected":false},"excerpt":{"rendered":"<p>[analyse_image type=&#8221;featured&#8221; src=&#8221;https:\/\/www.monitoruldevaslui.ro\/wp-content\/uploads\/2026\/09\/Calin-Georgescu.png&#8221;] NewsHub 18C Vaslui C\u0103lin Georgescu va veni s\u00e2mb\u0103t\u0103, 5 septembrie 2026, \u00een jude\u021bul Vaslui.El\u0219i-a anun\u021bat public prezen\u021ba la Cod\u0103e\u0219ti, unde, \u00eencep\u00e2nd cu ora 7:30, va merge \u00een pia\u021ba agroalimentar\u0103. Anun\u021bul a fost f\u0103cut de C\u0103lin Georgescu pe pagina sa de Facebook, \u00een cadrul unui mesaj prin care lanseaz\u0103 campania intitulat\u0103 \u201eToamna C\u0103m\u0103rilor [&hellip;]<\/p>\n","protected":false},"author":1,"featured_media":0,"comment_status":"open","ping_status":"","sticky":false,"template":"","format":"standard","meta":{"footnotes":""},"categories":[89],"tags":[226,217],"class_list":["post-2121659","post","type-post","status-publish","format-standard","hentry","category-romania","tag-crawlmanager","tag-vaslui-robo-stiri-ro"],"_links":{"self":[{"href":"https:\/\/analyse.optim.biz\/index.php?rest_route=\/wp\/v2\/posts\/2121659","targetHints":{"allow":["GET"]}}],"collection":[{"href":"https:\/\/analyse.optim.biz\/index.php?rest_route=\/wp\/v2\/posts"}],"about":[{"href":"https:\/\/analyse.optim.biz\/index.php?rest_route=\/wp\/v2\/types\/post"}],"author":[{"embeddable":true,"href":"https:\/\/analyse.optim.biz\/index.php?rest_route=\/wp\/v2\/users\/1"}],"replies":[{"embeddable":true,"href":"https:\/\/analyse.optim.biz\/index.php?rest_route=%2Fwp%2Fv2%2Fcomments&post=2121659"}],"version-history":[{"count":0,"href":"https:\/\/analyse.optim.biz\/index.php?rest_route=\/wp\/v2\/posts\/2121659\/revisions"}],"wp:attachment":[{"href":"https:\/\/analyse.optim.biz\/index.php?rest_route=%2Fwp%2Fv2%2Fmedia&parent=2121659"}],"wp:term":[{"taxonomy":"category","embeddable":true,"href":"https:\/\/analyse.optim.biz\/index.php?rest_route=%2Fwp%2Fv2%2Fcategories&post=2121659"},{"taxonomy":"post_tag","embeddable":true,"href":"https:\/\/analyse.optim.biz\/index.php?rest_route=%2Fwp%2Fv2%2Ftags&post=2121659"}],"curies":[{"name":"wp","href":"https:\/\/api.w.org\/{rel}","templated":true}]}}