{"id":2121645,"date":"2026-09-01T03:44:18","date_gmt":"2026-09-01T00:44:18","guid":{"rendered":"https:\/\/analyse.optim.biz\/?p=2121645"},"modified":"2026-09-01T03:44:18","modified_gmt":"2026-09-01T00:44:18","slug":"laura-gherasim-deputat-aur-cazul-fritz-intoarce-politica-romaneasca-la-caragiale-curat-constitutional","status":"publish","type":"post","link":"https:\/\/analyse.optim.biz\/?p=2121645","title":{"rendered":"Laura Gherasim, deputat Aur: Cazul Fritz \u00eentoarce politica rom\u00e2neasc\u0103\u00a0la\u00a0Caragiale: \u201eCurat constitu\u021bional!\u201d"},"content":{"rendered":"<p>[analyse_image type=&#8221;featured&#8221; src=&#8221;&#8221;]<\/p>\n<div class=\"tdb-block-inner td-fix-index\"><a class=\"tdb-logo-a\" href=\"https:\/\/www.monitoruldevaslui.ro\/\"><span class=\"tdb-logo-img-wrap\"><img decoding=\"async\" class=\"tdb-logo-img td-retina-data\" data-retina=\"https:\/\/www.monitoruldevaslui.ro\/wp-content\/uploads\/2025\/07\/Monitorul-logo-motto-2.png\" src=\"https:\/\/www.monitoruldevaslui.ro\/wp-content\/uploads\/2025\/07\/Monitorul-logo-motto-2.png\" alt=\"Logo\" title><\/span><span class=\"tdb-logo-text-wrap\"><span class=\"tdb-logo-text-title\">News<\/span><span class=\"tdb-logo-text-tagline\">Hub<\/span><\/span><\/a><\/div>\n<div class=\"tdb-block-inner td-fix-index\"><a class=\"tdb-logo-a\" href=\"https:\/\/www.monitoruldevaslui.ro\/\"><span class=\"tdb-logo-img-wrap\"><img decoding=\"async\" class=\"tdb-logo-img td-retina-data\" data-retina=\"https:\/\/www.monitoruldevaslui.ro\/wp-content\/uploads\/2025\/07\/Monitorul-logo-motto-2.png\" src=\"https:\/\/www.monitoruldevaslui.ro\/wp-content\/uploads\/2025\/07\/Monitorul-logo-motto-2.png\" alt=\"Logo\" title><\/span><\/a><\/div>\n<div class=\"tdb-block-inner td-fix-index\">\n<div class=\"tdb-weather-deg-wrap\" data-block-uid=\"tdb_header_weather_uid\"><span class=\"tdb-weather-deg\">18<\/span><span class=\"tdb-weather-unit\">C<\/span><\/div>\n<div class=\"tdb-weather-city\">Vaslui<\/div>\n<\/div>\n<div class=\"td-post-content tagdiv-type\">\n<p class=\"wp-block-paragraph\"><strong>Partidul care promova ideea \u201eF\u0103r\u0103 penali \u00een func\u021bii publice\u201d, face acum zid \u00een jurul pre\u0219edintelui s\u0103u, judecat de justi\u021bia rom\u00e2n\u0103 \u0219i g\u0103sit vinovat de conflict de interese. Mai mult, a \u00eencercat s\u0103 promoveze \u00een Parlament o lege care-l exonera pe Dominic Fritz, \u0219i, c\u00e2nd nu au reu\u0219it, au \u00eenceput s\u0103 arunce cu acuze. \u00cen PNL, c\u0103 ar fi tr\u0103dat la vot, \u00een PSD, c\u0103 au promovat un amendament care-l prive\u0219te pe Fritz, \u00een\u00a0AUR, c\u0103 ar fi votat aceast\u0103 lege ca s\u0103-l elimine politic. \u201eDe c\u00e2nd a devenit pre\u0219edintele USR o asemenea amenin\u021bare politic\u0103 \u00eenc\u00e2t un partid \u00eentreg ar trebui s\u0103 mobilizeze Parlamentul Rom\u00e2niei ca s\u0103 scape de el? Serios acum, cine este Dominic Fritz pentru AUR ca s\u0103 construim o lege \u00eempotriva lui?\u201d, se \u00eentreab\u0103 deputata AUR Laura Gherasim.<\/strong><\/p>\n<div class=\"wp-block-image\">\n<figure class=\"aligncenter size-full is-resized\"><img loading=\"lazy\" decoding=\"async\" width=\"900\" height=\"600\" src=\"https:\/\/www.monitoruldevaslui.ro\/wp-content\/uploads\/2026\/08\/Laura-Gherasim-deputat-AUR-parlament.png\" alt class=\"wp-image-100060\"><\/figure>\n<\/div>\n<p class=\"wp-block-paragraph\">\u00centr-o ampl\u0103 postare pe site-ul s\u0103u de socializare, parlamentarul vasluian face \u0219i o constatare: politica rom\u00e2neasc\u0103 s-a \u00eentors cu 140 de ani \u00een urm\u0103, pe vremea lui Caragiale. \u201eA scris Caragiale piesa (\u201eO scrisoare pierdut\u0103\u201d), acum 142 de ani, noi doar schimb\u0103m distribu\u021bia. \u201eCurat murdar!\u201d.\u00a0<\/p>\n<p class=\"wp-block-paragraph\">\u201eM\u0103 uit la toat\u0103 povestea asta cu Dominic Fritz \u0219i, dac\u0103 nu ar fi despre legile unei \u021b\u0103ri \u0219i despre felul \u00een care \u00een\u021belegem s\u0103 le respect\u0103m, aproape c\u0103 ar fi de r\u00e2s. Caragiale ar fi avut material pentru \u00eenc\u0103 un act la \u201eO scrisoare pierdut\u0103\u201d. Ca\u021bavencu ar fi cerut probabil o directiv\u0103 european\u0103, dou\u0103 comunicate de pres\u0103 \u0219i pu\u021bin\u0103 \u00eengrijorare de la Bruxelles, iar Trahanache, privind lini\u0219tit toat\u0103 tevatura, ne-ar fi spus: \u201eAi pu\u021bintic\u0103 r\u0103bdare\u201d, scrie deputata AUR Laura Gherasim site-ul s\u0103u de socializare, ocazie cu care le r\u0103spunde colegilor de partid ai pre\u0219edintelui care-\u0219i va pierde mandatul de primar.<\/p>\n<p class=\"wp-block-paragraph\">\u201eNi se spune, mai pe fa\u021b\u0103, mai pe dup\u0103 gard, c\u0103 AUR ar fi votat aceast\u0103 lege ca s\u0103-l elimine politic pe Dominic Fritz.\u00a0Serios acum, cine este Dominic Fritz pentru AUR ca s\u0103 construim o lege \u00eempotriva lui?\u00a0De c\u00e2nd a devenit pre\u0219edintele USR o asemenea amenin\u021bare politic\u0103 \u00eenc\u00e2t un partid \u00eentreg ar trebui s\u0103 mobilizeze Parlamentul Rom\u00e2niei ca s\u0103 scape de el? Dac\u0103 cineva chiar crede asta, \u00eei atribuie domnului Fritz o importan\u021b\u0103 politic\u0103 pe care probabil nici membrii propriului partid nu i-o pot atribui, ei fiind cei care \u00eei cunosc cel mai bine limitele ca lider?\u201d, arat\u0103 deputata Gherasim, care explic\u0103: \u201eAUR \u0219i USR sunt adversari politici \u0219i au fost de la \u00eenceput. USR ne-a numit \u00een toate felurile: extremi\u0219ti, rusofili, putini\u0219ti, antieuropeni \u0219i c\u00e2te \u0219i mai c\u00e2te. Dac\u0103 mai continu\u0103m a\u0219a c\u00e2\u021biva ani, probabil vom afla c\u0103 noi am pus \u0219i prima c\u0103r\u0103mid\u0103 la Kremlin.\u00a0AUR nu este nici rusofil, nici anglofil, nici francofil \u0219i nici germanofil. AUR este rom\u00e2nofil. At\u00e2t. Poate condamna agresiunea Rusiei \u0219i, \u00een acela\u0219i timp, poate critica anumite politici ale Uniunii Europene. Poate considera Rusia un pericol \u0219i poate spune, \u00een aceea\u0219i zi, c\u0103 Bruxelles-ul gre\u0219e\u0219te \u00eentr-o anumit\u0103 chestiune. Unde este contradic\u021bia?\u201d<\/p>\n<p class=\"wp-block-paragraph\">\u201ePolitica extern\u0103 nu \u00ee\u021bi d\u0103 directive \u0219i nu e\u0219ti obligat s\u0103 aplauzi. Un partid rom\u00e2nesc trebuie s\u0103 judece fiecare decizie prin interesul Rom\u00e2niei. Altfel nu mai faci politic\u0103 extern\u0103.\u00a0AUR nu face legi pentru a elimina liderii altor partide. A\u0219a ceva ar fi abject \u0219i, culmea ironiei, ar fi exact comportamentul extremist despre care USR vorbe\u0219te at\u00e2t de des c\u00e2nd nu mai g\u0103se\u0219te alt cuv\u00e2nt pentru AUR.\u00a0Ast\u0103zi am avea majoritatea \u0219i l-am elimina pe Fritz, m\u00e2ine vine alt\u0103 majoritate \u0219i \u00eel elimin\u0103 pe Simion, poim\u00e2ine mai scoatem doi, dup\u0103 alte alegeri \u00eenc\u0103 trei \u0219i, cu pu\u021bin\u0103 perseveren\u021b\u0103, ajungem la democra\u021bia perfect\u0103: nu mai avem adversari.\u00a0\u201eCurat constitu\u021bional\u201d, vorba lui Pristanda\u201d, spune Laura Gherasim, care arat\u0103 c\u0103 \u201eDominic Fritz a avut la dispozi\u021bie toate c\u0103ile legale. A avut avoca\u021bi, a contestat, s-a judecat. Nimeni din AUR nu i-a scris hot\u0103r\u00e2rea \u0219i nimeni din Parlament nu i-a judecat dosarul. La cap\u0103tul procedurilor exist\u0103 o situa\u021bie juridic\u0103 stabilit\u0103 definitiv.\u00a0De aici \u00eenainte nu putem inventa dou\u0103 Rom\u00e2nii juridice, una pentru cei pe care \u00eei placem \u0219i alta pentru cei pe care nu \u00eei placem.\u00a0Ani \u00eentregi am auzit despre integritate, ANI, justi\u021bie, demisii \u0219i celebra deviz\u0103 \u201eF\u0103r\u0103 penali \u00een func\u021bii publice\u201d. C\u00e2nd asemenea situa\u021bii \u00eei priveau pe adversarii politici, tonul era aproape biblic. Legea era lege, institu\u021biile erau institu\u021bii, iar demisia trebuia depus\u0103 aproximativ \u00eenainte s\u0103 termine ANI comunicatul de pres\u0103.\u00a0Acum necazul a ajuns \u0219i pe uli\u021ba lor.\u00a0\u0218i, vorba lui Creang\u0103, \u201eRom\u00e2nului i-e greu p\u00e2n\u0103 se apuc\u0103 de treab\u0103, c\u0103 de l\u0103sat \u00eendat\u0103 se las\u0103\u201d.\u00a0Dintr-odat\u0103 integritatea are subsol, note explicative, excep\u021bii \u0219i interpret\u0103ri. Descoperim retroactivitatea, descoperim Europa, descoperim drepturile omului \u0219i descoperim c\u0103 situa\u021bia este teribil de complicat\u0103. Mai trebuie s\u0103 vin\u0103 cineva cu lupa s\u0103 ne explice c\u0103, atunci c\u00e2nd omul este de la USR, hot\u0103r\u00e2rea definitiv\u0103 este definitiv\u0103 \u00eentr-un sens mai larg, mai european, mai flexibil.<\/p>\n<p class=\"wp-block-paragraph\">C\u0103t\u0103lin Drul\u0103 nume\u0219te prevederea care \u00eel afecteaz\u0103 pe Fritz \u201epoli\u021bie politic\u0103\u201d. Dominic Fritz \u00eensu\u0219i spunea despre amendament c\u0103 este \u201ev\u0103dit neconstitu\u021bional\u201d.\u00a0Numai c\u0103 a venit CCR \u0219i l-a declarat constitu\u021bional. Ei, aici chiar \u00eei trebuie omului \u201epu\u021bintic\u0103 r\u0103bdare\u201d.\u00a0Putem critica CCR. AUR a f\u0103cut-o \u0219i are suficiente motive s\u0103 o fac\u0103. Decizia privind anularea alegerilor preziden\u021biale din 2024 r\u0103m\u00e2ne, din punctul nostru de vedere, una dintre cele mai grave interven\u021bii institu\u021bionale \u00een procesul electoral rom\u00e2nesc.\u00a0Dar una este s\u0103 critici o decizie \u0219i alta este s\u0103 te compor\u021bi ca \u0219i cum ea n-ar exista atunci c\u00e2nd \u00ee\u021bi stric\u0103 socotelile.\u00a0Nu putem avea CCR bun\u0103 c\u00e2nd ne convine \u0219i CCR politizat\u0103 c\u00e2nd nu ne convine, ANI independent\u0103 c\u00e2nd \u00eel prinde pe adversar \u0219i ANI suspect\u0103 c\u00e2nd ajunge la noi, hot\u0103r\u00e2ri definitive pentru ceilal\u021bi \u0219i hot\u0103r\u00e2ri \u201edefinitive, dar mai vedem noi\u201d pentru ai no\u0219tri\u201d, arat\u0103 deputata Laura Gherasim.<\/p>\n<p class=\"wp-block-paragraph\">Parlamentarul AUR vasluian constat\u0103 c\u0103 istoria este ciclic\u0103: \u201eCaragiale avea pentru asemenea \u00eemp\u0103c\u0103ri imposibile dou\u0103 cuvinte care au supravie\u021buit extraordinar de bine celor aproape 150 de ani de politic\u0103 rom\u00e2neasc\u0103: \u201ecurat murdar\u201d.<\/p>\n<p class=\"wp-block-paragraph\">\u0218i mai avem ceva frumos: USR a depus o nou\u0103 variant\u0103 a Legii integrit\u0103\u021bii din care, ce s\u0103 vezi, lipse\u0219te tocmai prevederea care \u00eel poate l\u0103sa pe Dominic Fritz f\u0103r\u0103 mandat. Aici p\u00e2n\u0103 \u0219i Ca\u021bavencu ar fi ridicat o spr\u00e2ncean\u0103!\u00a0Ani \u00eentregi ai construit un partid \u00een jurul ideii c\u0103 regulile trebuie s\u0103 fie dure, c\u0103 integritatea nu se negociaz\u0103 \u0219i c\u0103 politicienii trebuie s\u0103 r\u0103spund\u0103 pentru faptele lor. C\u00e2nd regula ajunge la tine, prima grij\u0103 nu poate fi s\u0103 cau\u021bi guma de \u0219ters.\u00a0Legea nu se \u00eentoarce \u00een timp ca s\u0103 inventeze ast\u0103zi o fapt\u0103 care ieri era legal\u0103. Situa\u021bia a fost analizat\u0103, procedurile au fost parcurse, iar efectele juridice sunt cele despre care discut\u0103m ast\u0103zi. CCR a analizat exact aceast\u0103 problem\u0103 \u0219i a declarat prevederea constitu\u021bional\u0103.\u00a0Asta nu \u00eenseamn\u0103 c\u0103 CCR este Dumnezeu \u0219i nici c\u0103 deciziile Cur\u021bii sunt mai presus de critic\u0103, dar nici nu putem muta pionii dup\u0103 ce s-a terminat meciul, fiindc\u0103 nu ne place rezultatul.\u00a0Nu vrem s\u0103-l elimin\u0103m politic pe Dominic Fritz. Dac\u0103 avem ceva de \u00eemp\u0103r\u021bit politic cu USR, ne \u00eent\u00e2lnim la alegeri. Acolo se bat partidele \u00eentr-o democra\u021bie, \u00een fa\u021ba oamenilor, cu idei, programe \u0219i voturi, nu prin legi scrise ca s\u0103 tai capul adversarului.\u00a0Dar nici nu putem pune peste lege o etichet\u0103 mic\u0103 pe care s\u0103 scrie: \u201eA nu se aplica pre\u0219edintelui USR\u201d.\u00a0O regul\u0103 este un principiu doar at\u00e2t timp c\u00e2t r\u0103m\u00e2ne aceea\u0219i regul\u0103, indiferent de numele celui c\u0103ruia i se aplic\u0103. AUR a votat un principiu \u0219i \u00eel va respecta \u00een ac\u021biunile \u0219i pozi\u021biile sale, indiferent de numele celui c\u0103ruia i se aplic\u0103. Pentru c\u0103 altfel n-ar mai fi principiu, ar fi interes.\u00a0\u0218i poate c\u0103 aici se desparte cel mai simplu politica f\u0103cut\u0103 din convingeri de politica f\u0103cut\u0103 dup\u0103 \u00eemprejur\u0103ri. Principiul r\u0103m\u00e2ne acela\u0219i chiar \u0219i atunci c\u00e2nd nu-\u021bi convine rezultatul.\u00a0Dac\u0103 mai \u00eencurc\u0103m pu\u021bin interesul cu principiul, Constitu\u021bia cu partidul \u0219i hot\u0103r\u00e2rea definitiv\u0103 cu preferin\u021ba politic\u0103, nu mai avem nevoie s\u0103 invent\u0103m nimic. A scris Caragiale piesa acum 142 de ani, noi doar schimb\u0103m distribu\u021bia\u201d.\u00a0\u201eCurat murdar!\u201d, \u00ee\u0219i \u00eencheie postarea, deputata Laura Gherasim.<\/p>\n<p class=\"wp-block-paragraph\">Marian MOCANU<\/p>\n<\/div>\n<p>[analyse_source url=&#8221;https:\/\/www.monitoruldevaslui.ro\/2026\/09\/laura-gherasim-deputat-aur-cazul-fritz-intoarce-politica-romaneasca-la-caragiale-curat-constitutional\/#new_tab&#8221;]<\/p>\n","protected":false},"excerpt":{"rendered":"<p>[analyse_image type=&#8221;featured&#8221; src=&#8221;&#8221;] NewsHub 18C Vaslui Partidul care promova ideea \u201eF\u0103r\u0103 penali \u00een func\u021bii publice\u201d, face acum zid \u00een jurul pre\u0219edintelui s\u0103u, judecat de justi\u021bia rom\u00e2n\u0103 \u0219i g\u0103sit vinovat de conflict de interese. Mai mult, a \u00eencercat s\u0103 promoveze \u00een Parlament o lege care-l exonera pe Dominic Fritz, \u0219i, c\u00e2nd nu au reu\u0219it, au \u00eenceput [&hellip;]<\/p>\n","protected":false},"author":1,"featured_media":0,"comment_status":"open","ping_status":"","sticky":false,"template":"","format":"standard","meta":{"footnotes":""},"categories":[89],"tags":[226,217],"class_list":["post-2121645","post","type-post","status-publish","format-standard","hentry","category-romania","tag-crawlmanager","tag-vaslui-robo-stiri-ro"],"_links":{"self":[{"href":"https:\/\/analyse.optim.biz\/index.php?rest_route=\/wp\/v2\/posts\/2121645","targetHints":{"allow":["GET"]}}],"collection":[{"href":"https:\/\/analyse.optim.biz\/index.php?rest_route=\/wp\/v2\/posts"}],"about":[{"href":"https:\/\/analyse.optim.biz\/index.php?rest_route=\/wp\/v2\/types\/post"}],"author":[{"embeddable":true,"href":"https:\/\/analyse.optim.biz\/index.php?rest_route=\/wp\/v2\/users\/1"}],"replies":[{"embeddable":true,"href":"https:\/\/analyse.optim.biz\/index.php?rest_route=%2Fwp%2Fv2%2Fcomments&post=2121645"}],"version-history":[{"count":0,"href":"https:\/\/analyse.optim.biz\/index.php?rest_route=\/wp\/v2\/posts\/2121645\/revisions"}],"wp:attachment":[{"href":"https:\/\/analyse.optim.biz\/index.php?rest_route=%2Fwp%2Fv2%2Fmedia&parent=2121645"}],"wp:term":[{"taxonomy":"category","embeddable":true,"href":"https:\/\/analyse.optim.biz\/index.php?rest_route=%2Fwp%2Fv2%2Fcategories&post=2121645"},{"taxonomy":"post_tag","embeddable":true,"href":"https:\/\/analyse.optim.biz\/index.php?rest_route=%2Fwp%2Fv2%2Ftags&post=2121645"}],"curies":[{"name":"wp","href":"https:\/\/api.w.org\/{rel}","templated":true}]}}