{"id":2121643,"date":"2026-09-01T03:44:18","date_gmt":"2026-09-01T00:44:18","guid":{"rendered":"https:\/\/analyse.optim.biz\/?p=2121643"},"modified":"2026-09-01T03:44:18","modified_gmt":"2026-09-01T00:44:18","slug":"de-astazi-se-deschide-centrul-de-zi-pentru-persoane-varstnice-ionita-titinas-in-barlad","status":"publish","type":"post","link":"https:\/\/analyse.optim.biz\/?p=2121643","title":{"rendered":"De ast\u0103zi se deschide Centrul de Zi pentru Persoane V\u00e2rstnice \u201eIoni\u021b\u0103 Titina\u0219\u201d \u00een B\u00e2rlad"},"content":{"rendered":"<p>[analyse_image type=&#8221;featured&#8221; src=&#8221;https:\/\/www.monitoruldevaslui.ro\/wp-content\/uploads\/2026\/09\/Centru-batrani-Barlad.png&#8221;]<\/p>\n<div class=\"tdb-block-inner td-fix-index\"><a class=\"tdb-logo-a\" href=\"https:\/\/www.monitoruldevaslui.ro\/\"><span class=\"tdb-logo-img-wrap\"><img decoding=\"async\" class=\"tdb-logo-img td-retina-data\" data-retina=\"https:\/\/www.monitoruldevaslui.ro\/wp-content\/uploads\/2025\/07\/Monitorul-logo-motto-2.png\" src=\"https:\/\/www.monitoruldevaslui.ro\/wp-content\/uploads\/2025\/07\/Monitorul-logo-motto-2.png\" alt=\"Logo\" title><\/span><span class=\"tdb-logo-text-wrap\"><span class=\"tdb-logo-text-title\">News<\/span><span class=\"tdb-logo-text-tagline\">Hub<\/span><\/span><\/a><\/div>\n<div class=\"tdb-block-inner td-fix-index\"><a class=\"tdb-logo-a\" href=\"https:\/\/www.monitoruldevaslui.ro\/\"><span class=\"tdb-logo-img-wrap\"><img decoding=\"async\" class=\"tdb-logo-img td-retina-data\" data-retina=\"https:\/\/www.monitoruldevaslui.ro\/wp-content\/uploads\/2025\/07\/Monitorul-logo-motto-2.png\" src=\"https:\/\/www.monitoruldevaslui.ro\/wp-content\/uploads\/2025\/07\/Monitorul-logo-motto-2.png\" alt=\"Logo\" title><\/span><\/a><\/div>\n<div class=\"tdb-block-inner td-fix-index\">\n<div class=\"tdb-weather-deg-wrap\" data-block-uid=\"tdb_header_weather_uid\"><span class=\"tdb-weather-deg\">18<\/span><span class=\"tdb-weather-unit\">C<\/span><\/div>\n<div class=\"tdb-weather-city\">Vaslui<\/div>\n<\/div>\n<div class=\"td-post-content tagdiv-type\">\n<p class=\"wp-block-paragraph\"><strong>V\u00e2rstnicii b\u00e2rl\u0103deni vor avea, \u00eencep\u00e2nd de ast\u0103zi,\u00a0un loc\u00a0al lor, pus la dispozi\u021bie de municipalitate, unde s\u0103 se adune, s\u0103 socializeze \u0219i s\u0103 participe la diverse activit\u0103\u021bi: Centrul de Zi pentru Persoane V\u00e2rstnice \u201eIoni\u021b\u0103 Titina\u0219\u201d, proasp\u0103t construit cu fonduri europene pe ruinele unei foste centrale termice din apropierea S\u0103lii de sport \u201eAndreea R\u0103ducan\u201d.<\/strong><\/p>\n<div class=\"wp-block-image\">\n<figure class=\"aligncenter size-full is-resized\"><img loading=\"lazy\" decoding=\"async\" width=\"829\" height=\"600\" src=\"https:\/\/www.monitoruldevaslui.ro\/wp-content\/uploads\/2026\/09\/Centru-batrani-Barlad.png\" alt class=\"wp-image-100110\"><\/figure>\n<\/div>\n<p class=\"wp-block-paragraph\">Amplasat pe strada Nicolae Tonitza, pe locul fostei centrale termice din zon\u0103, de la care au fost preluate doar funda\u021bia \u0219i pilonii de rezisten\u021b\u0103, noul Centrul de Zi pentru Persoane V\u00e2rstnice \u201eIoni\u021b\u0103 Titina\u0219\u201d B\u00e2rlad \u00ee\u0219i deschide por\u021bile pentru beneficiari \u00eencep\u00e2nd cu 1 septembrie\u00a02026.<\/p>\n<p class=\"wp-block-paragraph\">Este prima investi\u021bie g\u00e2ndit\u0103 special \u0219i dedicat\u0103 b\u00e2rl\u0103denilor v\u00e2rstnici, care are o suprafa\u021b\u0103 de 343 mp \u0219i capacitatea de a g\u0103zdui zilnic 80 de persoane. Centrul de zi pentru persoane v\u00e2rstnice este o investi\u021bie pentru care Prim\u0103ria B\u00e2rlad a atras fonduri \u00een valoare de 2 milioane de lei lei (f\u0103r\u0103 TVA).<\/p>\n<p class=\"wp-block-paragraph\">\u201eNe-am dorit un centru pentru v\u00e2rstnicii singuri sau marginaliza\u021bi, pentru ca activit\u0103\u021bile de care vor avea parte aici s\u0103 contribuie la \u00eembun\u0103t\u0103\u021birea calit\u0103\u021bii vietii lor. B\u00e2rl\u0103denii afla\u021bi \u00een aceste situa\u021bii se vor putea bucura de socializare, de evenimente culturale, de activit\u0103\u021bi de divertisment. Aici vor g\u0103si condi\u021bii de a participa la jocuri de societate, gimnastic\u0103, dans, activit\u0103\u021bi de crea\u021bie, vor beneficia de consiliere psihologic\u0103 etc.\u201d, a declarat primarul Dumitru Boro\u0219, la debutul proiectului.<\/p>\n<p class=\"wp-block-paragraph\">Investi\u021bia a demarat \u00een 2023 \u0219i se dorea finalizarea ei un an mai t\u00e2rziu, \u00eens\u0103 au ap\u0103rut unele probleme cu ob\u021binerea autoriza\u021bei de func\u021bionare \u0219i chiar cu ocuparea posturilor, \u00een special a celui de coordonator al Centrului.<\/p>\n<p class=\"wp-block-paragraph\">P\u00e2n\u0103 la urm\u0103, toate s-au rezolvat, noul Centrul de Zi pentru Persoane V\u00e2rstnice denumit, prin decizia consilierilor municipali b\u00e2rl\u0103deni, \u201eIoni\u021b\u0103 Titina\u0219\u201d, a fost finalizat oficial, lucru marcat \u00een august de \u201eZilele por\u021bilor deschise\u201d, ocazie cu care persoanele v\u00e2rstnice au putut putea vizita sediul, cunoa\u0219te facilit\u0103\u021bile \u0219i echipa centrului \u0219i participa la momente cultural \u2013 artistice preg\u0103tite \u00eempreun\u0103 cu colaboratorii.<\/p>\n<p class=\"wp-block-paragraph\">\u00cencep\u00e2nd cu 1 septembrie\u00a02026, Centrul \u00ee\u0219i \u00eencepe activitatea, iar seniorii b\u00e2rl\u0103deni vor avea la dispozi\u021bie primul spa\u021biu dedicat exclusiv lor. Acolo, vor fi organizate activit\u0103\u021bi diverse: \u0219ah, muzic\u0103, lectur\u0103, poezie, dezbateri, \u00eent\u00e2lniri spirituale, \u0219ez\u0103tori, ateliere de limbi str\u0103ine \u0219i crea\u021bie artistic\u0103, precum \u0219i sesiuni gratuite de informare \u0219i consiliere juridic\u0103.<\/p>\n<p class=\"wp-block-paragraph\">Programul zilnic al activit\u0103\u021bilor zilnice este disponibil pe pagina de socializare a Direc\u021biei de Asisten\u021b\u0103 Social\u0103 din cadrul Prim\u0103riei municipiului B\u00e2rlad.<\/p>\n<\/div>\n<p>[analyse_source url=&#8221;https:\/\/www.monitoruldevaslui.ro\/2026\/09\/de-astazi-se-deschide-centrul-de-zi-pentru-persoane-varstnice-ionita-titinas-in-barlad\/#new_tab&#8221;]<\/p>\n","protected":false},"excerpt":{"rendered":"<p>[analyse_image type=&#8221;featured&#8221; src=&#8221;https:\/\/www.monitoruldevaslui.ro\/wp-content\/uploads\/2026\/09\/Centru-batrani-Barlad.png&#8221;] NewsHub 18C Vaslui V\u00e2rstnicii b\u00e2rl\u0103deni vor avea, \u00eencep\u00e2nd de ast\u0103zi,\u00a0un loc\u00a0al lor, pus la dispozi\u021bie de municipalitate, unde s\u0103 se adune, s\u0103 socializeze \u0219i s\u0103 participe la diverse activit\u0103\u021bi: Centrul de Zi pentru Persoane V\u00e2rstnice \u201eIoni\u021b\u0103 Titina\u0219\u201d, proasp\u0103t construit cu fonduri europene pe ruinele unei foste centrale termice din apropierea S\u0103lii de [&hellip;]<\/p>\n","protected":false},"author":1,"featured_media":0,"comment_status":"open","ping_status":"","sticky":false,"template":"","format":"standard","meta":{"footnotes":""},"categories":[89],"tags":[226,217],"class_list":["post-2121643","post","type-post","status-publish","format-standard","hentry","category-romania","tag-crawlmanager","tag-vaslui-robo-stiri-ro"],"_links":{"self":[{"href":"https:\/\/analyse.optim.biz\/index.php?rest_route=\/wp\/v2\/posts\/2121643","targetHints":{"allow":["GET"]}}],"collection":[{"href":"https:\/\/analyse.optim.biz\/index.php?rest_route=\/wp\/v2\/posts"}],"about":[{"href":"https:\/\/analyse.optim.biz\/index.php?rest_route=\/wp\/v2\/types\/post"}],"author":[{"embeddable":true,"href":"https:\/\/analyse.optim.biz\/index.php?rest_route=\/wp\/v2\/users\/1"}],"replies":[{"embeddable":true,"href":"https:\/\/analyse.optim.biz\/index.php?rest_route=%2Fwp%2Fv2%2Fcomments&post=2121643"}],"version-history":[{"count":0,"href":"https:\/\/analyse.optim.biz\/index.php?rest_route=\/wp\/v2\/posts\/2121643\/revisions"}],"wp:attachment":[{"href":"https:\/\/analyse.optim.biz\/index.php?rest_route=%2Fwp%2Fv2%2Fmedia&parent=2121643"}],"wp:term":[{"taxonomy":"category","embeddable":true,"href":"https:\/\/analyse.optim.biz\/index.php?rest_route=%2Fwp%2Fv2%2Fcategories&post=2121643"},{"taxonomy":"post_tag","embeddable":true,"href":"https:\/\/analyse.optim.biz\/index.php?rest_route=%2Fwp%2Fv2%2Ftags&post=2121643"}],"curies":[{"name":"wp","href":"https:\/\/api.w.org\/{rel}","templated":true}]}}