{"id":2121632,"date":"2026-08-31T16:12:00","date_gmt":"2026-08-31T13:12:00","guid":{"rendered":"https:\/\/analyse.optim.biz\/?p=2121632"},"modified":"2026-08-31T16:12:00","modified_gmt":"2026-08-31T13:12:00","slug":"perche-per-risolvere-la-crisi-tra-italia-e-spagna-non-scende-in-campo-valeria-marini-la-scio","status":"publish","type":"post","link":"https:\/\/analyse.optim.biz\/?p=2121632","title":{"rendered":"Perch\u00c9, per risolvere la crisi tra italia e spagna, non scende in campo valeria marini? &#8211; la scio&#8217;.."},"content":{"rendered":"<p>[analyse_image type=&#8221;featured&#8221; src=&#8221;https:\/\/static.dagospia.com\/img\/patch\/08-2026\/marini-meloni-sanchez-2301114_600_q50.webp&#8221;]<\/p>\n<article>\n<div class=\"img-wrapper\"><img decoding=\"async\" src=\"https:\/\/static.dagospia.com\/img\/patch\/08-2026\/marini-meloni-sanchez-2301114_600_q50.webp\" alt=\"marini meloni sanchez\"><time class=\"data-ora\">31 ago 2026 18:12<\/time><\/div>\n<p>PERCH\u00c9, PER RISOLVERE LA CRISI TRA ITALIA E SPAGNA, NON SCENDE IN CAMPO VALERIA MARINI? &#8211; <span>LA SCIO&#8217; GIRL CONFESSO&#8217; DI ESSERE UN&#8217;AMICA DI PENNA DI PEDRO SANCHEZ<\/span> (POTREBBE FARSI PORTAVOCE DELLA MELONI PER RISOLVERE GLI SCAZZI SU CEUTA!): <span>&#8220;UNA NOTTE GLI HO SCRITTO A PROPOSITO DI TRUMP E DELLA GUERRA IN IRAN. \u00c8 IL MIO UOMO IDEALE, HA CORAGGIO&#8221;.<\/span> MA CHE PENSERA&#8217; IL PREMIER SPAGNOLO QUANDO LA MARINI GLI SCRIVE PARLANDO DI GEOPOLITICA? MA LUI LE RISPONDE?<\/p>\n<div class=\"share-section\">\n                Condividi  questo articolo<\/p>\n<div class=\"socials\"><a href=\"http:\/\/www.facebook.com\/sharer.php?u=http:\/\/www.dagospia.com\/cronache\/perche-per-risolvere-crisi-italia-spagna-non-scende-in-campo-valeria-485362\" target=\"_blank\"><img decoding=\"async\" src=\"https:\/\/static.dagospia.com\/img\/icons\/facebook.svg\" alt=\"Condividi su Facebook\"><\/a><a href=\"http:\/\/www.twitter.com\/share?url=http:\/\/www.dagospia.com\/cronache\/perche-per-risolvere-crisi-italia-spagna-non-scende-in-campo-valeria-485362&amp;text=PERCH%C3%89,%20PER%20RISOLVERE%20LA%20CRISI%20TRA%20ITALIA%20E%20SPAGNA,%20NON%20SCENDE%20IN%20CAMPO%20VALERIA%20MARINI?%20-%20LA%20SCIO&apos;..\" target=\"_blank\"><img decoding=\"async\" src=\"https:\/\/static.dagospia.com\/img\/icons\/x-icon.png\" alt=\"Condividi su X\"><\/a><a href=\"\/\/www.dagospia.com\/cronache\/perche-per-risolvere-crisi-italia-spagna-non-scende-in-campo-valeria-485362\" target=\"_blank\"><img decoding=\"async\" src=\"https:\/\/static.dagospia.com\/img\/icons\/whatsapp.svg\" alt=\"Condividi su Whatsapp\"><\/a><a href=\"mailto:?body=http:\/\/www.dagospia.com\/cronache\/perche-per-risolvere-crisi-italia-spagna-non-scende-in-campo-valeria-485362\" target=\"_blank\"><img decoding=\"async\" src=\"https:\/\/static.dagospia.com\/img\/icons\/mail.svg\" alt=\"Invia in email\"><\/a><\/div>\n<\/div>\n<div class=\"content\">\n<p class=\"disable\"><strong>VIP: VALERIA MARINI, &#8216;SCRIVO DI NOTTE A PEDRO SANCHEZ, PARLIAMO DI TRUMP E IRAN&#8217; &#8211; 3 APRILE 202<\/strong><\/p>\n<p><a href=\"https:\/\/www.dagospia.com\/media-gallery\/dago-fotogallery-521789\/2147922\" class=\"float-left img-wrapper\"><img decoding=\"async\" id=\"2147922\" loading=\"lazy\" src=\"https:\/\/static.dagospia.com\/img\/foto\/06-2025\/pedro-sanchez-foto-lapresse-2147922_800_q50.webp\"><span class=\"img-title\">pedro sanchez foto lapresse<\/span><\/a><\/p>\n<p class=\"disable\">(Adnkronos) &#8211; Valeria Marini a ruota libera nel &#8216;confessionale&#8217; di Monica Setta, nella puntata di &#8216;Storie al bivio&#8217; in onda domani, sabato 4 aprile, alle 15.20 su Rai 2. Tra flirt e ricordi, rivela una sorprendete corrispondenza notturna via social con il presidente spagnolo Pedro Sanchez. &#8220;Lo adoro, lo stimo, \u00e8 il mio uomo ideale. Ieri notte gli ho scritto a proposito di Trump e della guerra in Iran. \u00c8 un uomo che ha coraggio&#8221;, racconta alla conduttrice.<\/p>\n<p class=\"disable\">\u00a0<\/p>\n<p class=\"disable\"><strong>VIP: VALERIA MARINI, &#8216;ACCANTO AD ALBERTO SORDI I DUE ANNI PIU&#8217; BELLI DELLA MIA VITA&#8217; &#8211; 3 APRILE 2026<\/strong><\/p>\n<p class=\"disable\">(Adnkronos) &#8211; Tra flirt e ricordi, Valeria Marini, ospite di Monica Setta, nella puntata di &#8216;Storie al bivio&#8217; in onda domani, sabato 4 aprile, alle 15.20 su Rai 2, rivela di aver passato accanto ad Alberto Sordi i due anni pi\u00f9 belli della sua vita alla fine degli anni &#8217;90.<\/p>\n<p class=\"disable\">\u00a0<\/p>\n<p class=\"disable\">&#8220;Non l&#8217;ho mai detto, ma tra noi ci fu un bacio vero, una cosa dolcissima anche se non poteva preludere a nulla di importante. Troppa differenza di et\u00e0. Ma conservo i cento foulard che mi regal\u00f2 in quel periodo&#8221;, racconta la showgirl.<\/p>\n<p><a href=\"https:\/\/www.dagospia.com\/media-gallery\/dago-fotogallery-521789\/2125271\" class=\"float-right img-wrapper\"><img decoding=\"async\" id=\"2125271\" loading=\"lazy\" src=\"https:\/\/static.dagospia.com\/img\/foto\/04-2025\/pedro-sanchez-2125271_800_q50.webp\"><span class=\"img-title\">pedro sanchez<\/span><\/a><a href=\"https:\/\/www.dagospia.com\/media-gallery\/dago-fotogallery-521789\/1451771\" class=\"float-right img-wrapper\"><img decoding=\"async\" id=\"1451771\" loading=\"lazy\" src=\"https:\/\/static.dagospia.com\/img\/foto\/04-2021\/valeria-marini-e-io-non-pago-l-italia-dei-furbetti-2-1451771_800_q50.webp\"><span class=\"img-title\">valeria marini e io non pago \u2013 l\u2019italia dei furbetti 2<\/span><\/a><a href=\"https:\/\/www.dagospia.com\/media-gallery\/dago-fotogallery-521789\/1589427\" class=\"float-right img-wrapper\"><img decoding=\"async\" id=\"1589427\" loading=\"lazy\" src=\"https:\/\/static.dagospia.com\/img\/foto\/01-2022\/valeria-marini-silvio-berlusconi-pamela-prati-foto-di-bacco-1-1589427_800_q50.webp\"><span class=\"img-title\">valeria marini silvio berlusconi pamela prati foto di bacco (1)<\/span><\/a><a href=\"https:\/\/www.dagospia.com\/media-gallery\/dago-fotogallery-521789\/624500\" class=\"float-right img-wrapper\"><img decoding=\"async\" id=\"624500\" loading=\"lazy\" src=\"https:\/\/static.dagospia.com\/img\/foto\/12-2014\/valeria-marini-12-624500_800_q50.webp\"><span class=\"img-title\">valeria marini (12)<\/span><\/a><a href=\"https:\/\/www.dagospia.com\/media-gallery\/dago-fotogallery-521789\/935802\" class=\"float-right img-wrapper\"><img decoding=\"async\" id=\"935802\" loading=\"lazy\" src=\"https:\/\/static.dagospia.com\/img\/foto\/09-2017\/valeria-marini-al-mare-3-935802_800_q50.webp\"><span class=\"img-title\">valeria marini al mare 3<\/span><\/a><a href=\"https:\/\/www.dagospia.com\/media-gallery\/dago-fotogallery-521789\/1820123\" class=\"float-right img-wrapper\"><img decoding=\"async\" id=\"1820123\" loading=\"lazy\" src=\"https:\/\/static.dagospia.com\/img\/foto\/04-2023\/valeria-marini-hostaria-dell-orso-la-cabala-1820123_800_q50.webp\"><span class=\"img-title\">valeria marini hostaria dell orso la cabala<\/span><\/a><a href=\"https:\/\/www.dagospia.com\/media-gallery\/dago-fotogallery-521789\/1371485\" class=\"float-right img-wrapper\"><img decoding=\"async\" id=\"1371485\" loading=\"lazy\" src=\"https:\/\/static.dagospia.com\/img\/foto\/10-2020\/valeria-marini-boom-1-1371485_800_q50.webp\"><span class=\"img-title\">valeria marini boom 1<\/span><\/a><a href=\"https:\/\/www.dagospia.com\/media-gallery\/dago-fotogallery-521789\/1284918\" class=\"float-right img-wrapper\"><img decoding=\"async\" id=\"1284918\" loading=\"lazy\" src=\"https:\/\/static.dagospia.com\/img\/foto\/02-2020\/valeria-marini-alberto-sordi-1284918_800_q50.webp\"><span class=\"img-title\">valeria marini alberto sordi<\/span><\/a><a href=\"https:\/\/www.dagospia.com\/media-gallery\/dago-fotogallery-521789\/1115123\" class=\"float-right img-wrapper\"><img decoding=\"async\" id=\"1115123\" loading=\"lazy\" src=\"https:\/\/static.dagospia.com\/img\/foto\/02-2019\/valeria-marini-tra-il-pubblico-1115123_800_q50.webp\"><span class=\"img-title\">valeria marini tra il pubblico<\/span><\/a><a href=\"https:\/\/www.dagospia.com\/media-gallery\/dago-fotogallery-521789\/1835557\" class=\"float-right img-wrapper\"><img decoding=\"async\" id=\"1835557\" loading=\"lazy\" src=\"https:\/\/static.dagospia.com\/img\/foto\/05-2023\/federico-lauri-con-valeria-marini-foto-di-bacco-1835557_800_q50.webp\"><span class=\"img-title\">federico lauri con valeria marini foto di bacco<\/span><\/a><a href=\"https:\/\/www.dagospia.com\/media-gallery\/dago-fotogallery-521789\/602009\" class=\"float-left img-wrapper\"><img decoding=\"async\" id=\"602009\" loading=\"lazy\" src=\"https:\/\/static.dagospia.com\/img\/foto\/10-2014\/valeria-marini-602009_800_q50.webp\"><span class=\"img-title\">valeria marini<\/span><\/a><a href=\"https:\/\/www.dagospia.com\/media-gallery\/dago-fotogallery-521789\/473180\" class=\"float-right img-wrapper\"><img decoding=\"async\" id=\"473180\" loading=\"lazy\" src=\"https:\/\/static.dagospia.com\/img\/foto\/06-2013\/valeria-marini-249844_800_q50.webp\"><span class=\"img-title\">Valeria Marini <\/span><\/a><a href=\"https:\/\/www.dagospia.com\/media-gallery\/dago-fotogallery-521789\/2214499\" class=\"float-right img-wrapper\"><img decoding=\"async\" id=\"2214499\" loading=\"lazy\" src=\"https:\/\/static.dagospia.com\/img\/foto\/12-2025\/valeria-marini-3-2214499_800_q50.webp\"><span class=\"img-title\">valeria marini 3<\/span><\/a><a href=\"https:\/\/www.dagospia.com\/media-gallery\/dago-fotogallery-521789\/1284917\" class=\"float-right img-wrapper\"><img decoding=\"async\" id=\"1284917\" loading=\"lazy\" src=\"https:\/\/static.dagospia.com\/img\/foto\/02-2020\/valeria-marini-alberto-sordi-1284917_800_q50.webp\"><span class=\"img-title\">valeria marini alberto sordi <\/span><\/a><\/p>\n<\/div>\n<div class=\"share-section\">\n                Condividi  questo articolo<\/p>\n<div class=\"socials\"><a href=\"https:\/\/www.dagospia.com\/cronache\/perche-per-risolvere-crisi-italia-spagna-non-scende-in-campo-valeria-485362\"><img decoding=\"async\" src=\"https:\/\/static.dagospia.com\/img\/icons\/facebook.svg\" alt=\"Condividi su Facebook\"><\/a><a href=\"https:\/\/www.dagospia.com\/cronache\/perche-per-risolvere-crisi-italia-spagna-non-scende-in-campo-valeria-485362\"><img decoding=\"async\" src=\"https:\/\/static.dagospia.com\/img\/icons\/x-icon.png\" alt=\"Condividi su X\"><\/a><a href=\"https:\/\/www.dagospia.com\/cronache\/perche-per-risolvere-crisi-italia-spagna-non-scende-in-campo-valeria-485362\"><img decoding=\"async\" src=\"https:\/\/static.dagospia.com\/img\/icons\/whatsapp.svg\" alt=\"Condividi su Whatsapp\"><\/a><a href=\"https:\/\/www.dagospia.com\/cronache\/perche-per-risolvere-crisi-italia-spagna-non-scende-in-campo-valeria-485362\"><img decoding=\"async\" src=\"https:\/\/static.dagospia.com\/img\/icons\/mail.svg\" alt=\"Invia in email\"><\/a><\/div>\n<\/div>\n<\/article>\n<div class=\"content\">\n<p class=\"disable\"><strong>VIP: VALERIA MARINI, &#8216;SCRIVO DI NOTTE A PEDRO SANCHEZ, PARLIAMO DI TRUMP E IRAN&#8217; &#8211; 3 APRILE 202<\/strong><\/p>\n<p><a href=\"https:\/\/www.dagospia.com\/media-gallery\/dago-fotogallery-521789\/2147922\" class=\"float-left img-wrapper\"><img decoding=\"async\" id=\"2147922\" loading=\"lazy\" src=\"https:\/\/static.dagospia.com\/img\/foto\/06-2025\/pedro-sanchez-foto-lapresse-2147922_800_q50.webp\"><span class=\"img-title\">pedro sanchez foto lapresse<\/span><\/a><\/p>\n<p class=\"disable\">(Adnkronos) &#8211; Valeria Marini a ruota libera nel &#8216;confessionale&#8217; di Monica Setta, nella puntata di &#8216;Storie al bivio&#8217; in onda domani, sabato 4 aprile, alle 15.20 su Rai 2. Tra flirt e ricordi, rivela una sorprendete corrispondenza notturna via social con il presidente spagnolo Pedro Sanchez. &#8220;Lo adoro, lo stimo, \u00e8 il mio uomo ideale. Ieri notte gli ho scritto a proposito di Trump e della guerra in Iran. \u00c8 un uomo che ha coraggio&#8221;, racconta alla conduttrice.<\/p>\n<p class=\"disable\">\u00a0<\/p>\n<p class=\"disable\"><strong>VIP: VALERIA MARINI, &#8216;ACCANTO AD ALBERTO SORDI I DUE ANNI PIU&#8217; BELLI DELLA MIA VITA&#8217; &#8211; 3 APRILE 2026<\/strong><\/p>\n<p class=\"disable\">(Adnkronos) &#8211; Tra flirt e ricordi, Valeria Marini, ospite di Monica Setta, nella puntata di &#8216;Storie al bivio&#8217; in onda domani, sabato 4 aprile, alle 15.20 su Rai 2, rivela di aver passato accanto ad Alberto Sordi i due anni pi\u00f9 belli della sua vita alla fine degli anni &#8217;90.<\/p>\n<p class=\"disable\">\u00a0<\/p>\n<p class=\"disable\">&#8220;Non l&#8217;ho mai detto, ma tra noi ci fu un bacio vero, una cosa dolcissima anche se non poteva preludere a nulla di importante. Troppa differenza di et\u00e0. Ma conservo i cento foulard che mi regal\u00f2 in quel periodo&#8221;, racconta la showgirl.<\/p>\n<p><a href=\"https:\/\/www.dagospia.com\/media-gallery\/dago-fotogallery-521789\/2125271\" class=\"float-right img-wrapper\"><img decoding=\"async\" id=\"2125271\" loading=\"lazy\" src=\"https:\/\/static.dagospia.com\/img\/foto\/04-2025\/pedro-sanchez-2125271_800_q50.webp\"><span class=\"img-title\">pedro sanchez<\/span><\/a><a href=\"https:\/\/www.dagospia.com\/media-gallery\/dago-fotogallery-521789\/1451771\" class=\"float-right img-wrapper\"><img decoding=\"async\" id=\"1451771\" loading=\"lazy\" src=\"https:\/\/static.dagospia.com\/img\/foto\/04-2021\/valeria-marini-e-io-non-pago-l-italia-dei-furbetti-2-1451771_800_q50.webp\"><span class=\"img-title\">valeria marini e io non pago \u2013 l\u2019italia dei furbetti 2<\/span><\/a><a href=\"https:\/\/www.dagospia.com\/media-gallery\/dago-fotogallery-521789\/1589427\" class=\"float-right img-wrapper\"><img decoding=\"async\" id=\"1589427\" loading=\"lazy\" src=\"https:\/\/static.dagospia.com\/img\/foto\/01-2022\/valeria-marini-silvio-berlusconi-pamela-prati-foto-di-bacco-1-1589427_800_q50.webp\"><span class=\"img-title\">valeria marini silvio berlusconi pamela prati foto di bacco (1)<\/span><\/a><a href=\"https:\/\/www.dagospia.com\/media-gallery\/dago-fotogallery-521789\/624500\" class=\"float-right img-wrapper\"><img decoding=\"async\" id=\"624500\" loading=\"lazy\" src=\"https:\/\/static.dagospia.com\/img\/foto\/12-2014\/valeria-marini-12-624500_800_q50.webp\"><span class=\"img-title\">valeria marini (12)<\/span><\/a><a href=\"https:\/\/www.dagospia.com\/media-gallery\/dago-fotogallery-521789\/935802\" class=\"float-right img-wrapper\"><img decoding=\"async\" id=\"935802\" loading=\"lazy\" src=\"https:\/\/static.dagospia.com\/img\/foto\/09-2017\/valeria-marini-al-mare-3-935802_800_q50.webp\"><span class=\"img-title\">valeria marini al mare 3<\/span><\/a><a href=\"https:\/\/www.dagospia.com\/media-gallery\/dago-fotogallery-521789\/1820123\" class=\"float-right img-wrapper\"><img decoding=\"async\" id=\"1820123\" loading=\"lazy\" src=\"https:\/\/static.dagospia.com\/img\/foto\/04-2023\/valeria-marini-hostaria-dell-orso-la-cabala-1820123_800_q50.webp\"><span class=\"img-title\">valeria marini hostaria dell orso la cabala<\/span><\/a><a href=\"https:\/\/www.dagospia.com\/media-gallery\/dago-fotogallery-521789\/1371485\" class=\"float-right img-wrapper\"><img decoding=\"async\" id=\"1371485\" loading=\"lazy\" src=\"https:\/\/static.dagospia.com\/img\/foto\/10-2020\/valeria-marini-boom-1-1371485_800_q50.webp\"><span class=\"img-title\">valeria marini boom 1<\/span><\/a><a href=\"https:\/\/www.dagospia.com\/media-gallery\/dago-fotogallery-521789\/1284918\" class=\"float-right img-wrapper\"><img decoding=\"async\" id=\"1284918\" loading=\"lazy\" src=\"https:\/\/static.dagospia.com\/img\/foto\/02-2020\/valeria-marini-alberto-sordi-1284918_800_q50.webp\"><span class=\"img-title\">valeria marini alberto sordi<\/span><\/a><a href=\"https:\/\/www.dagospia.com\/media-gallery\/dago-fotogallery-521789\/1115123\" class=\"float-right img-wrapper\"><img decoding=\"async\" id=\"1115123\" loading=\"lazy\" src=\"https:\/\/static.dagospia.com\/img\/foto\/02-2019\/valeria-marini-tra-il-pubblico-1115123_800_q50.webp\"><span class=\"img-title\">valeria marini tra il pubblico<\/span><\/a><a href=\"https:\/\/www.dagospia.com\/media-gallery\/dago-fotogallery-521789\/1835557\" class=\"float-right img-wrapper\"><img decoding=\"async\" id=\"1835557\" loading=\"lazy\" src=\"https:\/\/static.dagospia.com\/img\/foto\/05-2023\/federico-lauri-con-valeria-marini-foto-di-bacco-1835557_800_q50.webp\"><span class=\"img-title\">federico lauri con valeria marini foto di bacco<\/span><\/a><a href=\"https:\/\/www.dagospia.com\/media-gallery\/dago-fotogallery-521789\/602009\" class=\"float-left img-wrapper\"><img decoding=\"async\" id=\"602009\" loading=\"lazy\" src=\"https:\/\/static.dagospia.com\/img\/foto\/10-2014\/valeria-marini-602009_800_q50.webp\"><span class=\"img-title\">valeria marini<\/span><\/a><a href=\"https:\/\/www.dagospia.com\/media-gallery\/dago-fotogallery-521789\/473180\" class=\"float-right img-wrapper\"><img decoding=\"async\" id=\"473180\" loading=\"lazy\" src=\"https:\/\/static.dagospia.com\/img\/foto\/06-2013\/valeria-marini-249844_800_q50.webp\"><span class=\"img-title\">Valeria Marini <\/span><\/a><a href=\"https:\/\/www.dagospia.com\/media-gallery\/dago-fotogallery-521789\/2214499\" class=\"float-right img-wrapper\"><img decoding=\"async\" id=\"2214499\" loading=\"lazy\" src=\"https:\/\/static.dagospia.com\/img\/foto\/12-2025\/valeria-marini-3-2214499_800_q50.webp\"><span class=\"img-title\">valeria marini 3<\/span><\/a><a href=\"https:\/\/www.dagospia.com\/media-gallery\/dago-fotogallery-521789\/1284917\" class=\"float-right img-wrapper\"><img decoding=\"async\" id=\"1284917\" loading=\"lazy\" src=\"https:\/\/static.dagospia.com\/img\/foto\/02-2020\/valeria-marini-alberto-sordi-1284917_800_q50.webp\"><span class=\"img-title\">valeria marini alberto sordi <\/span><\/a><\/p>\n<\/div>\n<article><a href=\"https:\/\/www.dagospia.com\/politica\/elly-ascolta-gli-amici-i-big-pd-scesi-in-campo-cosi-pesantemente-per-485354\"><\/p>\n<div class=\"img-wrapper\"><img decoding=\"async\" src=\"https:\/\/static.dagospia.com\/img\/patch\/08-2026\/giuseppe-conte-elly-schlein-franceschini-bonaccini-nardella-2301098_600_q50.webp\" alt=\"giuseppe conte elly schlein franceschini bonaccini nardella\" loading=\"lazy\"><time class=\"data-ora\">31 ago 20:17<\/time><\/div>\n<div class=\"excerpt\">\n<p>DAGOREPORT &#8211; <span>ELLY, ASCOLTA GLI AMICI!<\/span> I CAPOCCIONI E LE MEZZECALZE DEL PD, CHE SONO SCESI COS\u00cc PESANTEMENTE IN CAMPO PER SCONGIURARE LA JATTURA DELLE PRIMARIE, NON CE L&#8217;HANNO CON TE, LO FANNO PER SOLO PER IL TUO BENE &#8211; CERTO, TEMONO (A RAGIONE) ANCHE PER LA LORO SOPRAVVIVENZA PARLAMENTARE: <span>SE ELLY, COME PROBABILE, PERDESSE AI GAZEBO IL DUELLO CON CONTE, TRASCINEREBBE IL PARTITO NEL BARATRO <\/span>&#8211; \u00c8 PER QUESTO CHE DA QUALCHE SETTIMANA SONO PARTITI GLI AVVERTIMENTI VIA STAMPA, ANCHE DI ESPONENTI PD NON OSTILI ALLA SCHLEIN COME DARIO NARDELLA, DI FARE UN PASSO INDIETRO \u2013 <span>LA TRAGEDIA \u00c8 CHE L\u2019AMBIZIOSA DUCETTA DEL NAZARENO, NONOSTANTE I SONDAGGI HORROR, SI VEDE GI\u00c0 A PALAZZO CHIGI, VALUTANDOLI COME ATTACCHI ALLA SUA LEADERSHIP<\/span>: \u201cLE INTERVISTE SULLE PRIMARIE? SONO SOLO ESERCIZI INTELLETTUALI, ALLA FESTA DELL\u2019UNITA\u2019 PARLO IO\u201d &#8211; SE ELLY CONTINUA COS\u00cc, RISCHIA CHE LA SUA PROSSIMA OCCUPAZIONE SARA&#8217; DI BALLARE SUI CARRI DEL GAY PRIDE&#8230;<\/p>\n<\/div>\n<p><\/a><\/article>\n<article><a href=\"https:\/\/www.dagospia.com\/politica\/l-ingaggio-fedorov-fa-incazzare-zelensky-mette-in-allarme-agenzie-485343\"><\/p>\n<div class=\"img-wrapper\"><img decoding=\"async\" src=\"https:\/\/static.dagospia.com\/img\/patch\/08-2026\/fedorov-musk-thiel-zelensky-crosetto-2301168_600_q50.webp\" alt=\"fedorov musk thiel zelensky crosetto\" loading=\"lazy\"><time class=\"data-ora\">31 ago 18:41<\/time><\/div>\n<div class=\"excerpt\">\n<p>DAGOREPORT &#8211; <span>A QUALCUNO NON PIACE &#8216;STO FEDOROV<\/span> &#8211;\u00a0PIU&#8217; CHE A INDIGNARE I NEURONI ALLA VODKA DI VANNACCI E DI TRAVAGLIO, L\u2019INGAGGIO DEL GOVERNO ITALIANO DELL&#8217;EX MINISTRO DELLA DIFESA UCRAINO<span> FA INCAZZARE ZELENSKY E METTE IN ALLARME LE AGENZIE DI INTELLIGENCE EUROPEE &#8211; <\/span>IL DINAMISMO DEL NOVELLO CONSULENTE DEL MINISTRO CROSETTO NON POTEVA NON FINIRE &#8220;ATTENZIONATO&#8221;, VISTO E CONFERMATO <span>IL RAPPORTO STRETTISSIMO CON L&#8217;EMINENZA GRIGIA DELLA TECNO-DESTRA PETER THIEL E CON IL CAVALIERE NERO DELLA GALASSIA MAGA, ELON MUSK<\/span> &#8211; \u00c8 STATO FEDOROV A OTTENERE LO SBLOCCO DEL SISTEMA STARLINK E A COLTIVARE RAPPORTI CON PALANTIR, CHE FORNISCE A KIEV I SOFTWARE PER LA DIFESA &#8211; <span>CHE STA COMBINANDO IN QUESTI GIORNI FEDOROV NEGLI STATI UNITI? <\/span>COSA VOGLIONO MUSK E THIEL DA LUI? LE ELEZIONI A KIEV, MAGARI PER SOSTITUIRE ZELENSKY E ARRIVARE A QUALUNQUE \u2018PACE\u2019\u201d?<\/p>\n<\/div>\n<p><\/a><\/article>\n<article><a href=\"https:\/\/www.dagospia.com\/politica\/flash-c-e-grande-perplessita-i-draghi-boys-per-presenza-andrea-485336\"><\/p>\n<div class=\"img-wrapper\"><img decoding=\"async\" src=\"https:\/\/static.dagospia.com\/img\/patch\/08-2026\/xavier-niel-draghi-pignataro-2301175_600_q50.webp\" alt=\"xavier niel draghi pignataro\" loading=\"lazy\"><time class=\"data-ora\">31 ago 18:19<\/time><\/div>\n<div class=\"excerpt\">\n<p>FLASH! \u2013 <span>I \u201cDRAGHI BOYS\u201d DEL POTERE ECONOMICO ITALIANO AVREBBERO ESPRESSO QUALCHE PERPLESSITA&#8217; ALL\u2019EX PREMIER<\/span> SULLA PRESENZA DEL MISTERIOSO MILIARDARIO <span>ANDREA PIGNATARO E DEL FONDATORE DI ILIAD, IL FRANCESE XAVIER NIEL, <\/span>CHE NEL 2004 FU CONDANNATO A DUE ANNI DI GALERA (CON LA CONDIZIONALE), NEL \u201cRHINE GROUP\u201d, IL THINK TANK FONDATO DA \u201cMARIOPIO\u201d PER DARE UNA SFERZATA ALL\u2019UNIONE EUROPEA, COMPOSTO DA 54 MANAGER, ECONOMISTI, ACCADEMICI E IMPRENDITORI TECNOLOGICI&#8230;.<\/p>\n<\/div>\n<p><\/a><\/article>\n<article><a href=\"https:\/\/www.dagospia.com\/politica\/quale-episodio-giulia-presutti-era-habitue-cefalu-bistro-dove-piu-e-485248\"><\/p>\n<div class=\"img-wrapper\"><img decoding=\"async\" src=\"https:\/\/static.dagospia.com\/img\/patch\/08-2026\/ranucci-presutti-cianfoni-floridia-2300757_600_q50.webp\" alt=\"ranucci presutti cianfoni floridia\" loading=\"lazy\"><time class=\"data-ora\">30 ago 19:14<\/time><\/div>\n<div class=\"excerpt\">\n<p>DAGOREPORT &#8211;<span>\u00a0MA QUALE &#8220;EPISODIO&#8221;! GIULIA PRESUTTI ERA UN HABITU\u00c8 DEL \u201cCEFAL\u00d9 BISTR\u00d2\u201d<\/span> DOVE PI\u00d9 VOLTE \u00c8 STATA VISTA INSIEME ALL\u2019AMICA LAURA CIANFONI, CHE A SUA VOLTA \u00c8 LEGATISSIMA A RANUCCI E CARISSIMA A LAVITOLA (COME \u00c8 TESTIMONIATO DALLE FOTO DI DAGOSPIA IN OCCASIONE DEL PREMIO COLALUCCI, SETTEMBRE 2020) &#8211; <span>NELLA DECISIONE DI SCEGLIERE GIULIA PRESUTTI, ACCREDITATA COME ESPRESSIONE DI M5S E AVS, <\/span>PER DARE UN CONTENTINO ALL\u2019OPPOSIZIONE, SAREBBE AVVENUTA UNA INTERLOCUZIONE TRA L\u2019AD RAI, GIAMPAOLO ROSSI, E L\u2019EX PRESIDENTE DELLA VIGILANZA RAI, LA GRILLINA BARBARA FLORIDIA, CHE AVREBBE DATO IL SUO PLACET &#8211; <span>ANCHE SULLA SCELTA DI PIERVINCENZI ALLA CONDUZIONE DI &#8220;REPORT&#8221;, CHE VA A BILANCIARE LA PRESUTTI DI SINISTRA, SI ADDENSANO ALCUNE DOMANDINE<\/span>: A PARTIRE DALLA PASSIONE PER IL RUGBY\u2026<\/p>\n<\/div>\n<p><\/a><\/article>\n<article><a href=\"https:\/\/www.dagospia.com\/politica\/risiko-s-ingrossa-l-apertura-assicurazioni-generali-valutare-l-offerta-484996\"><\/p>\n<div class=\"img-wrapper\"><img decoding=\"async\" src=\"https:\/\/static.dagospia.com\/img\/patch\/08-2026\/generali-philippe-donnet-luigi-lovaglio-carlo-messina-2292458_600_q50.webp\" alt=\"generali philippe donnet luigi lovaglio carlo messina \" loading=\"lazy\"><time class=\"data-ora\">27 ago 21:02<\/time><\/div>\n<div class=\"excerpt\">\n<p>DAGOREPORT &#8211; <span>IL RISIKO S&#8217;INGROSSA!<\/span> L\u2019APERTURA DI ASSICURAZIONI GENERALI A VALUTARE L&#8217;OFFERTA\u201d DI MPS PER L\u2019ACQUISIZIONE DI BANCA GENERALI, <span>\u00c8 UN GRAN PASSO AVANTI PER IL PIANO DI LOVAGLIO PER DISINNESCARE L\u2019OPAS SUL \u201cMONTE\u201d DI BANCA INTESA <\/span>&#8211; SECONDO PIAZZA AFFARI, L\u2019OPERAZIONE TRIESTE-SIENA POTREBBE AVERE DALLA SUA <span>L\u2019APPOGGIO DEI POTENTISSIMI FONDI DI INVESTIMENTO INTERNAZIONALI, TRA CUI BLACKROCK<\/span>, CHE HA PERALTRO IMPORTANTI INTERESSI NELLE BANCHE ITALIANE, TRA CUI INTESA &#8211; <span>ORA INIZIA UNA PARTITA APERTISSIMA DAL PUNTO DI VISTA FINANZIARIO, MA ANCHE DA QUELLO POLITICO:<\/span> IL 26 OTTOBRE\u00a0 L\u2019ASSEMBLEA STRAORDINARIA DI MPS SARA&#8217; CHIAMATA AD APPROVARE L&#8217;ACQUISIZIONE E TUTTO PUO&#8217; SUCCEDERE&#8230;<\/p>\n<\/div>\n<p><\/a><\/article>\n<article><a href=\"https:\/\/www.dagospia.com\/cronache\/voluto-trump-t-attacchi-scorta-i-leader-silicon-valley-484985\"><\/p>\n<div class=\"img-wrapper\"><img decoding=\"async\" src=\"https:\/\/static.dagospia.com\/img\/patch\/08-2026\/mark-zuckerberg-proteste-2299936_600_q50.webp\" alt=\"mark zuckerberg proteste \" loading=\"lazy\"><time class=\"data-ora\">27 ago 19:54<\/time><\/div>\n<div class=\"excerpt\">\n<p>HAI VOLUTO TRUMP? E ORA T\u2019ATTACCHI ALLA SCORTA! \u2013<span> I LEADER DELLA SILICON VALLEY SONO OSSESSIONATI DALLA LORO SICUREZZA, E SPENDONO VAGONATE DI DOLLARI IN PROTEZIONE, GUARDIE DEL CORPO, BUNKER. <\/span>COLPA DELLA SVOLTA TRUMPIANA E DELLA RIVOLUZIONE DELL\u2019ACCELERAZIONE INCONTROLLABILE DELL\u2019INTELLIGENZA ARTIFICIALE, CHE RISCHIA DI PRODURRE FOLLE DI DISOCCUPATI INCAZZATI PRONTI AD ASSALTARE, OLTRE AI DATA CENTER, I VILLONI DEI PAPERONI \u2013 <span>IL PI\u00d9 PARANOICO DI TUTTI? MARK ZUCKERBERG! META SPENDE OLTRE 25 MILIONI DI DOLLARI ALL\u2019ANNO ESCLUSIVAMENTE PER LA PROTEZIONE DEL SUO FONDATORE<\/span> \u2013 L\u2019OSSESSIONE DEI MILIARDARI PER BUNKER DI LUSSO, FORTEZZE SOTTERRANEE, RIFUGI IN NUOVA ZELANDA E HAWAII, CON INVESTIMENTI CHE OSCILLAVANO TRA I DIECI E I CINQUANTA MILIONI DI DOLLARI CIASCUNO&#8230;<\/p>\n<\/div>\n<p><\/a><\/article>\n<article><a href=\"https:\/\/www.dagospia.com\/cronache\/come-sta-alessandro-battista-condizioni-salute-dell-ex-deputato-485182\"><\/p>\n<div class=\"img-wrapper\"><img decoding=\"async\" src=\"https:\/\/static.dagospia.com\/img\/patch\/08-2026\/di-battista-grillo-di-maio-alessandro-2300529_600_q50.webp\" alt=\"di battista grillo di maio alessandro\" loading=\"lazy\"><\/div>\n<div class=\"excerpt\">COME STA ALESSANDRO DI BATTISTA? &#8211; LE CONDIZIONI DI SALUTE DELL&#8217;EX DEPUTATO DEL MOVIMENTO 5 STELLE,\u2026<\/div>\n<p><\/a><\/article>\n<article><a href=\"https:\/\/www.dagospia.com\/media-tv\/milanospia-brumotti-meloni-pier-silvio-485225\"><\/p>\n<div class=\"img-wrapper\"><img decoding=\"async\" src=\"https:\/\/static.dagospia.com\/img\/patch\/08-2026\/milanospia-dandolo-2300670_600_q50.webp\" alt=\"milanospia dandolo\" loading=\"lazy\"><\/div>\n<div class=\"excerpt\">MILANOSPIA! DANDOLO: LA NUOVA PASSIONE TELEVISIVA DELLE SORELLE MELONI? VITTORIO BRUMOTTI &#8211; L&#8217;EX\u2026<\/div>\n<p><\/a><\/article>\n<article><a href=\"https:\/\/www.dagospia.com\/media-tv\/pillole-gossip-elodie-franceska-nuredini-trans-alice-de-485322\"><\/p>\n<div class=\"img-wrapper\"><img decoding=\"async\" src=\"https:\/\/static.dagospia.com\/img\/patch\/08-2026\/pillole-avanti-gossip-2300996_600_q50.webp\" alt=\"pillole avanti gossip\" loading=\"lazy\"><\/div>\n<div class=\"excerpt\">PILLOLE DI GOSSIP! ELODIE E FRANCESKA NUREDINI, AVVISTATE AL LARGO DI PROCIDA A BORDO DI UNO YACHT,\u2026<\/div>\n<p><\/a><\/article>\n<article><a href=\"https:\/\/www.dagospia.com\/media-tv\/riconoscete-dal-cameltoe-dalle-ciliegione-31enne-e-figlia-485344\"><\/p>\n<div class=\"img-wrapper\"><img decoding=\"async\" src=\"https:\/\/static.dagospia.com\/img\/patch\/08-2026\/cecilia-sala-fisico-2301059_600_q50.webp\" alt=\"cecilia sala fisico \" loading=\"lazy\"><\/div>\n<div class=\"excerpt\">LA RICONOSCETE DAL \u201cCAMELTOE\u201d O DALLE \u201cCILIEGIONE\u201d? LA 31ENNE E\u2019 FIGLIA DI UN IMPORTANTE DIRIGENTE\u2026<\/div>\n<p><\/a><\/article>\n<article><a href=\"https:\/\/www.dagospia.com\/politica\/elly-ascolta-gli-amici-i-big-pd-scesi-in-campo-cosi-pesantemente-per-485354\"><\/p>\n<div class=\"img-wrapper\"><img decoding=\"async\" src=\"https:\/\/static.dagospia.com\/img\/patch\/08-2026\/giuseppe-conte-elly-schlein-franceschini-bonaccini-nardella-2301098_600_q50.webp\" alt=\"giuseppe conte elly schlein franceschini bonaccini nardella\" loading=\"lazy\"><\/div>\n<div class=\"excerpt\">DAGOREPORT &#8211; ELLY, ASCOLTA GLI AMICI! I CAPOCCIONI E LE MEZZECALZE DEL PD, CHE SONO SCESI COS\u00cc\u2026<\/div>\n<p><\/a><\/article>\n<article><a href=\"https:\/\/www.dagospia.com\/politica\/l-ingaggio-fedorov-fa-incazzare-zelensky-mette-in-allarme-agenzie-485343\"><\/p>\n<div class=\"img-wrapper\"><img decoding=\"async\" src=\"https:\/\/static.dagospia.com\/img\/patch\/08-2026\/fedorov-musk-thiel-zelensky-crosetto-2301168_600_q50.webp\" alt=\"fedorov musk thiel zelensky crosetto\" loading=\"lazy\"><\/div>\n<div class=\"excerpt\">DAGOREPORT &#8211; A QUALCUNO NON PIACE &#8216;STO FEDOROV &#8211;\u00a0PIU&#8217; CHE A INDIGNARE I NEURONI ALLA VODKA DI\u2026<\/div>\n<p><\/a><\/article>\n<article><a href=\"https:\/\/www.dagospia.com\/politica\/flash-c-e-grande-perplessita-i-draghi-boys-per-presenza-andrea-485336\"><\/p>\n<div class=\"img-wrapper\"><img decoding=\"async\" src=\"https:\/\/static.dagospia.com\/img\/patch\/08-2026\/xavier-niel-draghi-pignataro-2301175_600_q50.webp\" alt=\"xavier niel draghi pignataro\" loading=\"lazy\"><\/div>\n<div class=\"excerpt\">FLASH! \u2013 I \u201cDRAGHI BOYS\u201d DEL POTERE ECONOMICO ITALIANO AVREBBERO ESPRESSO QUALCHE PERPLESSITA&#8217;\u2026<\/div>\n<p><\/a><\/article>\n<article><a href=\"https:\/\/www.dagospia.com\/politica\/quale-episodio-giulia-presutti-era-habitue-cefalu-bistro-dove-piu-e-485248\"><\/p>\n<div class=\"img-wrapper\"><img decoding=\"async\" src=\"https:\/\/static.dagospia.com\/img\/patch\/08-2026\/ranucci-presutti-cianfoni-floridia-2300757_600_q50.webp\" alt=\"ranucci presutti cianfoni floridia\" loading=\"lazy\"><\/div>\n<div class=\"excerpt\">DAGOREPORT &#8211;\u00a0MA QUALE &#8220;EPISODIO&#8221;! GIULIA PRESUTTI ERA UN HABITU\u00c8 DEL \u201cCEFAL\u00d9 BISTR\u00d2\u201d DOVE PI\u00d9 VOLTE\u2026<\/div>\n<p><\/a><\/article>\n<article><a href=\"https:\/\/www.dagospia.com\/politica\/risiko-s-ingrossa-l-apertura-assicurazioni-generali-valutare-l-offerta-484996\"><\/p>\n<div class=\"img-wrapper\"><img decoding=\"async\" src=\"https:\/\/static.dagospia.com\/img\/patch\/08-2026\/generali-philippe-donnet-luigi-lovaglio-carlo-messina-2292458_600_q50.webp\" alt=\"generali philippe donnet luigi lovaglio carlo messina \" loading=\"lazy\"><\/div>\n<div class=\"excerpt\">DAGOREPORT &#8211; IL RISIKO S&#8217;INGROSSA! L\u2019APERTURA DI ASSICURAZIONI GENERALI A VALUTARE L&#8217;OFFERTA\u201d DI\u2026<\/div>\n<p><\/a><\/article>\n<article><a href=\"https:\/\/www.dagospia.com\/cronache\/voluto-trump-t-attacchi-scorta-i-leader-silicon-valley-484985\"><\/p>\n<div class=\"img-wrapper\"><img decoding=\"async\" src=\"https:\/\/static.dagospia.com\/img\/patch\/08-2026\/mark-zuckerberg-proteste-2299936_600_q50.webp\" alt=\"mark zuckerberg proteste \" loading=\"lazy\"><\/div>\n<div class=\"excerpt\">HAI VOLUTO TRUMP? E ORA T\u2019ATTACCHI ALLA SCORTA! \u2013 I LEADER DELLA SILICON VALLEY SONO OSSESSIONATI\u2026<\/div>\n<p><\/a><\/article>\n<article><a href=\"https:\/\/www.dagospia.com\/politica\/flash-giorgia-meloni-manda-armi-sottobanco-all-ucraina-per-non-spaccare-484982\"><\/p>\n<div class=\"img-wrapper\"><img decoding=\"async\" src=\"https:\/\/static.dagospia.com\/img\/patch\/08-2026\/giorgia-meloni-volodymyr-zelensky-mario-draghi-2299913_600_q50.webp\" alt=\"giorgia meloni volodymyr zelensky mario draghi \" loading=\"lazy\"><\/div>\n<div class=\"excerpt\">FLASH \u2013 GIORGIA MELONI MANDA LE ARMI SOTTOBANCO ALL\u2019UCRAINA PER NON SPACCARE LA SUA MAGGIORANZA. IL\u2026<\/div>\n<p><\/a><\/article>\n<article><a href=\"https:\/\/www.dagospia.com\/politica\/qual-era-scopo-blitz-capo-cia-mosca-i-beninformati-washington-484881\"><\/p>\n<div class=\"img-wrapper\"><img decoding=\"async\" src=\"https:\/\/static.dagospia.com\/img\/patch\/12-2025\/vladimir-putin-donald-trump-volodymyr-zelensky-2214409_600_q50.webp\" alt=\"vladimir putin donald trump volodymyr zelensky\" loading=\"lazy\"><\/div>\n<div class=\"excerpt\">FLASH! \u2013 QUANDO LE COSE GIRANO SUL PEGGIO, INTERVENGONO I SERVIZI SEGRETI &#8211;\u00a0IL BENINFORMATO\u00a0CAPO\u2026<\/div>\n<p><\/a><\/article>\n<article><a href=\"https:\/\/www.dagospia.com\/politica\/prossima-destinazione-enrico-mentana-padrone-supremo-tutta-l-informazione-484639\"><\/p>\n<div class=\"img-wrapper\"><img decoding=\"async\" src=\"https:\/\/static.dagospia.com\/img\/patch\/08-2026\/kyriakou-pier-silvio-berlusconi-enrico-mentana-crippa-fedele-confalonieri-medias-2298828_600_q50.webp\" alt=\"kyriakou pier silvio berlusconi enrico mentana crippa fedele confalonieri mediaset urbano cairo marina\" loading=\"lazy\"><\/div>\n<div class=\"excerpt\">DAGOREPORT &#8211; RITORNA A CASA, LESSO! SI ACCAVALLANO LE VOCI CHE LA PROSSIMA DESTINAZIONE DI ENRICO\u2026<\/div>\n<p><\/a><\/article>\n<article><a href=\"https:\/\/www.dagospia.com\/media-tv\/martedi-prossimo-calera-sipario-ranucci-ottobre-quando-ritornera-in-onda-484460\"><\/p>\n<div class=\"img-wrapper\"><img decoding=\"async\" src=\"https:\/\/static.dagospia.com\/img\/patch\/07-2026\/sigfrido-ranucci-valter-lavitola-giampaolo-rossi-2287105_600_q50.webp\" alt=\"sigfrido ranucci valter lavitola giampaolo rossi \" loading=\"lazy\"><\/div>\n<div class=\"excerpt\">DAGOREPORT &#8211;\u00a0MARTED\u00cc PROSSIMO CALER\u00c0 IL SIPARIO SU RANUCCI: A OTTOBRE, QUANDO RITORNER\u00c0 IN ONDA\u2026<\/div>\n<p><\/a><\/article>\n<article><a href=\"https:\/\/www.dagospia.com\/cafonal\/cafonalino-roma-proiezione-documentario-marco-bellocchio-marco-travaglio-485081\"><\/p>\n<div class=\"img-wrapper\"><img decoding=\"async\" src=\"https:\/\/static.dagospia.com\/img\/patch\/08-2026\/2026bellocchio-anteprima-film-di-marco-bellocchio-2300339_600_q50.webp\" alt=\"2026bellocchio anteprima film di marco bellocchio\" loading=\"lazy\"><\/div>\n<div class=\"excerpt\">CAFONALINO! AL CINEMA QUATTRO FONTANE DI ROMA LA PROIEZIONE SPECIALE DEL DOCUMENTARIO \u201cMARCO\u2026<\/div>\n<p><\/a><\/article>\n<article><a href=\"https:\/\/www.dagospia.com\/cafonal\/cafonal-show-ranucci-cerveteri-freni-ho-fatto-scoop-nazionali-484807\"><\/p>\n<div class=\"img-wrapper\"><img decoding=\"async\" src=\"https:\/\/static.dagospia.com\/img\/patch\/08-2026\/2026ranucci-sigfrido-ranucci-2299409_600_q50.webp\" alt=\"2026ranucci sigfrido ranucci\" loading=\"lazy\"><\/div>\n<div class=\"excerpt\">SIGFRIDO, IL MASANIELLO DE NOANTRI \u2013 RANUCCI HA PERSO OGNI FRENO E, ALLA PRESENTAZIONE DEL SUO\u2026<\/div>\n<p><\/a><\/article>\n<article><a href=\"https:\/\/www.dagospia.com\/cafonal\/funeralino-l-ultimo-saluto-mitico-produttore-cinematografico-fulvio-484127\"><\/p>\n<div class=\"img-wrapper\"><img decoding=\"async\" src=\"https:\/\/static.dagospia.com\/img\/patch\/08-2026\/2026lucisano-2297424_600_q50.webp\" alt=\"2026lucisano\" loading=\"lazy\"><\/div>\n<div class=\"excerpt\">FUNERALINO \u2013 NELLA CALLARA ROMANA D\u2019AGOSTO, L\u2019ULTIMO SALUTO AL MITICO PRODUTTORE CINEMATOGRAFICO\u2026<\/div>\n<p><\/a><\/article>\n<article><a href=\"https:\/\/www.dagospia.com\/cafonal\/cafonalino-pizza-riformista-matteo-renzi-raduna-i-suoi-prima-delle-480816\"><\/p>\n<div class=\"img-wrapper\"><img decoding=\"async\" src=\"https:\/\/static.dagospia.com\/img\/patch\/07-2026\/2026kraken-matteo-renzi-2286047_600_q50.webp\" alt=\"2026kraken matteo renzi \" loading=\"lazy\"><\/div>\n<div class=\"excerpt\">CAFONALINO DELLA PIZZA RIFORMISTA \u2013 RENZI RADUNA I SUOI PRIMA DELLE VACANZE ESTIVE AL SATYRUS DI\u2026<\/div>\n<p><\/a><\/article>\n<article><a href=\"https:\/\/www.dagospia.com\/cafonal\/cafonalino-moreno-party-roma-manuela-moreno-festeggia-i-60-anni-480777\"><\/p>\n<div class=\"img-wrapper\"><img decoding=\"async\" src=\"https:\/\/static.dagospia.com\/img\/patch\/07-2026\/manuela-moreno-festa-60-anni-2285871_600_q50.webp\" alt=\"manuela moreno festa 60 anni \" loading=\"lazy\"><\/div>\n<div class=\"excerpt\">CAFONALINO! NO MORENO, NO PARTY \u2013 A ROMA, AL LOVE BAR DI PONTE MILVIO, MANUELA MORENO, CONDUTTRICE\u2026<\/div>\n<p><\/a><\/article>\n<article><a href=\"https:\/\/www.dagospia.com\/cafonal\/cafonalino-firenze-tevere-direttori-redattori-forchettoni-scrocconi-480745\"><\/p>\n<div class=\"img-wrapper\"><img decoding=\"async\" src=\"https:\/\/static.dagospia.com\/img\/patch\/07-2026\/2026agno-marco-agnoletti-2285763_600_q50.webp\" alt=\"2026agno marco agnoletti \" loading=\"lazy\"><\/div>\n<div class=\"excerpt\">CAFONALINO DEGLI AGNOLETTI IN BRODO &#8211; DIRETTORI, REDATTORI, FORCHETTONI E SCROCCONI SFIDANO\u2026<\/div>\n<p><\/a><\/article>\n<p>[analyse_source url=&#8221;https:\/\/www.dagospia.com\/cronache\/perche-per-risolvere-crisi-italia-spagna-non-scende-in-campo-valeria-485362&#8243;]<\/p>\n","protected":false},"excerpt":{"rendered":"<p>[analyse_image type=&#8221;featured&#8221; src=&#8221;https:\/\/static.dagospia.com\/img\/patch\/08-2026\/marini-meloni-sanchez-2301114_600_q50.webp&#8221;] 31 ago 2026 18:12 PERCH\u00c9, PER RISOLVERE LA CRISI TRA ITALIA E SPAGNA, NON SCENDE IN CAMPO VALERIA MARINI? &#8211; LA SCIO&#8217; GIRL CONFESSO&#8217; DI ESSERE UN&#8217;AMICA DI PENNA DI PEDRO SANCHEZ (POTREBBE FARSI PORTAVOCE DELLA MELONI PER RISOLVERE GLI SCAZZI SU CEUTA!): &#8220;UNA NOTTE GLI HO SCRITTO A PROPOSITO DI TRUMP [&hellip;]<\/p>\n","protected":false},"author":1,"featured_media":0,"comment_status":"open","ping_status":"","sticky":false,"template":"","format":"standard","meta":{"footnotes":""},"categories":[87],"tags":[226,149],"class_list":["post-2121632","post","type-post","status-publish","format-standard","hentry","category-italy","tag-crawlmanager","tag-dagospia-com"],"_links":{"self":[{"href":"https:\/\/analyse.optim.biz\/index.php?rest_route=\/wp\/v2\/posts\/2121632","targetHints":{"allow":["GET"]}}],"collection":[{"href":"https:\/\/analyse.optim.biz\/index.php?rest_route=\/wp\/v2\/posts"}],"about":[{"href":"https:\/\/analyse.optim.biz\/index.php?rest_route=\/wp\/v2\/types\/post"}],"author":[{"embeddable":true,"href":"https:\/\/analyse.optim.biz\/index.php?rest_route=\/wp\/v2\/users\/1"}],"replies":[{"embeddable":true,"href":"https:\/\/analyse.optim.biz\/index.php?rest_route=%2Fwp%2Fv2%2Fcomments&post=2121632"}],"version-history":[{"count":0,"href":"https:\/\/analyse.optim.biz\/index.php?rest_route=\/wp\/v2\/posts\/2121632\/revisions"}],"wp:attachment":[{"href":"https:\/\/analyse.optim.biz\/index.php?rest_route=%2Fwp%2Fv2%2Fmedia&parent=2121632"}],"wp:term":[{"taxonomy":"category","embeddable":true,"href":"https:\/\/analyse.optim.biz\/index.php?rest_route=%2Fwp%2Fv2%2Fcategories&post=2121632"},{"taxonomy":"post_tag","embeddable":true,"href":"https:\/\/analyse.optim.biz\/index.php?rest_route=%2Fwp%2Fv2%2Ftags&post=2121632"}],"curies":[{"name":"wp","href":"https:\/\/api.w.org\/{rel}","templated":true}]}}