{"id":2121631,"date":"2026-08-31T10:30:01","date_gmt":"2026-08-31T07:30:01","guid":{"rendered":"https:\/\/analyse.optim.biz\/?p=2121631"},"modified":"2026-08-31T10:30:01","modified_gmt":"2026-08-31T07:30:01","slug":"restrictii-de-circulatie-pe-calea-buziasului-si-pe-strada-dumitru-kiriac","status":"publish","type":"post","link":"https:\/\/analyse.optim.biz\/?p=2121631","title":{"rendered":"Restric\u0163ii de circula\u0163ie pe Calea Buzia\u015fului \u015fi pe strada Dumitru Kiriac"},"content":{"rendered":"<p>[analyse_image type=&#8221;featured&#8221; src=&#8221;https:\/\/renasterea.ro\/ro\/wp-content\/uploads\/restrictii-15.jpghttps:\/\/renasterea.ro\/ro\/wp-content\/uploads\/restrictii-15.jpg&#8221;]<\/p>\n<div class=\"entry-content\"><img loading=\"lazy\" decoding=\"async\" width=\"650\" height=\"429\" src=\"https:\/\/renasterea.ro\/ro\/wp-content\/uploads\/restrictii-15.jpg\" class=\"attachment-medium size-medium wp-post-image\" alt=\"Restric\u0163ii de circula\u0163ie pe Calea Buzia\u015fului \u015fi pe strada Dumitru Kiriac\" title=\"Restric\u0163ii de circula\u0163ie pe Calea Buzia\u015fului \u015fi pe strada Dumitru Kiriac 1\"><\/p>\n<h4 lang=\"en-US\" align=\"justify\">Restric\u0163ii de circula\u0163ie pe Calea Buzia\u015fului \u015fi pe strada Dumitru Kiriac<\/h4>\n<p class=\"western\" lang=\"en-US\" align=\"justify\"><sub><span><span><span>La solicitarea Societ\u0103\u021bii Drumuri Municipale \u0219i Delgaz Grid, comisia de circula\u021bie din cadrul Prim\u0103riei Municipiului Timi\u0219oara a avizat restric\u021bionarea traficului rutier \u00een mai multe zone din oras, \u00een vederea refacerii infrastructurii rutiere \u0219i de utilit\u0103\u021bi. <\/span><\/span><\/span><\/sub><\/p>\n<p class=\"western\" lang=\"en-US\" align=\"justify\"><sub><span><span><span>Astfel, p\u00e2n\u0103 la data de <\/span><\/span><span><span><b>5.09.2026<\/b><\/span><\/span><span><span>, circula\u021bia rutier\u0103 va fi restric\u021bionat\u0103 pe Calea Buzia\u0219ului, pe partea opus\u0103 tronsonului unde lucr\u0103rile au fost deja finalizate. <\/span><\/span><\/span><\/sub><sub><span><span><span>\u00cen aceast\u0103 etap\u0103, Societatea Drumuri Municipale va interveni pentru refacerea infrastructurii rutiere pe tronsonul cuprins \u00eentre sensul giratoriu din Pia\u021ba Gheorghe Dom\u0103\u0219neanu \u0219i sensul giratoriu de la intersec\u021bia cu strada Matei Millo.<\/span><\/span><\/span><\/sub><\/p>\n<h2 lang=\"en-US\" align=\"justify\">CITE\u015eTE \u015eI: <span><a href=\"https:\/\/renasterea.ro\/permisul-de-conducere-si-certificatul-de-inmatriculare-se-scumpesc\/\">Permisul de conducere \u0219i certificatul de \u00eenmatriculare se scumpesc<\/a><\/span><\/h2>\n<p class=\"western\" lang=\"en-US\" align=\"justify\"><sub><span><span><span>De asemenea, la solicitarea Delgaz Grid, circula\u021bia rutier\u0103 va fi restric\u021bionat\u0103 etapizat, pe strada Dumitru Kiriac, \u00een perioada <\/span><\/span><span><span><b>1.09.2026 \u2013 16.10.2026<\/b><\/span><\/span><span><span>, \u00een vederea \u00eenlocuirii conductelor \u0219i bran\u0219amentelor de gaze naturale de joas\u0103 presiune. <\/span><\/span><\/span><\/sub><\/p>\n<\/div>\n<p>[analyse_source url=&#8221;https:\/\/renasterea.ro\/restrictii-de-circulatie-pe-calea-buziasului-si-pe-strada-dumitru-kiriac\/&#8221;]<\/p>\n","protected":false},"excerpt":{"rendered":"<p>[analyse_image type=&#8221;featured&#8221; src=&#8221;https:\/\/renasterea.ro\/ro\/wp-content\/uploads\/restrictii-15.jpghttps:\/\/renasterea.ro\/ro\/wp-content\/uploads\/restrictii-15.jpg&#8221;] Restric\u0163ii de circula\u0163ie pe Calea Buzia\u015fului \u015fi pe strada Dumitru Kiriac La solicitarea Societ\u0103\u021bii Drumuri Municipale \u0219i Delgaz Grid, comisia de circula\u021bie din cadrul Prim\u0103riei Municipiului Timi\u0219oara a avizat restric\u021bionarea traficului rutier \u00een mai multe zone din oras, \u00een vederea refacerii infrastructurii rutiere \u0219i de utilit\u0103\u021bi. Astfel, p\u00e2n\u0103 la data de 5.09.2026, [&hellip;]<\/p>\n","protected":false},"author":1,"featured_media":0,"comment_status":"open","ping_status":"","sticky":false,"template":"","format":"standard","meta":{"footnotes":""},"categories":[89],"tags":[226,188],"class_list":["post-2121631","post","type-post","status-publish","format-standard","hentry","category-romania","tag-crawlmanager","tag-renasterea-ro"],"_links":{"self":[{"href":"https:\/\/analyse.optim.biz\/index.php?rest_route=\/wp\/v2\/posts\/2121631","targetHints":{"allow":["GET"]}}],"collection":[{"href":"https:\/\/analyse.optim.biz\/index.php?rest_route=\/wp\/v2\/posts"}],"about":[{"href":"https:\/\/analyse.optim.biz\/index.php?rest_route=\/wp\/v2\/types\/post"}],"author":[{"embeddable":true,"href":"https:\/\/analyse.optim.biz\/index.php?rest_route=\/wp\/v2\/users\/1"}],"replies":[{"embeddable":true,"href":"https:\/\/analyse.optim.biz\/index.php?rest_route=%2Fwp%2Fv2%2Fcomments&post=2121631"}],"version-history":[{"count":0,"href":"https:\/\/analyse.optim.biz\/index.php?rest_route=\/wp\/v2\/posts\/2121631\/revisions"}],"wp:attachment":[{"href":"https:\/\/analyse.optim.biz\/index.php?rest_route=%2Fwp%2Fv2%2Fmedia&parent=2121631"}],"wp:term":[{"taxonomy":"category","embeddable":true,"href":"https:\/\/analyse.optim.biz\/index.php?rest_route=%2Fwp%2Fv2%2Fcategories&post=2121631"},{"taxonomy":"post_tag","embeddable":true,"href":"https:\/\/analyse.optim.biz\/index.php?rest_route=%2Fwp%2Fv2%2Ftags&post=2121631"}],"curies":[{"name":"wp","href":"https:\/\/api.w.org\/{rel}","templated":true}]}}