{"id":212157,"date":"2014-02-17T15:39:07","date_gmt":"2014-02-17T12:39:07","guid":{"rendered":"https:\/\/analyse.optim.biz\/?p=212157"},"modified":"2014-02-17T15:39:07","modified_gmt":"2014-02-17T12:39:07","slug":"daniel-constantin-nu-vreau-sa-intru-intr-o-dezbatere-publica-plina-de-jigniri","status":"publish","type":"post","link":"https:\/\/analyse.optim.biz\/?p=212157","title":{"rendered":"Daniel Constantin: Nu vreau s\u0103 intru \u00eentr-o dezbatere public\u0103 plin\u0103 de jigniri"},"content":{"rendered":"<div class=\"entry data-app-meta data-app-meta-article\" data-embed-base-url-canonical=\"https:\/\/www.digi24.ro\/embed\/stiri\/actualitate\/politica\/daniel-constantin-nu-vreau-sa-intru-intr-o-dezbatere-publica-plina-de-jigniri-201593\">\n<p data-index=\"1\">&#8220;\u00cen momentul de fa\u0163\u0103, mingea nu este la USL, ci este la PNL. Sunt dou\u0103 solu\u0163ii de ie\u015fire din criza politic\u0103: nu restructur\u0103m Guvernul \u015fi a\u015ftept\u0103m propunerile PNL \u015fi, a doua solu\u0163ie, restructur\u0103m Guvernul \u015fi revenim la protocol. Sunt dou\u0103 variante, restructur\u0103m sau nu restructur\u0103m Guvernul, ambele sunt pe masa PNL&#8221;, a declarat <strong>Daniel Constantin<\/strong>.<\/p>\n<p data-index=\"2\">\u00cen opinia sa, s-a intrat &#8220;\u00eentr-un soi de ambi\u0163ie personal\u0103&#8221; \u00een zona conducerii PNL, ceea ce creeaz\u0103 &#8220;blocaj politic&#8221;.<\/p>\n<p data-index=\"3\">&#8220;L-am auzit mai devreme pe domnul <strong>Crin Antonescu<\/strong> spun\u00e2nd c\u0103 domnul <strong>Victor Ponta<\/strong> trebuie s\u0103 decid\u0103 sau USL trebuie s\u0103 decid\u0103. Cred c\u0103 \u00een momentul de fa\u0163\u0103 domnul Antonescu are pe masa domniei sale dou\u0103 solu\u0163ii pentru a merge mai departe, pentru a rezolva criza politic\u0103 din cadrul USL. Una dintre solu\u0163ii este aceea de a nu restructura Guvernul, \u015fi atunci se a\u015fteapt\u0103 propuneri pentru portofoliile care le revin celor de la PNL, sau cea de-a doua solu\u0163ie, s\u0103 restructur\u0103m Guvernul \u015fi atunci sigur c\u0103 trebuie restructurat \u00een formula pe care o agreeaz\u0103 toate cele patru partide din USL&#8221;, a explicat Daniel Constantin.<\/p>\n<p data-index=\"4\">El a ar\u0103tat c\u0103 func\u0163ia de vicepremier nu este o func\u0163ie inventat\u0103, ci este o func\u0163ie care exist\u0103 \u00een protocolul USL, o func\u0163ie men\u0163ionat\u0103 pentru fiecare din partidele care formeaz\u0103 alian\u0163a.<\/p>\n<p data-index=\"5\">&#8220;Este o func\u0163ie nu inventat\u0103, a\u015fa cum se propag\u0103 neadev\u0103ruri \u00een spa\u0163iul public, este o func\u0163ie care exist\u0103 \u00een cadrul protocolului Alian\u0163ei de Centru-Dreapta, o func\u0163ie men\u0163ionat\u0103 foarte clar \u00een plus fa\u0163\u0103 de cele calculate pentru mini\u015ftri, pentru fiecare din partidele care formeaz\u0103 alian\u0163a, adic\u0103 PNL \u015fi PC, trebuie s\u0103 existe o func\u0163ie de viceprim-ministru. Nu facem altceva dec\u00e2t ceea ce are \u015fi domnul Antonescu prin mandat&#8221;, a spus Constantin.<\/p>\n<p data-index=\"6\">El a ar\u0103tat c\u0103 nu dore\u015fte crearea unei func\u0163ii noi \u015fi nici s\u0103 ia de la PNL ceva, dec\u00e2t &#8220;s\u0103 se asume ce s-a angajat prin semn\u0103tur\u0103&#8221;.<\/p>\n<p data-index=\"7\">Daniel Constantin a mai spus c\u0103 PC a f\u0103cut dou\u0103 concesii p\u00e2n\u0103 acum, care s-au uitat, \u015fi anume a cedat func\u0163ia de pre\u015fedinte al Senatului \u015fi a renun\u0163at \u00een 2012 la func\u0163ia de viceprim-ministru.<\/p>\n<p data-index=\"8\">&#8220;Sunt dou\u0103 concesii majore pe care le-am f\u0103cut, PNL crez\u00e2nd c\u0103 \u00een felul acesta putem s\u0103 poten\u0163\u0103m candidatura domnului pre\u015fedinte. Se pare c\u0103 nu a existat niciun fel de r\u0103sunet, ca s\u0103 zic a\u015fa, la niciun fel de nivel \u00een PNL, \u015fi atunci nu cred c\u0103 mai poate fi vorba de o concesie&#8221;, a ad\u0103ugat Daniel Constantin.<\/p>\n<\/div>\n<p> Source URL: https:\/\/www.digi24.ro\/stiri\/actualitate\/politica\/daniel-constantin-nu-vreau-sa-intru-intr-o-dezbatere-publica-plina-de-jigniri-201593<\/p>\n","protected":false},"excerpt":{"rendered":"<p>&#8220;\u00cen momentul de fa\u0163\u0103, mingea nu este la USL, ci este la PNL. Sunt dou\u0103 solu\u0163ii de ie\u015fire din criza politic\u0103: nu restructur\u0103m Guvernul \u015fi a\u015ftept\u0103m propunerile PNL \u015fi, a doua solu\u0163ie, restructur\u0103m Guvernul \u015fi revenim la protocol. Sunt dou\u0103 variante, restructur\u0103m sau nu restructur\u0103m Guvernul, ambele sunt pe masa PNL&#8221;, a declarat Daniel Constantin. [&hellip;]<\/p>\n","protected":false},"author":1,"featured_media":212158,"comment_status":"open","ping_status":"","sticky":false,"template":"","format":"standard","meta":{"footnotes":""},"categories":[2],"tags":[11],"class_list":["post-212157","post","type-post","status-publish","format-standard","has-post-thumbnail","hentry","category-politics","tag-digi24"],"_links":{"self":[{"href":"https:\/\/analyse.optim.biz\/index.php?rest_route=\/wp\/v2\/posts\/212157","targetHints":{"allow":["GET"]}}],"collection":[{"href":"https:\/\/analyse.optim.biz\/index.php?rest_route=\/wp\/v2\/posts"}],"about":[{"href":"https:\/\/analyse.optim.biz\/index.php?rest_route=\/wp\/v2\/types\/post"}],"author":[{"embeddable":true,"href":"https:\/\/analyse.optim.biz\/index.php?rest_route=\/wp\/v2\/users\/1"}],"replies":[{"embeddable":true,"href":"https:\/\/analyse.optim.biz\/index.php?rest_route=%2Fwp%2Fv2%2Fcomments&post=212157"}],"version-history":[{"count":0,"href":"https:\/\/analyse.optim.biz\/index.php?rest_route=\/wp\/v2\/posts\/212157\/revisions"}],"wp:featuredmedia":[{"embeddable":true,"href":"https:\/\/analyse.optim.biz\/index.php?rest_route=\/wp\/v2\/media\/212158"}],"wp:attachment":[{"href":"https:\/\/analyse.optim.biz\/index.php?rest_route=%2Fwp%2Fv2%2Fmedia&parent=212157"}],"wp:term":[{"taxonomy":"category","embeddable":true,"href":"https:\/\/analyse.optim.biz\/index.php?rest_route=%2Fwp%2Fv2%2Fcategories&post=212157"},{"taxonomy":"post_tag","embeddable":true,"href":"https:\/\/analyse.optim.biz\/index.php?rest_route=%2Fwp%2Fv2%2Ftags&post=212157"}],"curies":[{"name":"wp","href":"https:\/\/api.w.org\/{rel}","templated":true}]}}