{"id":2121544,"date":"2026-08-31T12:09:00","date_gmt":"2026-08-31T09:09:00","guid":{"rendered":"https:\/\/analyse.optim.biz\/?p=2121544"},"modified":"2026-08-31T12:09:00","modified_gmt":"2026-08-31T09:09:00","slug":"il-marketing-del-martire-ranucci-prepara-la-causa-alla-rai-continua-il-tour-teatrale-ha-pronto","status":"publish","type":"post","link":"https:\/\/analyse.optim.biz\/?p=2121544","title":{"rendered":"Il marketing del martire: ranucci prepara la causa alla rai, continua il tour teatrale ha pronto&#8230;"},"content":{"rendered":"<p>[analyse_image type=&#8221;featured&#8221; src=&#8221;https:\/\/static.dagospia.com\/img\/patch\/08-2026\/sigfrido-ranucci-in-versione-san-sebastiano-martire-2300456_600_q50.webp&#8221;]<\/p>\n<article>\n<div class=\"img-wrapper\"><img decoding=\"async\" src=\"https:\/\/static.dagospia.com\/img\/patch\/08-2026\/sigfrido-ranucci-in-versione-san-sebastiano-martire-2300456_600_q50.webp\" alt=\"sigfrido ranucci in versione san sebastiano martire\"><time class=\"data-ora\">31 ago 2026 14:09<\/time><\/div>\n<p><span>IL MARKETING DEL MARTIRE<\/span> \u2013 SIGFRIDO RANUCCI, DOPO LA SUA RIMOZIONE DA \u201cREPORT\u201d, PREPARA LA CAUSA ALLA RAI, <span>CONTINUA IL TOUR TEATRALE CON TONI DA SALVATORE DELLA PATRIA E HA GI\u00c0 PRONTO UN NUOVO LIBRO, <\/span>CHE USCIR\u00c0 NEL FEBBRAIO 2027, DAL TITOLO \u201cIL BIANCO E IL NERO\u201d \u2013 GIRANO VOCI CHE IL GIORNALISTA STIA VALUTANDO I PIANI B: FORSE LA 7, FORSE \u201cIL FATTO\u201d, UNA CANDIDATURA IN PARLAMENTO? \u2013 L\u2019ATTACCO A FRATELLI D\u2019ITALIA: \u201cNON VOLEVANO NEANCHE FARMI ESIBIRE AD AGRIGENTO. NON SOLO MI VOGLIONO SILENZIARE IN RAI, MA FARMI TERRA BRUCIATA ANCHE FUORI. COME SI CHIAMA QUESTO? KILLERAGGIO\u201d \u2013 <span>IL VIDEO DI RANUCCI CHE SI FILMA INSIEME ALLA \u201cSUA GENTE\u201d COME UNA ROCKSTAR<\/span><\/p>\n<div class=\"share-section\">\n                Condividi  questo articolo<\/p>\n<div class=\"socials\"><a href=\"http:\/\/www.facebook.com\/sharer.php?u=http:\/\/www.dagospia.com\/media-tv\/marketing-martire-ranucci-prepara-causa-rai-continua-tour-teatrale-485333\" target=\"_blank\"><img decoding=\"async\" src=\"https:\/\/static.dagospia.com\/img\/icons\/facebook.svg\" alt=\"Condividi su Facebook\"><\/a><a href=\"http:\/\/www.twitter.com\/share?url=http:\/\/www.dagospia.com\/media-tv\/marketing-martire-ranucci-prepara-causa-rai-continua-tour-teatrale-485333&amp;text=IL%20MARKETING%20DEL%20MARTIRE:%20RANUCCI%20%20PREPARA%20LA%20CAUSA%20ALLA%20RAI,%20CONTINUA%20IL%20TOUR%20TEATRALE%20HA%20PRONTO...\" target=\"_blank\"><img decoding=\"async\" src=\"https:\/\/static.dagospia.com\/img\/icons\/x-icon.png\" alt=\"Condividi su X\"><\/a><a href=\"\/\/www.dagospia.com\/media-tv\/marketing-martire-ranucci-prepara-causa-rai-continua-tour-teatrale-485333\" target=\"_blank\"><img decoding=\"async\" src=\"https:\/\/static.dagospia.com\/img\/icons\/whatsapp.svg\" alt=\"Condividi su Whatsapp\"><\/a><a href=\"mailto:?body=http:\/\/www.dagospia.com\/media-tv\/marketing-martire-ranucci-prepara-causa-rai-continua-tour-teatrale-485333\" target=\"_blank\"><img decoding=\"async\" src=\"https:\/\/static.dagospia.com\/img\/icons\/mail.svg\" alt=\"Invia in email\"><\/a><\/div>\n<\/div>\n<div class=\"content\">\n<div>\n<h6>SIGFRIDO RANUCCI A FLORINAS<\/h6>\n<p><video controls=\"controls\"><source src=\"https:\/\/static.dagospia.com\/video\/08-2026\/SIGFRIDO_RANUCCI_A_FLORINAS-4926.mp4\" type=\"video\/mp4\" \/><\/video><\/div>\n<p class=\"disable\">\u00a0<\/p>\n<p class=\"disable\">\u00a0<\/p>\n<p class=\"disable\"><strong>Estratto dell\u2019articolo di Conchita Sannino per <a href=\"http:\/\/www.repubblica.it\" target=\"_blank\">\u201cla Repubblica\u201d<\/a><\/strong><\/p>\n<p class=\"disable\">\u00a0<\/p>\n<p class=\"disable\">\u00a0<\/p>\n<p><a href=\"https:\/\/www.dagospia.com\/media-gallery\/dago-fotogallery-521760\/2299396\" class=\"float-right img-wrapper\"><img decoding=\"async\" id=\"2299396\" loading=\"lazy\" src=\"https:\/\/static.dagospia.com\/img\/foto\/08-2026\/sigfrido-ranucci-assaltato-dalla-stampa-2299396_800_q50.webp\"><span class=\"img-title\">sigfrido ranucci assaltato dalla stampa<\/span><\/a><\/p>\n<p class=\"disable\">Il ricorso, come risposta alla rimozione d\u2019imperio dalla guida di Report. Il tour teatrale, che prosegue nonostante qualche maldestra pressione politica, come quella che puntava ieri a negargli il teatro di Agrigento.<\/p>\n<p class=\"disable\">\u00a0<\/p>\n<p class=\"disable\">E il nuovo libro che Sigfrido Ranucci chiuder\u00e0 nelle prossime settimane per Bompiani, uscita febbraio 2027. Il titolo \u00e8 vagamente stendhaliano: \u201cIl bianco e il nero\u201d. Un racconto, secondo quanto risulta a Repubblica, verosimilmente forte e personale. [&#8230;]<\/p>\n<p class=\"disable\">\u00a0<\/p>\n<p class=\"imgLeft\"><a href=\"https:\/\/www.dagospia.com\/media-gallery\/dago-fotogallery-521760\/2300475\" class=\"float-right img-wrapper\"><img decoding=\"async\" id=\"2300475\" loading=\"lazy\" src=\"https:\/\/static.dagospia.com\/img\/foto\/08-2026\/sigfrido-ranucci-deport-daniele-piervincenzi-giulia-presutti-2300475_800_q50.webp\"><span class=\"img-title\">SIGFRIDO RANUCCI DEPORT &#8211; DANIELE PIERVINCENZI GIULIA PRESUTTI<\/span><\/a><\/p>\n<p class=\"disable\">\u00abLa via del tribunale? In assenza di passi indietro da parte della Rai, diventer\u00e0 inevitabile. Stanno andando avanti con la soppressione del format e il mio trasferimento ad horas senza spiegare perch\u00e9. Faremo di tutto\u00bb, chiarisce Ranucci dal torrido sabato siciliano, mentre prosegue la sua tourn\u00e9e teatrale. [&#8230;]<\/p>\n<p class=\"disable\">\u00a0<\/p>\n<p class=\"disable\">\u00abLe scelte su quei conduttori non mirano solo a distruggere me, ma a colpire al cuore l\u2019intera storia e professionalit\u00e0 di Report. Eravamo tutti nel loro bersaglio\u00bb, tira le fila Ranucci, ora che gli inviati minacciano di andarsene in blocco.<\/p>\n<p class=\"disable\">\u00a0<\/p>\n<p><a href=\"https:\/\/www.dagospia.com\/media-gallery\/dago-fotogallery-521760\/2299393\" class=\"float-right img-wrapper\"><img decoding=\"async\" id=\"2299393\" loading=\"lazy\" src=\"https:\/\/static.dagospia.com\/img\/foto\/08-2026\/sigfrido-ranucci-10-2299393_800_q50.webp\"><span class=\"img-title\">sigfrido ranucci (10)<\/span><\/a><\/p>\n<p class=\"disable\">E girano voci che anche lui stia valutando i piani B. Forse La 7, forse Il Fatto, una candidatura in Parlamento? Non ora, nessun progetto all\u2019orizzonte, la versione ufficiale: se non combattere per un atto che \u00e8 \u00abpuro arbitrio\u00bb.<\/p>\n<p class=\"disable\">\u00a0<\/p>\n<p class=\"disable\">Il clima da resa dei conti lo insegue, spiega. \u00abNon volevano neanche farmi esibire ad Agrigento. \u00c8 stata FdI a chiedere che non mi dessero il teatro. Non solo mi vogliono silenziare in Rai, ma farmi terra bruciata anche fuori. Come si chiama questa cosa? Persecuzione, killeraggio\u00bb.<\/p>\n<p class=\"disable\">\u00a0<\/p>\n<p class=\"disable\">[&#8230;]<\/p>\n<p><a href=\"https:\/\/www.dagospia.com\/media-gallery\/dago-fotogallery-521760\/2299386\" class=\"float-left img-wrapper\"><img decoding=\"async\" id=\"2299386\" loading=\"lazy\" src=\"https:\/\/static.dagospia.com\/img\/foto\/08-2026\/sigfrido-ranucci-3-2299386_800_q50.webp\"><span class=\"img-title\">sigfrido ranucci (3)<\/span><\/a><\/p>\n<p class=\"disable\">L\u2019ordigno fatto piazzare da Valter Lavitola, il faccendiere suo \u201cfraterno amico\u201d oggi in carcere \u2013 insieme alle ricostruzioni fornite dallo stesso pregiudicato e ritenute dal gip \u00abfumose e inverosimili\u00bb \u2013 offrono la testa di Ranucci. Quella che TeleMeloni chiedeva da tanto.<\/p>\n<p class=\"disable\">\u00a0<\/p>\n<p class=\"disable\">\u00abC\u2019\u00e8 un aspetto che tanti trascurano &#8211; analizza Ranucci \u2013 C\u2019\u00e8 stato il lavoro del comitato etico. Com\u2019\u00e8 finito? Io ho smontato tutto, con i fatti. Ho mostrato che i rapporti con Lavitola non hanno influenzato il mio lavoro. Che lui non aveva avuto alcun ruolo. Quindi torniamo al punto: perch\u00e9 mi cacciano? Dov\u2019\u00e8 la motivazione\u00bb.<\/p>\n<p class=\"disable\">\u00a0<\/p>\n<p><a href=\"https:\/\/www.dagospia.com\/media-gallery\/dago-fotogallery-521760\/2299381\" class=\"float-right img-wrapper\"><img decoding=\"async\" id=\"2299381\" loading=\"lazy\" src=\"https:\/\/static.dagospia.com\/img\/foto\/08-2026\/sigfrido-ranucci-2417-2299381_800_q50.webp\"><span class=\"img-title\">sigfrido ranucci 2417<\/span><\/a><\/p>\n<p class=\"disable\">[&#8230;] \u00abMi ritrovo anche campione di bullismo sessuale, quando un audit interno ha chiuso ogni questione. Ne risponderanno, tutti. Non \u00e8 ancora consentita la distruzione del nemico\u00bb. Intorno, gli amici di sempre, e i garanti del giornalismo indipendente.<\/p>\n<p class=\"disable\">\u00a0<\/p>\n<p class=\"disable\">Come Beppe Giulietti, di Articolo 21. lucido: \u00abRivendico il diritto di chiunque a criticare Ranucci, per un post sbagliato o le cene. Ma il punto \u00e8 uno: Ranucci e il format di Report dovevano scomparire, per questa destra, da tempo. Una volont\u00e0 che precede di molto la bomba e le avventure di Lavitola. E poich\u00e9 la Rai da servizio pubblico sta diventando agenzia governativa, c\u2019\u00e8 di che allarmarsi e combattere\u00bb.<\/p>\n<p class=\"disable\">\u00a0<\/p>\n<p><a href=\"https:\/\/www.dagospia.com\/media-gallery\/dago-fotogallery-521760\/2300639\" class=\"float-left img-wrapper\"><img decoding=\"async\" id=\"2300639\" loading=\"lazy\" src=\"https:\/\/static.dagospia.com\/img\/foto\/08-2026\/sigfrido-ranucci-report-meme-osho-2300639_800_q50.webp\"><span class=\"img-title\">SIGFRIDO RANUCCI &#8211; REPORT MEME OSHO <\/span><\/a><\/p>\n<p class=\"disable\">Analoga riflessione di Roberto Natale, dal cda Rai: \u00abLa Rai non d\u00e0 risposta alla questione centrale: l\u2019amicizia, pur discutibile, con Lavitola, ha influenzato o no i temi di Report? Se \u00e8 avvenuto, giusto che lui sia rimosso. Se non \u00e8 successo, siamo all\u2019ipocrita copertura data al diktat di affondare un programma scomodo\u00bb. Ranucci intanto non si ferma. E scrive gli ultimi capitoli del libro \u201cIl bianco e il nero\u201d. [&#8230;]<\/p>\n<p><a href=\"https:\/\/www.dagospia.com\/media-gallery\/dago-fotogallery-521760\/2299376\" class=\"float-right img-wrapper\"><img decoding=\"async\" id=\"2299376\" loading=\"lazy\" src=\"https:\/\/static.dagospia.com\/img\/foto\/08-2026\/sigfrido-ranucci-22-2299376_800_q50.webp\"><span class=\"img-title\">sigfrido ranucci (22)<\/span><\/a><a href=\"https:\/\/www.dagospia.com\/media-gallery\/dago-fotogallery-521760\/2299370\" class=\"float-right img-wrapper\"><img decoding=\"async\" id=\"2299370\" loading=\"lazy\" src=\"https:\/\/static.dagospia.com\/img\/foto\/08-2026\/sigfrido-ranucci-23-2299370_800_q50.webp\"><span class=\"img-title\">sigfrido ranucci (23)<\/span><\/a><a href=\"https:\/\/www.dagospia.com\/media-gallery\/dago-fotogallery-521760\/2299368\" class=\"float-right img-wrapper\"><img decoding=\"async\" id=\"2299368\" loading=\"lazy\" src=\"https:\/\/static.dagospia.com\/img\/foto\/08-2026\/sigfrido-ranucci-19-2299368_800_q50.webp\"><span class=\"img-title\">sigfrido ranucci (19)<\/span><\/a><a href=\"https:\/\/www.dagospia.com\/media-gallery\/dago-fotogallery-521760\/2299385\" class=\"float-left img-wrapper\"><img decoding=\"async\" id=\"2299385\" loading=\"lazy\" src=\"https:\/\/static.dagospia.com\/img\/foto\/08-2026\/sigfrido-ranucci-12-2299385_800_q50.webp\"><span class=\"img-title\">sigfrido ranucci (12)<\/span><\/a><\/p>\n<\/div>\n<div class=\"share-section\">\n                Condividi  questo articolo<\/p>\n<div class=\"socials\"><a href=\"https:\/\/www.dagospia.com\/media-tv\/marketing-martire-ranucci-prepara-causa-rai-continua-tour-teatrale-485333\"><img decoding=\"async\" src=\"https:\/\/static.dagospia.com\/img\/icons\/facebook.svg\" alt=\"Condividi su Facebook\"><\/a><a href=\"https:\/\/www.dagospia.com\/media-tv\/marketing-martire-ranucci-prepara-causa-rai-continua-tour-teatrale-485333\"><img decoding=\"async\" src=\"https:\/\/static.dagospia.com\/img\/icons\/x-icon.png\" alt=\"Condividi su X\"><\/a><a href=\"https:\/\/www.dagospia.com\/media-tv\/marketing-martire-ranucci-prepara-causa-rai-continua-tour-teatrale-485333\"><img decoding=\"async\" src=\"https:\/\/static.dagospia.com\/img\/icons\/whatsapp.svg\" alt=\"Condividi su Whatsapp\"><\/a><a href=\"https:\/\/www.dagospia.com\/media-tv\/marketing-martire-ranucci-prepara-causa-rai-continua-tour-teatrale-485333\"><img decoding=\"async\" src=\"https:\/\/static.dagospia.com\/img\/icons\/mail.svg\" alt=\"Invia in email\"><\/a><\/div>\n<\/div>\n<\/article>\n<div class=\"content\">\n<div>\n<h6>SIGFRIDO RANUCCI A FLORINAS<\/h6>\n<p><video controls=\"controls\"><source src=\"https:\/\/static.dagospia.com\/video\/08-2026\/SIGFRIDO_RANUCCI_A_FLORINAS-4926.mp4\" type=\"video\/mp4\" \/><\/video><\/div>\n<p class=\"disable\">\u00a0<\/p>\n<p class=\"disable\">\u00a0<\/p>\n<p class=\"disable\"><strong>Estratto dell\u2019articolo di Conchita Sannino per <a href=\"http:\/\/www.repubblica.it\" target=\"_blank\">\u201cla Repubblica\u201d<\/a><\/strong><\/p>\n<p class=\"disable\">\u00a0<\/p>\n<p class=\"disable\">\u00a0<\/p>\n<p><a href=\"https:\/\/www.dagospia.com\/media-gallery\/dago-fotogallery-521760\/2299396\" class=\"float-right img-wrapper\"><img decoding=\"async\" id=\"2299396\" loading=\"lazy\" src=\"https:\/\/static.dagospia.com\/img\/foto\/08-2026\/sigfrido-ranucci-assaltato-dalla-stampa-2299396_800_q50.webp\"><span class=\"img-title\">sigfrido ranucci assaltato dalla stampa<\/span><\/a><\/p>\n<p class=\"disable\">Il ricorso, come risposta alla rimozione d\u2019imperio dalla guida di Report. Il tour teatrale, che prosegue nonostante qualche maldestra pressione politica, come quella che puntava ieri a negargli il teatro di Agrigento.<\/p>\n<p class=\"disable\">\u00a0<\/p>\n<p class=\"disable\">E il nuovo libro che Sigfrido Ranucci chiuder\u00e0 nelle prossime settimane per Bompiani, uscita febbraio 2027. Il titolo \u00e8 vagamente stendhaliano: \u201cIl bianco e il nero\u201d. Un racconto, secondo quanto risulta a Repubblica, verosimilmente forte e personale. [&#8230;]<\/p>\n<p class=\"disable\">\u00a0<\/p>\n<p class=\"imgLeft\"><a href=\"https:\/\/www.dagospia.com\/media-gallery\/dago-fotogallery-521760\/2300475\" class=\"float-right img-wrapper\"><img decoding=\"async\" id=\"2300475\" loading=\"lazy\" src=\"https:\/\/static.dagospia.com\/img\/foto\/08-2026\/sigfrido-ranucci-deport-daniele-piervincenzi-giulia-presutti-2300475_800_q50.webp\"><span class=\"img-title\">SIGFRIDO RANUCCI DEPORT &#8211; DANIELE PIERVINCENZI GIULIA PRESUTTI<\/span><\/a><\/p>\n<p class=\"disable\">\u00abLa via del tribunale? In assenza di passi indietro da parte della Rai, diventer\u00e0 inevitabile. Stanno andando avanti con la soppressione del format e il mio trasferimento ad horas senza spiegare perch\u00e9. Faremo di tutto\u00bb, chiarisce Ranucci dal torrido sabato siciliano, mentre prosegue la sua tourn\u00e9e teatrale. [&#8230;]<\/p>\n<p class=\"disable\">\u00a0<\/p>\n<p class=\"disable\">\u00abLe scelte su quei conduttori non mirano solo a distruggere me, ma a colpire al cuore l\u2019intera storia e professionalit\u00e0 di Report. Eravamo tutti nel loro bersaglio\u00bb, tira le fila Ranucci, ora che gli inviati minacciano di andarsene in blocco.<\/p>\n<p class=\"disable\">\u00a0<\/p>\n<p><a href=\"https:\/\/www.dagospia.com\/media-gallery\/dago-fotogallery-521760\/2299393\" class=\"float-right img-wrapper\"><img decoding=\"async\" id=\"2299393\" loading=\"lazy\" src=\"https:\/\/static.dagospia.com\/img\/foto\/08-2026\/sigfrido-ranucci-10-2299393_800_q50.webp\"><span class=\"img-title\">sigfrido ranucci (10)<\/span><\/a><\/p>\n<p class=\"disable\">E girano voci che anche lui stia valutando i piani B. Forse La 7, forse Il Fatto, una candidatura in Parlamento? Non ora, nessun progetto all\u2019orizzonte, la versione ufficiale: se non combattere per un atto che \u00e8 \u00abpuro arbitrio\u00bb.<\/p>\n<p class=\"disable\">\u00a0<\/p>\n<p class=\"disable\">Il clima da resa dei conti lo insegue, spiega. \u00abNon volevano neanche farmi esibire ad Agrigento. \u00c8 stata FdI a chiedere che non mi dessero il teatro. Non solo mi vogliono silenziare in Rai, ma farmi terra bruciata anche fuori. Come si chiama questa cosa? Persecuzione, killeraggio\u00bb.<\/p>\n<p class=\"disable\">\u00a0<\/p>\n<p class=\"disable\">[&#8230;]<\/p>\n<p><a href=\"https:\/\/www.dagospia.com\/media-gallery\/dago-fotogallery-521760\/2299386\" class=\"float-left img-wrapper\"><img decoding=\"async\" id=\"2299386\" loading=\"lazy\" src=\"https:\/\/static.dagospia.com\/img\/foto\/08-2026\/sigfrido-ranucci-3-2299386_800_q50.webp\"><span class=\"img-title\">sigfrido ranucci (3)<\/span><\/a><\/p>\n<p class=\"disable\">L\u2019ordigno fatto piazzare da Valter Lavitola, il faccendiere suo \u201cfraterno amico\u201d oggi in carcere \u2013 insieme alle ricostruzioni fornite dallo stesso pregiudicato e ritenute dal gip \u00abfumose e inverosimili\u00bb \u2013 offrono la testa di Ranucci. Quella che TeleMeloni chiedeva da tanto.<\/p>\n<p class=\"disable\">\u00a0<\/p>\n<p class=\"disable\">\u00abC\u2019\u00e8 un aspetto che tanti trascurano &#8211; analizza Ranucci \u2013 C\u2019\u00e8 stato il lavoro del comitato etico. Com\u2019\u00e8 finito? Io ho smontato tutto, con i fatti. Ho mostrato che i rapporti con Lavitola non hanno influenzato il mio lavoro. Che lui non aveva avuto alcun ruolo. Quindi torniamo al punto: perch\u00e9 mi cacciano? Dov\u2019\u00e8 la motivazione\u00bb.<\/p>\n<p class=\"disable\">\u00a0<\/p>\n<p><a href=\"https:\/\/www.dagospia.com\/media-gallery\/dago-fotogallery-521760\/2299381\" class=\"float-right img-wrapper\"><img decoding=\"async\" id=\"2299381\" loading=\"lazy\" src=\"https:\/\/static.dagospia.com\/img\/foto\/08-2026\/sigfrido-ranucci-2417-2299381_800_q50.webp\"><span class=\"img-title\">sigfrido ranucci 2417<\/span><\/a><\/p>\n<p class=\"disable\">[&#8230;] \u00abMi ritrovo anche campione di bullismo sessuale, quando un audit interno ha chiuso ogni questione. Ne risponderanno, tutti. Non \u00e8 ancora consentita la distruzione del nemico\u00bb. Intorno, gli amici di sempre, e i garanti del giornalismo indipendente.<\/p>\n<p class=\"disable\">\u00a0<\/p>\n<p class=\"disable\">Come Beppe Giulietti, di Articolo 21. lucido: \u00abRivendico il diritto di chiunque a criticare Ranucci, per un post sbagliato o le cene. Ma il punto \u00e8 uno: Ranucci e il format di Report dovevano scomparire, per questa destra, da tempo. Una volont\u00e0 che precede di molto la bomba e le avventure di Lavitola. E poich\u00e9 la Rai da servizio pubblico sta diventando agenzia governativa, c\u2019\u00e8 di che allarmarsi e combattere\u00bb.<\/p>\n<p class=\"disable\">\u00a0<\/p>\n<p><a href=\"https:\/\/www.dagospia.com\/media-gallery\/dago-fotogallery-521760\/2300639\" class=\"float-left img-wrapper\"><img decoding=\"async\" id=\"2300639\" loading=\"lazy\" src=\"https:\/\/static.dagospia.com\/img\/foto\/08-2026\/sigfrido-ranucci-report-meme-osho-2300639_800_q50.webp\"><span class=\"img-title\">SIGFRIDO RANUCCI &#8211; REPORT MEME OSHO <\/span><\/a><\/p>\n<p class=\"disable\">Analoga riflessione di Roberto Natale, dal cda Rai: \u00abLa Rai non d\u00e0 risposta alla questione centrale: l\u2019amicizia, pur discutibile, con Lavitola, ha influenzato o no i temi di Report? Se \u00e8 avvenuto, giusto che lui sia rimosso. Se non \u00e8 successo, siamo all\u2019ipocrita copertura data al diktat di affondare un programma scomodo\u00bb. Ranucci intanto non si ferma. E scrive gli ultimi capitoli del libro \u201cIl bianco e il nero\u201d. [&#8230;]<\/p>\n<p><a href=\"https:\/\/www.dagospia.com\/media-gallery\/dago-fotogallery-521760\/2299376\" class=\"float-right img-wrapper\"><img decoding=\"async\" id=\"2299376\" loading=\"lazy\" src=\"https:\/\/static.dagospia.com\/img\/foto\/08-2026\/sigfrido-ranucci-22-2299376_800_q50.webp\"><span class=\"img-title\">sigfrido ranucci (22)<\/span><\/a><a href=\"https:\/\/www.dagospia.com\/media-gallery\/dago-fotogallery-521760\/2299370\" class=\"float-right img-wrapper\"><img decoding=\"async\" id=\"2299370\" loading=\"lazy\" src=\"https:\/\/static.dagospia.com\/img\/foto\/08-2026\/sigfrido-ranucci-23-2299370_800_q50.webp\"><span class=\"img-title\">sigfrido ranucci (23)<\/span><\/a><a href=\"https:\/\/www.dagospia.com\/media-gallery\/dago-fotogallery-521760\/2299368\" class=\"float-right img-wrapper\"><img decoding=\"async\" id=\"2299368\" loading=\"lazy\" src=\"https:\/\/static.dagospia.com\/img\/foto\/08-2026\/sigfrido-ranucci-19-2299368_800_q50.webp\"><span class=\"img-title\">sigfrido ranucci (19)<\/span><\/a><a href=\"https:\/\/www.dagospia.com\/media-gallery\/dago-fotogallery-521760\/2299385\" class=\"float-left img-wrapper\"><img decoding=\"async\" id=\"2299385\" loading=\"lazy\" src=\"https:\/\/static.dagospia.com\/img\/foto\/08-2026\/sigfrido-ranucci-12-2299385_800_q50.webp\"><span class=\"img-title\">sigfrido ranucci (12)<\/span><\/a><\/p>\n<\/div>\n<article><a href=\"https:\/\/www.dagospia.com\/politica\/elly-ascolta-gli-amici-i-big-pd-scesi-in-campo-cosi-pesantemente-per-485354\"><\/p>\n<div class=\"img-wrapper\"><img decoding=\"async\" src=\"https:\/\/static.dagospia.com\/img\/patch\/08-2026\/giuseppe-conte-elly-schlein-franceschini-bonaccini-nardella-2301098_600_q50.webp\" alt=\"giuseppe conte elly schlein franceschini bonaccini nardella\" loading=\"lazy\"><time class=\"data-ora\">31 ago 20:17<\/time><\/div>\n<div class=\"excerpt\">\n<p>DAGOREPORT &#8211; <span>ELLY, ASCOLTA GLI AMICI!<\/span> I CAPOCCIONI E LE MEZZECALZE DEL PD, CHE SONO SCESI COS\u00cc PESANTEMENTE IN CAMPO PER SCONGIURARE LA JATTURA DELLE PRIMARIE, NON CE L&#8217;HANNO CON TE, LO FANNO PER SOLO PER IL TUO BENE &#8211; CERTO, TEMONO (A RAGIONE) ANCHE PER LA LORO SOPRAVVIVENZA PARLAMENTARE: <span>SE ELLY, COME PROBABILE, PERDESSE AI GAZEBO IL DUELLO CON CONTE, TRASCINEREBBE IL PARTITO NEL BARATRO <\/span>&#8211; \u00c8 PER QUESTO CHE DA QUALCHE SETTIMANA SONO PARTITI GLI AVVERTIMENTI VIA STAMPA, ANCHE DI ESPONENTI PD NON OSTILI ALLA SCHLEIN COME DARIO NARDELLA, DI FARE UN PASSO INDIETRO \u2013 <span>LA TRAGEDIA \u00c8 CHE L\u2019AMBIZIOSA DUCETTA DEL NAZARENO, NONOSTANTE I SONDAGGI HORROR, SI VEDE GI\u00c0 A PALAZZO CHIGI, VALUTANDOLI COME ATTACCHI ALLA SUA LEADERSHIP<\/span>: \u201cLE INTERVISTE SULLE PRIMARIE? SONO SOLO ESERCIZI INTELLETTUALI, ALLA FESTA DELL\u2019UNITA\u2019 PARLO IO\u201d &#8211; SE ELLY CONTINUA COS\u00cc, RISCHIA CHE LA SUA PROSSIMA OCCUPAZIONE SARA&#8217; DI BALLARE SUI CARRI DEL GAY PRIDE&#8230;<\/p>\n<\/div>\n<p><\/a><\/article>\n<article><a href=\"https:\/\/www.dagospia.com\/politica\/l-ingaggio-fedorov-fa-incazzare-zelensky-mette-in-allarme-agenzie-485343\"><\/p>\n<div class=\"img-wrapper\"><img decoding=\"async\" src=\"https:\/\/static.dagospia.com\/img\/patch\/08-2026\/fedorov-musk-thiel-zelensky-crosetto-2301168_600_q50.webp\" alt=\"fedorov musk thiel zelensky crosetto\" loading=\"lazy\"><time class=\"data-ora\">31 ago 18:41<\/time><\/div>\n<div class=\"excerpt\">\n<p>DAGOREPORT &#8211; <span>A QUALCUNO NON PIACE &#8216;STO FEDOROV<\/span> &#8211;\u00a0PIU&#8217; CHE A INDIGNARE I NEURONI ALLA VODKA DI VANNACCI E DI TRAVAGLIO, L\u2019INGAGGIO DEL GOVERNO ITALIANO DELL&#8217;EX MINISTRO DELLA DIFESA UCRAINO<span> FA INCAZZARE ZELENSKY E METTE IN ALLARME LE AGENZIE DI INTELLIGENCE EUROPEE &#8211; <\/span>IL DINAMISMO DEL NOVELLO CONSULENTE DEL MINISTRO CROSETTO NON POTEVA NON FINIRE &#8220;ATTENZIONATO&#8221;, VISTO E CONFERMATO <span>IL RAPPORTO STRETTISSIMO CON L&#8217;EMINENZA GRIGIA DELLA TECNO-DESTRA PETER THIEL E CON IL CAVALIERE NERO DELLA GALASSIA MAGA, ELON MUSK<\/span> &#8211; \u00c8 STATO FEDOROV A OTTENERE LO SBLOCCO DEL SISTEMA STARLINK E A COLTIVARE RAPPORTI CON PALANTIR, CHE FORNISCE A KIEV I SOFTWARE PER LA DIFESA &#8211; <span>CHE STA COMBINANDO IN QUESTI GIORNI FEDOROV NEGLI STATI UNITI? <\/span>COSA VOGLIONO MUSK E THIEL DA LUI? LE ELEZIONI A KIEV, MAGARI PER SOSTITUIRE ZELENSKY E ARRIVARE A QUALUNQUE \u2018PACE\u2019\u201d?<\/p>\n<\/div>\n<p><\/a><\/article>\n<article><a href=\"https:\/\/www.dagospia.com\/politica\/flash-c-e-grande-perplessita-i-draghi-boys-per-presenza-andrea-485336\"><\/p>\n<div class=\"img-wrapper\"><img decoding=\"async\" src=\"https:\/\/static.dagospia.com\/img\/patch\/08-2026\/xavier-niel-draghi-pignataro-2301175_600_q50.webp\" alt=\"xavier niel draghi pignataro\" loading=\"lazy\"><time class=\"data-ora\">31 ago 18:19<\/time><\/div>\n<div class=\"excerpt\">\n<p>FLASH! \u2013 <span>I \u201cDRAGHI BOYS\u201d DEL POTERE ECONOMICO ITALIANO AVREBBERO ESPRESSO QUALCHE PERPLESSITA&#8217; ALL\u2019EX PREMIER<\/span> SULLA PRESENZA DEL MISTERIOSO MILIARDARIO <span>ANDREA PIGNATARO E DEL FONDATORE DI ILIAD, IL FRANCESE XAVIER NIEL, <\/span>CHE NEL 2004 FU CONDANNATO A DUE ANNI DI GALERA (CON LA CONDIZIONALE), NEL \u201cRHINE GROUP\u201d, IL THINK TANK FONDATO DA \u201cMARIOPIO\u201d PER DARE UNA SFERZATA ALL\u2019UNIONE EUROPEA, COMPOSTO DA 54 MANAGER, ECONOMISTI, ACCADEMICI E IMPRENDITORI TECNOLOGICI&#8230;.<\/p>\n<\/div>\n<p><\/a><\/article>\n<article><a href=\"https:\/\/www.dagospia.com\/politica\/quale-episodio-giulia-presutti-era-habitue-cefalu-bistro-dove-piu-e-485248\"><\/p>\n<div class=\"img-wrapper\"><img decoding=\"async\" src=\"https:\/\/static.dagospia.com\/img\/patch\/08-2026\/ranucci-presutti-cianfoni-floridia-2300757_600_q50.webp\" alt=\"ranucci presutti cianfoni floridia\" loading=\"lazy\"><time class=\"data-ora\">30 ago 19:14<\/time><\/div>\n<div class=\"excerpt\">\n<p>DAGOREPORT &#8211;<span>\u00a0MA QUALE &#8220;EPISODIO&#8221;! GIULIA PRESUTTI ERA UN HABITU\u00c8 DEL \u201cCEFAL\u00d9 BISTR\u00d2\u201d<\/span> DOVE PI\u00d9 VOLTE \u00c8 STATA VISTA INSIEME ALL\u2019AMICA LAURA CIANFONI, CHE A SUA VOLTA \u00c8 LEGATISSIMA A RANUCCI E CARISSIMA A LAVITOLA (COME \u00c8 TESTIMONIATO DALLE FOTO DI DAGOSPIA IN OCCASIONE DEL PREMIO COLALUCCI, SETTEMBRE 2020) &#8211; <span>NELLA DECISIONE DI SCEGLIERE GIULIA PRESUTTI, ACCREDITATA COME ESPRESSIONE DI M5S E AVS, <\/span>PER DARE UN CONTENTINO ALL\u2019OPPOSIZIONE, SAREBBE AVVENUTA UNA INTERLOCUZIONE TRA L\u2019AD RAI, GIAMPAOLO ROSSI, E L\u2019EX PRESIDENTE DELLA VIGILANZA RAI, LA GRILLINA BARBARA FLORIDIA, CHE AVREBBE DATO IL SUO PLACET &#8211; <span>ANCHE SULLA SCELTA DI PIERVINCENZI ALLA CONDUZIONE DI &#8220;REPORT&#8221;, CHE VA A BILANCIARE LA PRESUTTI DI SINISTRA, SI ADDENSANO ALCUNE DOMANDINE<\/span>: A PARTIRE DALLA PASSIONE PER IL RUGBY\u2026<\/p>\n<\/div>\n<p><\/a><\/article>\n<article><a href=\"https:\/\/www.dagospia.com\/politica\/risiko-s-ingrossa-l-apertura-assicurazioni-generali-valutare-l-offerta-484996\"><\/p>\n<div class=\"img-wrapper\"><img decoding=\"async\" src=\"https:\/\/static.dagospia.com\/img\/patch\/08-2026\/generali-philippe-donnet-luigi-lovaglio-carlo-messina-2292458_600_q50.webp\" alt=\"generali philippe donnet luigi lovaglio carlo messina \" loading=\"lazy\"><time class=\"data-ora\">27 ago 21:02<\/time><\/div>\n<div class=\"excerpt\">\n<p>DAGOREPORT &#8211; <span>IL RISIKO S&#8217;INGROSSA!<\/span> L\u2019APERTURA DI ASSICURAZIONI GENERALI A VALUTARE L&#8217;OFFERTA\u201d DI MPS PER L\u2019ACQUISIZIONE DI BANCA GENERALI, <span>\u00c8 UN GRAN PASSO AVANTI PER IL PIANO DI LOVAGLIO PER DISINNESCARE L\u2019OPAS SUL \u201cMONTE\u201d DI BANCA INTESA <\/span>&#8211; SECONDO PIAZZA AFFARI, L\u2019OPERAZIONE TRIESTE-SIENA POTREBBE AVERE DALLA SUA <span>L\u2019APPOGGIO DEI POTENTISSIMI FONDI DI INVESTIMENTO INTERNAZIONALI, TRA CUI BLACKROCK<\/span>, CHE HA PERALTRO IMPORTANTI INTERESSI NELLE BANCHE ITALIANE, TRA CUI INTESA &#8211; <span>ORA INIZIA UNA PARTITA APERTISSIMA DAL PUNTO DI VISTA FINANZIARIO, MA ANCHE DA QUELLO POLITICO:<\/span> IL 26 OTTOBRE\u00a0 L\u2019ASSEMBLEA STRAORDINARIA DI MPS SARA&#8217; CHIAMATA AD APPROVARE L&#8217;ACQUISIZIONE E TUTTO PUO&#8217; SUCCEDERE&#8230;<\/p>\n<\/div>\n<p><\/a><\/article>\n<article><a href=\"https:\/\/www.dagospia.com\/cronache\/voluto-trump-t-attacchi-scorta-i-leader-silicon-valley-484985\"><\/p>\n<div class=\"img-wrapper\"><img decoding=\"async\" src=\"https:\/\/static.dagospia.com\/img\/patch\/08-2026\/mark-zuckerberg-proteste-2299936_600_q50.webp\" alt=\"mark zuckerberg proteste \" loading=\"lazy\"><time class=\"data-ora\">27 ago 19:54<\/time><\/div>\n<div class=\"excerpt\">\n<p>HAI VOLUTO TRUMP? E ORA T\u2019ATTACCHI ALLA SCORTA! \u2013<span> I LEADER DELLA SILICON VALLEY SONO OSSESSIONATI DALLA LORO SICUREZZA, E SPENDONO VAGONATE DI DOLLARI IN PROTEZIONE, GUARDIE DEL CORPO, BUNKER. <\/span>COLPA DELLA SVOLTA TRUMPIANA E DELLA RIVOLUZIONE DELL\u2019ACCELERAZIONE INCONTROLLABILE DELL\u2019INTELLIGENZA ARTIFICIALE, CHE RISCHIA DI PRODURRE FOLLE DI DISOCCUPATI INCAZZATI PRONTI AD ASSALTARE, OLTRE AI DATA CENTER, I VILLONI DEI PAPERONI \u2013 <span>IL PI\u00d9 PARANOICO DI TUTTI? MARK ZUCKERBERG! META SPENDE OLTRE 25 MILIONI DI DOLLARI ALL\u2019ANNO ESCLUSIVAMENTE PER LA PROTEZIONE DEL SUO FONDATORE<\/span> \u2013 L\u2019OSSESSIONE DEI MILIARDARI PER BUNKER DI LUSSO, FORTEZZE SOTTERRANEE, RIFUGI IN NUOVA ZELANDA E HAWAII, CON INVESTIMENTI CHE OSCILLAVANO TRA I DIECI E I CINQUANTA MILIONI DI DOLLARI CIASCUNO&#8230;<\/p>\n<\/div>\n<p><\/a><\/article>\n<article><a href=\"https:\/\/www.dagospia.com\/cronache\/come-sta-alessandro-battista-condizioni-salute-dell-ex-deputato-485182\"><\/p>\n<div class=\"img-wrapper\"><img decoding=\"async\" src=\"https:\/\/static.dagospia.com\/img\/patch\/08-2026\/di-battista-grillo-di-maio-alessandro-2300529_600_q50.webp\" alt=\"di battista grillo di maio alessandro\" loading=\"lazy\"><\/div>\n<div class=\"excerpt\">COME STA ALESSANDRO DI BATTISTA? &#8211; LE CONDIZIONI DI SALUTE DELL&#8217;EX DEPUTATO DEL MOVIMENTO 5 STELLE,\u2026<\/div>\n<p><\/a><\/article>\n<article><a href=\"https:\/\/www.dagospia.com\/media-tv\/milanospia-brumotti-meloni-pier-silvio-485225\"><\/p>\n<div class=\"img-wrapper\"><img decoding=\"async\" src=\"https:\/\/static.dagospia.com\/img\/patch\/08-2026\/milanospia-dandolo-2300670_600_q50.webp\" alt=\"milanospia dandolo\" loading=\"lazy\"><\/div>\n<div class=\"excerpt\">MILANOSPIA! DANDOLO: LA NUOVA PASSIONE TELEVISIVA DELLE SORELLE MELONI? VITTORIO BRUMOTTI &#8211; L&#8217;EX\u2026<\/div>\n<p><\/a><\/article>\n<article><a href=\"https:\/\/www.dagospia.com\/media-tv\/pillole-gossip-elodie-franceska-nuredini-trans-alice-de-485322\"><\/p>\n<div class=\"img-wrapper\"><img decoding=\"async\" src=\"https:\/\/static.dagospia.com\/img\/patch\/08-2026\/pillole-avanti-gossip-2300996_600_q50.webp\" alt=\"pillole avanti gossip\" loading=\"lazy\"><\/div>\n<div class=\"excerpt\">PILLOLE DI GOSSIP! ELODIE E FRANCESKA NUREDINI, AVVISTATE AL LARGO DI PROCIDA A BORDO DI UNO YACHT,\u2026<\/div>\n<p><\/a><\/article>\n<article><a href=\"https:\/\/www.dagospia.com\/media-tv\/riconoscete-dal-cameltoe-dalle-ciliegione-31enne-e-figlia-485344\"><\/p>\n<div class=\"img-wrapper\"><img decoding=\"async\" src=\"https:\/\/static.dagospia.com\/img\/patch\/08-2026\/cecilia-sala-fisico-2301059_600_q50.webp\" alt=\"cecilia sala fisico \" loading=\"lazy\"><\/div>\n<div class=\"excerpt\">LA RICONOSCETE DAL \u201cCAMELTOE\u201d O DALLE \u201cCILIEGIONE\u201d? LA 31ENNE E\u2019 FIGLIA DI UN IMPORTANTE DIRIGENTE\u2026<\/div>\n<p><\/a><\/article>\n<article><a href=\"https:\/\/www.dagospia.com\/politica\/elly-ascolta-gli-amici-i-big-pd-scesi-in-campo-cosi-pesantemente-per-485354\"><\/p>\n<div class=\"img-wrapper\"><img decoding=\"async\" src=\"https:\/\/static.dagospia.com\/img\/patch\/08-2026\/giuseppe-conte-elly-schlein-franceschini-bonaccini-nardella-2301098_600_q50.webp\" alt=\"giuseppe conte elly schlein franceschini bonaccini nardella\" loading=\"lazy\"><\/div>\n<div class=\"excerpt\">DAGOREPORT &#8211; ELLY, ASCOLTA GLI AMICI! I CAPOCCIONI E LE MEZZECALZE DEL PD, CHE SONO SCESI COS\u00cc\u2026<\/div>\n<p><\/a><\/article>\n<article><a href=\"https:\/\/www.dagospia.com\/politica\/l-ingaggio-fedorov-fa-incazzare-zelensky-mette-in-allarme-agenzie-485343\"><\/p>\n<div class=\"img-wrapper\"><img decoding=\"async\" src=\"https:\/\/static.dagospia.com\/img\/patch\/08-2026\/fedorov-musk-thiel-zelensky-crosetto-2301168_600_q50.webp\" alt=\"fedorov musk thiel zelensky crosetto\" loading=\"lazy\"><\/div>\n<div class=\"excerpt\">DAGOREPORT &#8211; A QUALCUNO NON PIACE &#8216;STO FEDOROV &#8211;\u00a0PIU&#8217; CHE A INDIGNARE I NEURONI ALLA VODKA DI\u2026<\/div>\n<p><\/a><\/article>\n<article><a href=\"https:\/\/www.dagospia.com\/politica\/flash-c-e-grande-perplessita-i-draghi-boys-per-presenza-andrea-485336\"><\/p>\n<div class=\"img-wrapper\"><img decoding=\"async\" src=\"https:\/\/static.dagospia.com\/img\/patch\/08-2026\/xavier-niel-draghi-pignataro-2301175_600_q50.webp\" alt=\"xavier niel draghi pignataro\" loading=\"lazy\"><\/div>\n<div class=\"excerpt\">FLASH! \u2013 I \u201cDRAGHI BOYS\u201d DEL POTERE ECONOMICO ITALIANO AVREBBERO ESPRESSO QUALCHE PERPLESSITA&#8217;\u2026<\/div>\n<p><\/a><\/article>\n<article><a href=\"https:\/\/www.dagospia.com\/politica\/quale-episodio-giulia-presutti-era-habitue-cefalu-bistro-dove-piu-e-485248\"><\/p>\n<div class=\"img-wrapper\"><img decoding=\"async\" src=\"https:\/\/static.dagospia.com\/img\/patch\/08-2026\/ranucci-presutti-cianfoni-floridia-2300757_600_q50.webp\" alt=\"ranucci presutti cianfoni floridia\" loading=\"lazy\"><\/div>\n<div class=\"excerpt\">DAGOREPORT &#8211;\u00a0MA QUALE &#8220;EPISODIO&#8221;! GIULIA PRESUTTI ERA UN HABITU\u00c8 DEL \u201cCEFAL\u00d9 BISTR\u00d2\u201d DOVE PI\u00d9 VOLTE\u2026<\/div>\n<p><\/a><\/article>\n<article><a href=\"https:\/\/www.dagospia.com\/politica\/risiko-s-ingrossa-l-apertura-assicurazioni-generali-valutare-l-offerta-484996\"><\/p>\n<div class=\"img-wrapper\"><img decoding=\"async\" src=\"https:\/\/static.dagospia.com\/img\/patch\/08-2026\/generali-philippe-donnet-luigi-lovaglio-carlo-messina-2292458_600_q50.webp\" alt=\"generali philippe donnet luigi lovaglio carlo messina \" loading=\"lazy\"><\/div>\n<div class=\"excerpt\">DAGOREPORT &#8211; IL RISIKO S&#8217;INGROSSA! L\u2019APERTURA DI ASSICURAZIONI GENERALI A VALUTARE L&#8217;OFFERTA\u201d DI\u2026<\/div>\n<p><\/a><\/article>\n<article><a href=\"https:\/\/www.dagospia.com\/cronache\/voluto-trump-t-attacchi-scorta-i-leader-silicon-valley-484985\"><\/p>\n<div class=\"img-wrapper\"><img decoding=\"async\" src=\"https:\/\/static.dagospia.com\/img\/patch\/08-2026\/mark-zuckerberg-proteste-2299936_600_q50.webp\" alt=\"mark zuckerberg proteste \" loading=\"lazy\"><\/div>\n<div class=\"excerpt\">HAI VOLUTO TRUMP? E ORA T\u2019ATTACCHI ALLA SCORTA! \u2013 I LEADER DELLA SILICON VALLEY SONO OSSESSIONATI\u2026<\/div>\n<p><\/a><\/article>\n<article><a href=\"https:\/\/www.dagospia.com\/politica\/flash-giorgia-meloni-manda-armi-sottobanco-all-ucraina-per-non-spaccare-484982\"><\/p>\n<div class=\"img-wrapper\"><img decoding=\"async\" src=\"https:\/\/static.dagospia.com\/img\/patch\/08-2026\/giorgia-meloni-volodymyr-zelensky-mario-draghi-2299913_600_q50.webp\" alt=\"giorgia meloni volodymyr zelensky mario draghi \" loading=\"lazy\"><\/div>\n<div class=\"excerpt\">FLASH \u2013 GIORGIA MELONI MANDA LE ARMI SOTTOBANCO ALL\u2019UCRAINA PER NON SPACCARE LA SUA MAGGIORANZA. IL\u2026<\/div>\n<p><\/a><\/article>\n<article><a href=\"https:\/\/www.dagospia.com\/politica\/qual-era-scopo-blitz-capo-cia-mosca-i-beninformati-washington-484881\"><\/p>\n<div class=\"img-wrapper\"><img decoding=\"async\" src=\"https:\/\/static.dagospia.com\/img\/patch\/12-2025\/vladimir-putin-donald-trump-volodymyr-zelensky-2214409_600_q50.webp\" alt=\"vladimir putin donald trump volodymyr zelensky\" loading=\"lazy\"><\/div>\n<div class=\"excerpt\">FLASH! \u2013 QUANDO LE COSE GIRANO SUL PEGGIO, INTERVENGONO I SERVIZI SEGRETI &#8211;\u00a0IL BENINFORMATO\u00a0CAPO\u2026<\/div>\n<p><\/a><\/article>\n<article><a href=\"https:\/\/www.dagospia.com\/politica\/prossima-destinazione-enrico-mentana-padrone-supremo-tutta-l-informazione-484639\"><\/p>\n<div class=\"img-wrapper\"><img decoding=\"async\" src=\"https:\/\/static.dagospia.com\/img\/patch\/08-2026\/kyriakou-pier-silvio-berlusconi-enrico-mentana-crippa-fedele-confalonieri-medias-2298828_600_q50.webp\" alt=\"kyriakou pier silvio berlusconi enrico mentana crippa fedele confalonieri mediaset urbano cairo marina\" loading=\"lazy\"><\/div>\n<div class=\"excerpt\">DAGOREPORT &#8211; RITORNA A CASA, LESSO! SI ACCAVALLANO LE VOCI CHE LA PROSSIMA DESTINAZIONE DI ENRICO\u2026<\/div>\n<p><\/a><\/article>\n<article><a href=\"https:\/\/www.dagospia.com\/media-tv\/martedi-prossimo-calera-sipario-ranucci-ottobre-quando-ritornera-in-onda-484460\"><\/p>\n<div class=\"img-wrapper\"><img decoding=\"async\" src=\"https:\/\/static.dagospia.com\/img\/patch\/07-2026\/sigfrido-ranucci-valter-lavitola-giampaolo-rossi-2287105_600_q50.webp\" alt=\"sigfrido ranucci valter lavitola giampaolo rossi \" loading=\"lazy\"><\/div>\n<div class=\"excerpt\">DAGOREPORT &#8211;\u00a0MARTED\u00cc PROSSIMO CALER\u00c0 IL SIPARIO SU RANUCCI: A OTTOBRE, QUANDO RITORNER\u00c0 IN ONDA\u2026<\/div>\n<p><\/a><\/article>\n<article><a href=\"https:\/\/www.dagospia.com\/cafonal\/cafonalino-roma-proiezione-documentario-marco-bellocchio-marco-travaglio-485081\"><\/p>\n<div class=\"img-wrapper\"><img decoding=\"async\" src=\"https:\/\/static.dagospia.com\/img\/patch\/08-2026\/2026bellocchio-anteprima-film-di-marco-bellocchio-2300339_600_q50.webp\" alt=\"2026bellocchio anteprima film di marco bellocchio\" loading=\"lazy\"><\/div>\n<div class=\"excerpt\">CAFONALINO! AL CINEMA QUATTRO FONTANE DI ROMA LA PROIEZIONE SPECIALE DEL DOCUMENTARIO \u201cMARCO\u2026<\/div>\n<p><\/a><\/article>\n<article><a href=\"https:\/\/www.dagospia.com\/cafonal\/cafonal-show-ranucci-cerveteri-freni-ho-fatto-scoop-nazionali-484807\"><\/p>\n<div class=\"img-wrapper\"><img decoding=\"async\" src=\"https:\/\/static.dagospia.com\/img\/patch\/08-2026\/2026ranucci-sigfrido-ranucci-2299409_600_q50.webp\" alt=\"2026ranucci sigfrido ranucci\" loading=\"lazy\"><\/div>\n<div class=\"excerpt\">SIGFRIDO, IL MASANIELLO DE NOANTRI \u2013 RANUCCI HA PERSO OGNI FRENO E, ALLA PRESENTAZIONE DEL SUO\u2026<\/div>\n<p><\/a><\/article>\n<article><a href=\"https:\/\/www.dagospia.com\/cafonal\/funeralino-l-ultimo-saluto-mitico-produttore-cinematografico-fulvio-484127\"><\/p>\n<div class=\"img-wrapper\"><img decoding=\"async\" src=\"https:\/\/static.dagospia.com\/img\/patch\/08-2026\/2026lucisano-2297424_600_q50.webp\" alt=\"2026lucisano\" loading=\"lazy\"><\/div>\n<div class=\"excerpt\">FUNERALINO \u2013 NELLA CALLARA ROMANA D\u2019AGOSTO, L\u2019ULTIMO SALUTO AL MITICO PRODUTTORE CINEMATOGRAFICO\u2026<\/div>\n<p><\/a><\/article>\n<article><a href=\"https:\/\/www.dagospia.com\/cafonal\/cafonalino-pizza-riformista-matteo-renzi-raduna-i-suoi-prima-delle-480816\"><\/p>\n<div class=\"img-wrapper\"><img decoding=\"async\" src=\"https:\/\/static.dagospia.com\/img\/patch\/07-2026\/2026kraken-matteo-renzi-2286047_600_q50.webp\" alt=\"2026kraken matteo renzi \" loading=\"lazy\"><\/div>\n<div class=\"excerpt\">CAFONALINO DELLA PIZZA RIFORMISTA \u2013 RENZI RADUNA I SUOI PRIMA DELLE VACANZE ESTIVE AL SATYRUS DI\u2026<\/div>\n<p><\/a><\/article>\n<article><a href=\"https:\/\/www.dagospia.com\/cafonal\/cafonalino-moreno-party-roma-manuela-moreno-festeggia-i-60-anni-480777\"><\/p>\n<div class=\"img-wrapper\"><img decoding=\"async\" src=\"https:\/\/static.dagospia.com\/img\/patch\/07-2026\/manuela-moreno-festa-60-anni-2285871_600_q50.webp\" alt=\"manuela moreno festa 60 anni \" loading=\"lazy\"><\/div>\n<div class=\"excerpt\">CAFONALINO! NO MORENO, NO PARTY \u2013 A ROMA, AL LOVE BAR DI PONTE MILVIO, MANUELA MORENO, CONDUTTRICE\u2026<\/div>\n<p><\/a><\/article>\n<article><a href=\"https:\/\/www.dagospia.com\/cafonal\/cafonalino-firenze-tevere-direttori-redattori-forchettoni-scrocconi-480745\"><\/p>\n<div class=\"img-wrapper\"><img decoding=\"async\" src=\"https:\/\/static.dagospia.com\/img\/patch\/07-2026\/2026agno-marco-agnoletti-2285763_600_q50.webp\" alt=\"2026agno marco agnoletti \" loading=\"lazy\"><\/div>\n<div class=\"excerpt\">CAFONALINO DEGLI AGNOLETTI IN BRODO &#8211; DIRETTORI, REDATTORI, FORCHETTONI E SCROCCONI SFIDANO\u2026<\/div>\n<p><\/a><\/article>\n<p>[analyse_source url=&#8221;https:\/\/www.dagospia.com\/media-tv\/marketing-martire-ranucci-prepara-causa-rai-continua-tour-teatrale-485333&#8243;]<\/p>\n","protected":false},"excerpt":{"rendered":"<p>[analyse_image type=&#8221;featured&#8221; src=&#8221;https:\/\/static.dagospia.com\/img\/patch\/08-2026\/sigfrido-ranucci-in-versione-san-sebastiano-martire-2300456_600_q50.webp&#8221;] 31 ago 2026 14:09 IL MARKETING DEL MARTIRE \u2013 SIGFRIDO RANUCCI, DOPO LA SUA RIMOZIONE DA \u201cREPORT\u201d, PREPARA LA CAUSA ALLA RAI, CONTINUA IL TOUR TEATRALE CON TONI DA SALVATORE DELLA PATRIA E HA GI\u00c0 PRONTO UN NUOVO LIBRO, CHE USCIR\u00c0 NEL FEBBRAIO 2027, DAL TITOLO \u201cIL BIANCO E IL NERO\u201d \u2013 [&hellip;]<\/p>\n","protected":false},"author":1,"featured_media":0,"comment_status":"open","ping_status":"","sticky":false,"template":"","format":"standard","meta":{"footnotes":""},"categories":[87],"tags":[226,149],"class_list":["post-2121544","post","type-post","status-publish","format-standard","hentry","category-italy","tag-crawlmanager","tag-dagospia-com"],"_links":{"self":[{"href":"https:\/\/analyse.optim.biz\/index.php?rest_route=\/wp\/v2\/posts\/2121544","targetHints":{"allow":["GET"]}}],"collection":[{"href":"https:\/\/analyse.optim.biz\/index.php?rest_route=\/wp\/v2\/posts"}],"about":[{"href":"https:\/\/analyse.optim.biz\/index.php?rest_route=\/wp\/v2\/types\/post"}],"author":[{"embeddable":true,"href":"https:\/\/analyse.optim.biz\/index.php?rest_route=\/wp\/v2\/users\/1"}],"replies":[{"embeddable":true,"href":"https:\/\/analyse.optim.biz\/index.php?rest_route=%2Fwp%2Fv2%2Fcomments&post=2121544"}],"version-history":[{"count":0,"href":"https:\/\/analyse.optim.biz\/index.php?rest_route=\/wp\/v2\/posts\/2121544\/revisions"}],"wp:attachment":[{"href":"https:\/\/analyse.optim.biz\/index.php?rest_route=%2Fwp%2Fv2%2Fmedia&parent=2121544"}],"wp:term":[{"taxonomy":"category","embeddable":true,"href":"https:\/\/analyse.optim.biz\/index.php?rest_route=%2Fwp%2Fv2%2Fcategories&post=2121544"},{"taxonomy":"post_tag","embeddable":true,"href":"https:\/\/analyse.optim.biz\/index.php?rest_route=%2Fwp%2Fv2%2Ftags&post=2121544"}],"curies":[{"name":"wp","href":"https:\/\/api.w.org\/{rel}","templated":true}]}}