{"id":2121542,"date":"2026-08-31T12:05:30","date_gmt":"2026-08-31T09:05:30","guid":{"rendered":"https:\/\/analyse.optim.biz\/?p=2121542"},"modified":"2026-08-31T12:05:30","modified_gmt":"2026-08-31T09:05:30","slug":"gli-ultras-dellinter-si-comportavano-come-se-fossero-parte-di-una-ndrina-lintervista-bomba","status":"publish","type":"post","link":"https:\/\/analyse.optim.biz\/?p=2121542","title":{"rendered":"&#8216;gli ultras dell&#8217;inter si comportavano come se fossero parte di una &#8216;ndrina&#8217; &#8211; l&#8217;intervista bomba.."},"content":{"rendered":"<p>[analyse_image type=&#8221;featured&#8221; src=&#8221;https:\/\/static.dagospia.com\/img\/patch\/08-2026\/bellocco-beretta-alfonso-iadevaia-2301043_600_q50.webp&#8221;]<\/p>\n<article>\n<div class=\"img-wrapper\"><img decoding=\"async\" src=\"https:\/\/static.dagospia.com\/img\/patch\/08-2026\/bellocco-beretta-alfonso-iadevaia-2301043_600_q50.webp\" alt=\"bellocco beretta alfonso iadevaia\"><time class=\"data-ora\">31 ago 2026 14:05<\/time><\/div>\n<p><span>\u201cGLI ULTRAS DELL&#8217;INTER SI COMPORTAVANO COME SE FOSSERO PARTE DI UNA &#8216;NDRINA\u201d<\/span> &#8211; L&#8217;INTERVISTA BOMBA AD ALFONSO IADEVAIA, CAPO DELLA SQUADRA MOBILE DI MILANO E SUPERVISORE DELL&#8217;INDAGINE \u201cDOPPIA CURVA\u201d: <span>\u201cLO ZOCCOLO DURO DELLA CURVA ERA IN TUTTO E PER TUTTO IN UN&#8217;ORGANIZZAZIONE CRIMINALE\u201d<\/span> \u2013 L&#8217;INCHIESTA HA COINVOLTO ANCHE IL MILAN: \u201cLE SOCIET\u00c0 NON ERANO ATTREZZATE NEL GESTIRE E PREVENIRE QUESTO TIPO DI INFILTRAZIONI. L&#8217;INDAGINE \u00c8 STATA UN&#8217;OCCASIONE PER APRIRE GLI OCCHI AI CLUB E ADEGUARE I LORO SISTEMI ORGANIZZATIVI\u201d \u2013 <span>L&#8217;OMICIDIO DI ANTONIO BELLOCCO, UCCISO A COLTELLATE IL 4 SETTEMBRE 2024 DA ANDREA BERETTA<\/span>, E LA FAIDA PER PRENDERE IL CONTROLLO DELLA CURVA INTERISTA &#8211; L&#8217;INTERVISTA, RILASCIATA A CHORA MEDIA, \u00c8 PASSATA SOTTO SILENZIO. KLAUS DAVI L&#8217;HA TRASCRITTA INTEGRALMENTE&#8230;<\/p>\n<div class=\"share-section\">\n                Condividi  questo articolo<\/p>\n<div class=\"socials\"><a href=\"http:\/\/www.facebook.com\/sharer.php?u=http:\/\/www.dagospia.com\/cronache\/gli-ultras-dell-inter-si-comportavano-come-se-fossero-parte-ndrina-485329\" target=\"_blank\"><img decoding=\"async\" src=\"https:\/\/static.dagospia.com\/img\/icons\/facebook.svg\" alt=\"Condividi su Facebook\"><\/a><a href=\"http:\/\/www.twitter.com\/share?url=http:\/\/www.dagospia.com\/cronache\/gli-ultras-dell-inter-si-comportavano-come-se-fossero-parte-ndrina-485329&amp;text=&apos;GLI%20ULTRAS%20DELL&apos;INTER%20SI%20COMPORTAVANO%20COME%20SE%20FOSSERO%20PARTE%20DI%20UNA%20&apos;NDRINA&apos;%20-%20L&apos;INTERVISTA%20BOMBA..\" target=\"_blank\"><img decoding=\"async\" src=\"https:\/\/static.dagospia.com\/img\/icons\/x-icon.png\" alt=\"Condividi su X\"><\/a><a href=\"\/\/www.dagospia.com\/cronache\/gli-ultras-dell-inter-si-comportavano-come-se-fossero-parte-ndrina-485329\" target=\"_blank\"><img decoding=\"async\" src=\"https:\/\/static.dagospia.com\/img\/icons\/whatsapp.svg\" alt=\"Condividi su Whatsapp\"><\/a><a href=\"mailto:?body=http:\/\/www.dagospia.com\/cronache\/gli-ultras-dell-inter-si-comportavano-come-se-fossero-parte-ndrina-485329\" target=\"_blank\"><img decoding=\"async\" src=\"https:\/\/static.dagospia.com\/img\/icons\/mail.svg\" alt=\"Invia in email\"><\/a><\/div>\n<\/div>\n<div class=\"content\">\n<div><iframe allow=\"autoplay; clipboard-write; encrypted-media; fullscreen; picture-in-picture\" allowfullscreen data-testid=\"embed-iframe\" frameborder height=\"352\" loading=\"lazy\" src=\"https:\/\/open.spotify.com\/embed\/episode\/4b1QQ84hsVNqKmfsqIZqPF?utm_source=generator&amp;si=64da62c1cc2c4d1f\" width=\"100%\"><\/iframe><\/div>\n<p class=\"disable\">\u00a0<\/p>\n<p class=\"disable\"><strong>Klaus Davi per Dagospia<\/strong><\/p>\n<p class=\"disable\">\u00a0<\/p>\n<p><a href=\"https:\/\/www.dagospia.com\/media-gallery\/dago-fotogallery-521756\/2301037\" class=\"float-right img-wrapper\"><img decoding=\"async\" id=\"2301037\" loading=\"lazy\" src=\"https:\/\/static.dagospia.com\/img\/foto\/08-2026\/alfonso-iadevaia-1-2301037_800_q50.webp\"><span class=\"img-title\">Alfonso Iadevaia &#8211; 1<\/span><\/a><\/p>\n<p class=\"disable\">\u00abLe curve di San Siro? Come la &#8216;Ndrangheta. Nelle ore in cui Antonio Bellocco \u00e8 stato ucciso da Andrea Beretta era pronta un&#8217;ordinanza del Gip di Milano. Bellocco \u00e8 stato chiamato a Milano per contrastare il clan Morabito di Africo. Beretta non si \u00e8 piegato ai Bellocco, lui \u00e8 un combattente, ha resistito al clan. Le societ\u00e0 Milan e Inter? La Procura nomin\u00f2 periti per verificare il loro comportamento con le cosche\u00bb.<\/p>\n<p class=\"disable\">\u00a0<\/p>\n<p class=\"disable\">A due anni esatti\u00a0 dalla morte di Antonio Bellocco, ucciso a coltellate il 4 settembre 2024 da Andrea Beretta, Alfonso Iadevaia, capo della squadra mobile di Milano e supervisore dell&#8217;indagine &#8216;Doppia Curva&#8217;, svela i retroscena dell&#8217;inchiesta che ha messo a fuoco le infiltrazioni della &#8216;Ndrangheta nella tifoseria milanista e interista.<\/p>\n<p class=\"disable\">\u00a0<\/p>\n<p><a href=\"https:\/\/www.dagospia.com\/media-gallery\/dago-fotogallery-521756\/2063091\" class=\"float-left img-wrapper\"><img decoding=\"async\" id=\"2063091\" loading=\"lazy\" src=\"https:\/\/static.dagospia.com\/img\/foto\/11-2024\/andrea-beretta-2063091_800_q50.webp\"><span class=\"img-title\">andrea beretta <\/span><\/a><\/p>\n<p class=\"disable\">Lo fa in un&#8217;intervista a Chora Media, nella serie di puntate intitolate &#8220;Le mani sulla citt\u00e0&#8221; a cura di Piero Colaprico, passata totalmente sotto silenzio. Ad accorgersi del contenuto \u00e8 stato\u00a0 Klaus Davi, in questi giorni in Calabria\u00a0 &#8211;\u00a0 che lavora proprio sullo stesso tema -, che l&#8217;ha trascritta integralmente e ne ripropone alcuni passaggi chiave.<\/p>\n<p class=\"disable\">\u00a0<\/p>\n<p class=\"disable\"><strong>Antonio Bellocco era stato chiamato a Milano per contrastare i Morabito<\/strong><\/p>\n<p class=\"disable\">\u00abQuando arrivai da Reggio Calabria a Milano, nel marzo 2024, constatai che l&#8217;indagine sull&#8217;omicidio di Vittorio Boiocchi si era trasformata in un&#8217;indagine diversa. Era venuto fuori dall&#8217;indagine che i vertici della curva, lungi dall&#8217;esercitare solo una sana attivit\u00e0 di sostegno alla squadra,\u00a0 lucravano su tutta una serie di attivit\u00e0: dalla vendita dei biglietti al merchandising piuttosto che nella gestione dei parcheggi. Insomma un tifo organizzato trasformato in una vera e propria organizzazione criminale che ha messo su una serie di affari illeciti\u00bb.<\/p>\n<p><a href=\"https:\/\/www.dagospia.com\/media-gallery\/dago-fotogallery-521756\/2301038\" class=\"float-right img-wrapper\"><img decoding=\"async\" id=\"2301038\" loading=\"lazy\" src=\"https:\/\/static.dagospia.com\/img\/foto\/08-2026\/alfonso-iadevaia-2301038_800_q50.webp\"><span class=\"img-title\">Alfonso Iadevaia<\/span><\/a><\/p>\n<p class=\"disable\">\u00a0<\/p>\n<p class=\"disable\">Alfonso Iadevaia, capo della mobile di Milano, racconta i retroscena &#8211; alcuni clamorosi &#8211; sull&#8217;inchiesta delle Curve. Il super poliziotto campano aveva ben chiaro che \u00abA dirigere tutte le operazioni non solo del tifo ma di tutte queste attivit\u00e0 illecite sono Andrea Beretta, Marco Ferdico e un certo Antonio Bellocco. L&#8217;omicidio Boiocchi nell&#8217;autunno del 2022 aveva comunque aperto una frattura all&#8217;interno della curva. Boiocchi fino a quel momento era, seppur daspato, seppur fuori dallo stadio, era l&#8217;indiscusso leader della curva.<\/p>\n<p class=\"disable\">\u00a0<\/p>\n<p><a href=\"https:\/\/www.dagospia.com\/media-gallery\/dago-fotogallery-521756\/2044677\" class=\"float-left img-wrapper\"><img decoding=\"async\" id=\"2044677\" loading=\"lazy\" src=\"https:\/\/static.dagospia.com\/img\/foto\/10-2024\/andrea-beretta-in-maglietta-bianca-con-luca-lucci-2044677_800_q50.webp\"><span class=\"img-title\">ANDREA BERETTA IN MAGLIETTA BIANCA CON LUCA LUCCI<\/span><\/a><\/p>\n<p class=\"disable\">Quindi si apre la corsa alla successione e in questa corsa alla successione Andrea Beretta e Ferdico devono contendere la leadership a un altro storico gruppo della curva dell&#8217;Inter, gli &#8216;Hammerskin&#8217;, rappresentati da Domenico Bosa il quale, nel tentare di scalare e assumere la leadership del gruppo ultras interista, approfittando appunto della morte di Vittorio Boiocchi, si fa spalleggiare da alcuni esponenti di un&#8217;altra nota famiglia di &#8216;Ndrangheta calabrese, i Morabito.<\/p>\n<p class=\"disable\">\u00a0<\/p>\n<p class=\"disable\">Ed ecco a quel punto che Ferdico e Beretta si avvalgono di Antonio Bellocco per scalzare gli &#8216;Hammerskin&#8217; e assumere loro la direzione della curva. Bellocco \u00e8 stato chiamato dai vertici degli Ultras per contrastare i Morabito\u00bb, dichiara Iadevaia. \u00abAntonio Bellocco &#8211; continua Iadevaia &#8211; arriva nell&#8217;autunno del 2022, sa che deve contrastare la famiglia Morabito e in una conversazione emblematica, che viene intercettata a suo tempo dagli investigatori della squadra mobile, lui mette sul tavolo tutto il peso mafioso, tutto il blasone della sua famiglia:<\/p>\n<p><a href=\"https:\/\/www.dagospia.com\/media-gallery\/dago-fotogallery-521756\/2043827\" class=\"float-right img-wrapper\"><img decoding=\"async\" id=\"2043827\" loading=\"lazy\" src=\"https:\/\/static.dagospia.com\/img\/foto\/10-2024\/ultra-inter-mauro-nepi-andrea-beretta-marco-ferdico-2043827_800_q50.webp\"><span class=\"img-title\">ultra inter mauro nepi andrea beretta marco ferdico<\/span><\/a><\/p>\n<p class=\"disable\">\u00a0<\/p>\n<p class=\"disable\">si presenta come figlio di una donna, Aurora Span\u00f2, che ormai \u00e8 in carcere da oltre 25 anni, una donna detenuta al 41 bis, una delle delle donne di mafia pi\u00f9 famigerate, detenuta per gravissimi reati. Quindi lui cala subito sul piatto della bilancia tutto il peso, il blasone della sua famiglia e soprattutto avverte quelli che saranno i suoi soci per il futuro, Beretta e Ferdico, che ovviamente un tradimento sarebbe stato punito in maniera gravissima fino ad arrivare a minacciarli di morte e di ammazzarli qualora fosse stato tradito\u00bb. \u00a0<\/p>\n<p class=\"disable\">\u00a0<\/p>\n<p class=\"disable\"><strong>Andrea Beretta : la &#8216;resistenza&#8217;\u00a0 contro il clan Bellocco<\/strong><\/p>\n<p><a href=\"https:\/\/www.dagospia.com\/media-gallery\/dago-fotogallery-521756\/2034738\" class=\"float-left img-wrapper\"><img decoding=\"async\" id=\"2034738\" loading=\"lazy\" src=\"https:\/\/static.dagospia.com\/img\/foto\/09-2024\/omicidio-antonio-bellocco-2034738_800_q50.webp\"><span class=\"img-title\">omicidio antonio bellocco<\/span><\/a><\/p>\n<p class=\"disable\">\u00abIn una casa a Pioltello Andrea Beretta viene quasi messo messo all&#8217;angolo, gli viene chiesto di fare di pi\u00f9, di dare pi\u00f9 soldi alla famiglia perch\u00e9 quello che d\u00e0 non \u00e8 non \u00e8 sufficiente. Beretta per\u00f2, dal canto suo, resiste, \u00e8 nelle sue corde, Beretta \u00e8 un &#8216;combattente&#8217;, non \u00e8 uno che \u00e8 abituato ad abbassare la testa e quindi resiste, rivendica soprattutto fortemente il suo &#8216;diritto&#8217; ad avere la maggior parte degli introiti sul merchandising perch\u00e9 il merchandising, che rappresentava una fetta importante dei guadagni della curva, lo rivendica quasi tutto per s\u00e9, lo rivendica come una sua creatura, per cui altra cosa sono i biglietti e altro \u00e8 il merchandising.<\/p>\n<p class=\"disable\">\u00a0<\/p>\n<p class=\"disable\">\u00c8 su questo terreno che si consuma l&#8217;ennesima frattura. Ancora una volta la spartizione degli introiti crea una frattura all&#8217;interno di quello che fino a quel momento era stato il triumvirato della curva. A quel punto la triade si spacca, Ferdico decide di stare con Bellocco e Beretta rimane isolato, cercando appunto di resistere alle nuove pretese economiche. E il gruppo in quel momento poi che si \u00e8 venuto a formare Ferdico-Bellocco comincia addirittura a tramare e a ordire l&#8217;omicidio di Beretta\u00bb, afferma Alfonso Iadevaia.<\/p>\n<p><a href=\"https:\/\/www.dagospia.com\/media-gallery\/dago-fotogallery-521756\/2034737\" class=\"float-right img-wrapper\"><img decoding=\"async\" id=\"2034737\" loading=\"lazy\" src=\"https:\/\/static.dagospia.com\/img\/foto\/09-2024\/omicidio-antonio-bellocco-2034737_800_q50.webp\"><span class=\"img-title\">omicidio antonio bellocco <\/span><\/a><\/p>\n<p class=\"disable\">\u00a0<\/p>\n<p class=\"disable\"><strong>Il ruolo di D&#8217;Alessandro &#8216;tradisce&#8217; perch\u00e9 trascurato dagli altri tifosi<\/strong><\/p>\n<p class=\"disable\">\u00abDaniel D&#8217;Alessandro viene considerato anche la persona giusta, magari un po&#8217; per fare da esca e per attirare Beretta in qualche trappola per poi portare a termine il suo assassinio. Per\u00f2 un episodio apparentemente banale, una classica baruffa di curva all&#8217;inizio del campionato 2024\/2025 in cui D&#8217;Alessandro, che appunto era stato sempre considerato un soggetto di second&#8217;ordine, viene un po&#8217; trascurato dagli altri tifosi e l&#8217;unico a prendere le sue difese \u00e8 Beretta, induce D&#8217;Alessandro a svelare a Beretta i progetti omicidiari ai suoi danni.<\/p>\n<p><a href=\"https:\/\/www.dagospia.com\/media-gallery\/dago-fotogallery-521756\/2034736\" class=\"float-left img-wrapper\"><img decoding=\"async\" id=\"2034736\" loading=\"lazy\" src=\"https:\/\/static.dagospia.com\/img\/foto\/09-2024\/antonio-bellocco-2034736_800_q50.webp\"><span class=\"img-title\">antonio bellocco<\/span><\/a><\/p>\n<p class=\"disable\">\u00a0<\/p>\n<p class=\"disable\">E a quel punto Beretta si rende conto di quello che stava che stava rischiando. Soprattutto D&#8217;Alessandro gli racconta i progetti omicidiari dal di dentro, spiegando come sarebbe dovuto avvenire il suo omicidio, come come dovevano attirarlo in trappola\u00bb, continua Alfonso Iadevaia.<\/p>\n<p class=\"disable\">\u00a0<\/p>\n<p class=\"disable\"><strong>Il Gip stava per arrestare tutti, ma poi ci fu l&#8217;agguato<\/strong><\/p>\n<p class=\"disable\">\u00abEd \u00e8 per questo che il 4 settembre del 2024, quando ormai sono imminenti gli arresti, quando il gip sta per spiccare a momenti gli ordini di cattura, quando Bellocco si reca in palestra dove Beretta si sta allenando e lo invita a seguirlo e andare in macchina con lui, \u00e8 in quel momento che Beretta pensa che la sua morte si stia avvicinando,<\/p>\n<p class=\"disable\">\u00a0<\/p>\n<p><a href=\"https:\/\/www.dagospia.com\/media-gallery\/dago-fotogallery-521756\/2034735\" class=\"float-right img-wrapper\"><img decoding=\"async\" id=\"2034735\" loading=\"lazy\" src=\"https:\/\/static.dagospia.com\/img\/foto\/09-2024\/antonio-bellocco-e-andrea-beretta-2034735_800_q50.webp\"><span class=\"img-title\">antonio bellocco e andrea beretta<\/span><\/a><\/p>\n<p class=\"disable\">che i suoi ex compagni di viaggio siano veramente determinati ad ammazzarlo. Ed \u00e8 l\u00ec che scatena la sua rabbia, la sua furia omicida, ammazzando Antonio Bellocco con diverse coltellate in una scena drammaticamente ripresa proprio dalle telecamere esterne della palestra da cui Beretta era uscito\u00bb, spiega il capo della mobile di Milano.<\/p>\n<p class=\"disable\">\u00a0<\/p>\n<p class=\"disable\"><strong>Beretta? Si \u00e8 pentito perch\u00e9 travolto da tempesta giudiziaria<\/strong><\/p>\n<p class=\"disable\">\u00abBeretta, gi\u00e0 in carcere con l&#8217;accusa di un gravissimo omicidio, oltretutto commesso ai danni di un&#8217;esponente mafioso di primo piano, con tutti i rischi che ne conseguono per i suoi familiari e travolto dall&#8217;ulteriore inchiesta giudiziaria che lo vede appunto accusato di associazione a delinquere e di estorsione, decide di parlare, di collaborare con la giustizia.<\/p>\n<p><a href=\"https:\/\/www.dagospia.com\/media-gallery\/dago-fotogallery-521756\/2034734\" class=\"float-left img-wrapper\"><img decoding=\"async\" id=\"2034734\" loading=\"lazy\" src=\"https:\/\/static.dagospia.com\/img\/foto\/09-2024\/antonio-bellocco-2034734_800_q50.webp\"><span class=\"img-title\">antonio bellocco <\/span><\/a><\/p>\n<p class=\"disable\">\u00a0<\/p>\n<p class=\"disable\">Racconta che ad aver progettato e ideato la morte di Vittorio Boiocchi nell&#8217;ottobre 2022 \u00e8 stato proprio lui, \u00e8 stato lui perch\u00e9 Boiocchi cominciava a contestare pesantemente la sua gestione della curva, cominciava a contestare pesantemente la ripartizione degli affari economici dei proventi che derivavano dalla curva.<\/p>\n<p class=\"disable\">\u00a0<\/p>\n<p class=\"disable\">E racconta di aver coinvolto nel nel progetto omicidiario Marco Ferdico e il padre Gianfranco i quali a loro volta avranno un ruolo determinante nella scelta di quelli che saranno gli esecutori materiali. Beretta spiegher\u00e0 che ad eseguire materialmente l&#8217;omicidio di Boiocchi sono stati quel Daniel D&#8217;Alessandro, che gli aveva per certi avversi probabilmente salvato la vita, e Pietro Simoncini, suocero di Marco Ferdico, appositamente salito dalla Calabria per commettere l&#8217;omicidio di Vittorio Boiocchi\u00bb, prosegue Iadevaia.<\/p>\n<p class=\"disable\">\u00a0<\/p>\n<p class=\"disable\"><strong>Curve? Come la &#8216;Ndrangheta : loro dinamiche sono identiche\u00a0<\/strong><\/p>\n<p><a href=\"https:\/\/www.dagospia.com\/media-gallery\/dago-fotogallery-521756\/1841285\" class=\"float-right img-wrapper\"><img decoding=\"async\" id=\"1841285\" loading=\"lazy\" src=\"https:\/\/static.dagospia.com\/img\/foto\/05-2023\/andrea-beretta-1841285_800_q50.webp\"><span class=\"img-title\">ANDREA BERETTA <\/span><\/a><\/p>\n<p class=\"disable\">\u00ab\u00c8 tipico dei clan mafiosi questa sorta di ciclo che porta i leader ad assurgere al comando con un atto di forza, con un omicidio, per poi cedere il comando rimanendo a loro volta vittima di un omicidio. Quindi il fatto che le dinamiche della curva dell&#8217;Inter siano state caratterizzate nel giro di due anni da due omicidi, quello di Boiocchi prima e quello di Bellocco poi,<\/p>\n<p class=\"disable\">\u00a0<\/p>\n<p class=\"disable\">passando per la trama di un altro omicidio, quello di Beretta \u00e8 forse la dimostrazione pi\u00f9 plastica e pi\u00f9 evidente di come la curva dell&#8217;Inter, o quantomeno lo zoccolo duro, gli Ultras, si fossero trasformati in tutto e per tutto in un&#8217;organizzazione criminale caratterizzata da dinamiche del tutto simili a quelle dei clan, a una &#8216;ndrina piuttosto che a una famiglia mafiosa. Perch\u00e9 le dinamiche sono assolutamente sovrapponibili\u00bb, sottolinea Iadevaia.<\/p>\n<p><a href=\"https:\/\/www.dagospia.com\/media-gallery\/dago-fotogallery-521756\/2044499\" class=\"float-left img-wrapper\"><img decoding=\"async\" id=\"2044499\" loading=\"lazy\" src=\"https:\/\/static.dagospia.com\/img\/foto\/10-2024\/giuseppe-caminiti-2044499_800_q50.webp\"><span class=\"img-title\">giuseppe caminiti<\/span><\/a><\/p>\n<p class=\"disable\">\u00a0<\/p>\n<p class=\"disable\"><strong>Il ruolo dei club Inter e Milan &#8216;speriamo in futuro ci sia prevenzione&#8217;<\/strong><\/p>\n<p class=\"disable\">\u00abLa posizione di Inter e Milan \u00e8 stata un tema dell&#8217;inchiesta tant&#8217;\u00e8 vero che al termine dell&#8217;indagine la Procura ha nominato dei consulenti proprio per verificare quelli che erano gli asset organizzativi delle due societ\u00e0 e verificare appunto se erano state e avevano un&#8217;organizzazione tale da poter intercettare ed individuare queste infiltrazioni. Il risultato \u00e8 stato che c&#8217;era un&#8217;organizzazione inadeguata.<\/p>\n<p class=\"disable\">\u00a0<\/p>\n<p class=\"disable\">Evidentemente le societ\u00e0 non erano adeguatamente attrezzate nel gestire e prevenire questo tipo di infiltrazioni e l&#8217;indagine &#8216;Doppia Curva&#8217; \u00e8 stata un&#8217;occasione importante, un&#8217;occasione storica per aprire gli occhi alle societ\u00e0 su questo fenomeno e per adeguare i loro sistemi organizzativi. E l&#8217;auspicio \u00e8 ovviamente che si possano in futuro prevenire questo tipo di infiltrazioni\u00bb, aggiunge Iadevaia.<\/p>\n<p><a href=\"https:\/\/www.dagospia.com\/media-gallery\/dago-fotogallery-521756\/2301036\" class=\"float-right img-wrapper\"><img decoding=\"async\" id=\"2301036\" loading=\"lazy\" src=\"https:\/\/static.dagospia.com\/img\/foto\/08-2026\/pino-caminiti-foto-klaus-davi-2301036_800_q50.webp\"><span class=\"img-title\">Pino Caminiti &#8211; foto Klaus Davi<\/span><\/a><\/p>\n<p class=\"disable\">\u00a0<\/p>\n<p class=\"disable\"><strong>Dutturicchiu L&#8217;eminenza grigia di San Luca \u00a0<\/strong><\/p>\n<p class=\"disable\">\u00abA riscuotere il pizzo che Gherardo Zaccagni pagava per la gestione dei parcheggi di San Siro era un&#8217;altra figura importante dell&#8217;indagine, Giuseppe Caminiti, il quale a sua volta, per come \u00e8 emerso dallo sfondo, per quanto non direttamente coinvolta nell&#8217;indagine, beneficiava della protezione e della copertura di un&#8217;altra figura storica e chiave della &#8216;Ndrangheta in Lombardia,<\/p>\n<p class=\"disable\">\u00a0<\/p>\n<p class=\"disable\">quel Giuseppe Calabr\u00f2 recentemente arrestato perch\u00e9 condannato in primo grado all&#8217;ergastolo per il sequestro Mazzotti. Evidentemente proprio il coinvolgimento di Calabr\u00f2 nel sequestro e nell&#8217;omicidio poi di Mazzotti \u00e8 anch&#8217;esso una plastica ed evidente dimostrazione della presenza storica e atavica della &#8216;Ndrangheta in Lombardia\u00bb, conclude Alfonso Iadevaia, capo della squadra mobile di Milano.<\/p>\n<p><a href=\"https:\/\/www.dagospia.com\/media-gallery\/dago-fotogallery-521756\/2044497\" class=\"float-left img-wrapper\"><img decoding=\"async\" id=\"2044497\" loading=\"lazy\" src=\"https:\/\/static.dagospia.com\/img\/foto\/10-2024\/giuseppe-caminiti-2044497_800_q50.webp\"><span class=\"img-title\">giuseppe caminiti<\/span><\/a><\/p>\n<\/div>\n<div class=\"share-section\">\n                Condividi  questo articolo<\/p>\n<div class=\"socials\"><a href=\"https:\/\/www.dagospia.com\/cronache\/gli-ultras-dell-inter-si-comportavano-come-se-fossero-parte-ndrina-485329\"><img decoding=\"async\" src=\"https:\/\/static.dagospia.com\/img\/icons\/facebook.svg\" alt=\"Condividi su Facebook\"><\/a><a href=\"https:\/\/www.dagospia.com\/cronache\/gli-ultras-dell-inter-si-comportavano-come-se-fossero-parte-ndrina-485329\"><img decoding=\"async\" src=\"https:\/\/static.dagospia.com\/img\/icons\/x-icon.png\" alt=\"Condividi su X\"><\/a><a href=\"https:\/\/www.dagospia.com\/cronache\/gli-ultras-dell-inter-si-comportavano-come-se-fossero-parte-ndrina-485329\"><img decoding=\"async\" src=\"https:\/\/static.dagospia.com\/img\/icons\/whatsapp.svg\" alt=\"Condividi su Whatsapp\"><\/a><a href=\"https:\/\/www.dagospia.com\/cronache\/gli-ultras-dell-inter-si-comportavano-come-se-fossero-parte-ndrina-485329\"><img decoding=\"async\" src=\"https:\/\/static.dagospia.com\/img\/icons\/mail.svg\" alt=\"Invia in email\"><\/a><\/div>\n<\/div>\n<\/article>\n<div class=\"content\">\n<div><iframe allow=\"autoplay; clipboard-write; encrypted-media; fullscreen; picture-in-picture\" allowfullscreen data-testid=\"embed-iframe\" frameborder height=\"352\" loading=\"lazy\" src=\"https:\/\/open.spotify.com\/embed\/episode\/4b1QQ84hsVNqKmfsqIZqPF?utm_source=generator&amp;si=64da62c1cc2c4d1f\" width=\"100%\"><\/iframe><\/div>\n<p class=\"disable\">\u00a0<\/p>\n<p class=\"disable\"><strong>Klaus Davi per Dagospia<\/strong><\/p>\n<p class=\"disable\">\u00a0<\/p>\n<p><a href=\"https:\/\/www.dagospia.com\/media-gallery\/dago-fotogallery-521756\/2301037\" class=\"float-right img-wrapper\"><img decoding=\"async\" id=\"2301037\" loading=\"lazy\" src=\"https:\/\/static.dagospia.com\/img\/foto\/08-2026\/alfonso-iadevaia-1-2301037_800_q50.webp\"><span class=\"img-title\">Alfonso Iadevaia &#8211; 1<\/span><\/a><\/p>\n<p class=\"disable\">\u00abLe curve di San Siro? Come la &#8216;Ndrangheta. Nelle ore in cui Antonio Bellocco \u00e8 stato ucciso da Andrea Beretta era pronta un&#8217;ordinanza del Gip di Milano. Bellocco \u00e8 stato chiamato a Milano per contrastare il clan Morabito di Africo. Beretta non si \u00e8 piegato ai Bellocco, lui \u00e8 un combattente, ha resistito al clan. Le societ\u00e0 Milan e Inter? La Procura nomin\u00f2 periti per verificare il loro comportamento con le cosche\u00bb.<\/p>\n<p class=\"disable\">\u00a0<\/p>\n<p class=\"disable\">A due anni esatti\u00a0 dalla morte di Antonio Bellocco, ucciso a coltellate il 4 settembre 2024 da Andrea Beretta, Alfonso Iadevaia, capo della squadra mobile di Milano e supervisore dell&#8217;indagine &#8216;Doppia Curva&#8217;, svela i retroscena dell&#8217;inchiesta che ha messo a fuoco le infiltrazioni della &#8216;Ndrangheta nella tifoseria milanista e interista.<\/p>\n<p class=\"disable\">\u00a0<\/p>\n<p><a href=\"https:\/\/www.dagospia.com\/media-gallery\/dago-fotogallery-521756\/2063091\" class=\"float-left img-wrapper\"><img decoding=\"async\" id=\"2063091\" loading=\"lazy\" src=\"https:\/\/static.dagospia.com\/img\/foto\/11-2024\/andrea-beretta-2063091_800_q50.webp\"><span class=\"img-title\">andrea beretta <\/span><\/a><\/p>\n<p class=\"disable\">Lo fa in un&#8217;intervista a Chora Media, nella serie di puntate intitolate &#8220;Le mani sulla citt\u00e0&#8221; a cura di Piero Colaprico, passata totalmente sotto silenzio. Ad accorgersi del contenuto \u00e8 stato\u00a0 Klaus Davi, in questi giorni in Calabria\u00a0 &#8211;\u00a0 che lavora proprio sullo stesso tema -, che l&#8217;ha trascritta integralmente e ne ripropone alcuni passaggi chiave.<\/p>\n<p class=\"disable\">\u00a0<\/p>\n<p class=\"disable\"><strong>Antonio Bellocco era stato chiamato a Milano per contrastare i Morabito<\/strong><\/p>\n<p class=\"disable\">\u00abQuando arrivai da Reggio Calabria a Milano, nel marzo 2024, constatai che l&#8217;indagine sull&#8217;omicidio di Vittorio Boiocchi si era trasformata in un&#8217;indagine diversa. Era venuto fuori dall&#8217;indagine che i vertici della curva, lungi dall&#8217;esercitare solo una sana attivit\u00e0 di sostegno alla squadra,\u00a0 lucravano su tutta una serie di attivit\u00e0: dalla vendita dei biglietti al merchandising piuttosto che nella gestione dei parcheggi. Insomma un tifo organizzato trasformato in una vera e propria organizzazione criminale che ha messo su una serie di affari illeciti\u00bb.<\/p>\n<p><a href=\"https:\/\/www.dagospia.com\/media-gallery\/dago-fotogallery-521756\/2301038\" class=\"float-right img-wrapper\"><img decoding=\"async\" id=\"2301038\" loading=\"lazy\" src=\"https:\/\/static.dagospia.com\/img\/foto\/08-2026\/alfonso-iadevaia-2301038_800_q50.webp\"><span class=\"img-title\">Alfonso Iadevaia<\/span><\/a><\/p>\n<p class=\"disable\">\u00a0<\/p>\n<p class=\"disable\">Alfonso Iadevaia, capo della mobile di Milano, racconta i retroscena &#8211; alcuni clamorosi &#8211; sull&#8217;inchiesta delle Curve. Il super poliziotto campano aveva ben chiaro che \u00abA dirigere tutte le operazioni non solo del tifo ma di tutte queste attivit\u00e0 illecite sono Andrea Beretta, Marco Ferdico e un certo Antonio Bellocco. L&#8217;omicidio Boiocchi nell&#8217;autunno del 2022 aveva comunque aperto una frattura all&#8217;interno della curva. Boiocchi fino a quel momento era, seppur daspato, seppur fuori dallo stadio, era l&#8217;indiscusso leader della curva.<\/p>\n<p class=\"disable\">\u00a0<\/p>\n<p><a href=\"https:\/\/www.dagospia.com\/media-gallery\/dago-fotogallery-521756\/2044677\" class=\"float-left img-wrapper\"><img decoding=\"async\" id=\"2044677\" loading=\"lazy\" src=\"https:\/\/static.dagospia.com\/img\/foto\/10-2024\/andrea-beretta-in-maglietta-bianca-con-luca-lucci-2044677_800_q50.webp\"><span class=\"img-title\">ANDREA BERETTA IN MAGLIETTA BIANCA CON LUCA LUCCI<\/span><\/a><\/p>\n<p class=\"disable\">Quindi si apre la corsa alla successione e in questa corsa alla successione Andrea Beretta e Ferdico devono contendere la leadership a un altro storico gruppo della curva dell&#8217;Inter, gli &#8216;Hammerskin&#8217;, rappresentati da Domenico Bosa il quale, nel tentare di scalare e assumere la leadership del gruppo ultras interista, approfittando appunto della morte di Vittorio Boiocchi, si fa spalleggiare da alcuni esponenti di un&#8217;altra nota famiglia di &#8216;Ndrangheta calabrese, i Morabito.<\/p>\n<p class=\"disable\">\u00a0<\/p>\n<p class=\"disable\">Ed ecco a quel punto che Ferdico e Beretta si avvalgono di Antonio Bellocco per scalzare gli &#8216;Hammerskin&#8217; e assumere loro la direzione della curva. Bellocco \u00e8 stato chiamato dai vertici degli Ultras per contrastare i Morabito\u00bb, dichiara Iadevaia. \u00abAntonio Bellocco &#8211; continua Iadevaia &#8211; arriva nell&#8217;autunno del 2022, sa che deve contrastare la famiglia Morabito e in una conversazione emblematica, che viene intercettata a suo tempo dagli investigatori della squadra mobile, lui mette sul tavolo tutto il peso mafioso, tutto il blasone della sua famiglia:<\/p>\n<p><a href=\"https:\/\/www.dagospia.com\/media-gallery\/dago-fotogallery-521756\/2043827\" class=\"float-right img-wrapper\"><img decoding=\"async\" id=\"2043827\" loading=\"lazy\" src=\"https:\/\/static.dagospia.com\/img\/foto\/10-2024\/ultra-inter-mauro-nepi-andrea-beretta-marco-ferdico-2043827_800_q50.webp\"><span class=\"img-title\">ultra inter mauro nepi andrea beretta marco ferdico<\/span><\/a><\/p>\n<p class=\"disable\">\u00a0<\/p>\n<p class=\"disable\">si presenta come figlio di una donna, Aurora Span\u00f2, che ormai \u00e8 in carcere da oltre 25 anni, una donna detenuta al 41 bis, una delle delle donne di mafia pi\u00f9 famigerate, detenuta per gravissimi reati. Quindi lui cala subito sul piatto della bilancia tutto il peso, il blasone della sua famiglia e soprattutto avverte quelli che saranno i suoi soci per il futuro, Beretta e Ferdico, che ovviamente un tradimento sarebbe stato punito in maniera gravissima fino ad arrivare a minacciarli di morte e di ammazzarli qualora fosse stato tradito\u00bb. \u00a0<\/p>\n<p class=\"disable\">\u00a0<\/p>\n<p class=\"disable\"><strong>Andrea Beretta : la &#8216;resistenza&#8217;\u00a0 contro il clan Bellocco<\/strong><\/p>\n<p><a href=\"https:\/\/www.dagospia.com\/media-gallery\/dago-fotogallery-521756\/2034738\" class=\"float-left img-wrapper\"><img decoding=\"async\" id=\"2034738\" loading=\"lazy\" src=\"https:\/\/static.dagospia.com\/img\/foto\/09-2024\/omicidio-antonio-bellocco-2034738_800_q50.webp\"><span class=\"img-title\">omicidio antonio bellocco<\/span><\/a><\/p>\n<p class=\"disable\">\u00abIn una casa a Pioltello Andrea Beretta viene quasi messo messo all&#8217;angolo, gli viene chiesto di fare di pi\u00f9, di dare pi\u00f9 soldi alla famiglia perch\u00e9 quello che d\u00e0 non \u00e8 non \u00e8 sufficiente. Beretta per\u00f2, dal canto suo, resiste, \u00e8 nelle sue corde, Beretta \u00e8 un &#8216;combattente&#8217;, non \u00e8 uno che \u00e8 abituato ad abbassare la testa e quindi resiste, rivendica soprattutto fortemente il suo &#8216;diritto&#8217; ad avere la maggior parte degli introiti sul merchandising perch\u00e9 il merchandising, che rappresentava una fetta importante dei guadagni della curva, lo rivendica quasi tutto per s\u00e9, lo rivendica come una sua creatura, per cui altra cosa sono i biglietti e altro \u00e8 il merchandising.<\/p>\n<p class=\"disable\">\u00a0<\/p>\n<p class=\"disable\">\u00c8 su questo terreno che si consuma l&#8217;ennesima frattura. Ancora una volta la spartizione degli introiti crea una frattura all&#8217;interno di quello che fino a quel momento era stato il triumvirato della curva. A quel punto la triade si spacca, Ferdico decide di stare con Bellocco e Beretta rimane isolato, cercando appunto di resistere alle nuove pretese economiche. E il gruppo in quel momento poi che si \u00e8 venuto a formare Ferdico-Bellocco comincia addirittura a tramare e a ordire l&#8217;omicidio di Beretta\u00bb, afferma Alfonso Iadevaia.<\/p>\n<p><a href=\"https:\/\/www.dagospia.com\/media-gallery\/dago-fotogallery-521756\/2034737\" class=\"float-right img-wrapper\"><img decoding=\"async\" id=\"2034737\" loading=\"lazy\" src=\"https:\/\/static.dagospia.com\/img\/foto\/09-2024\/omicidio-antonio-bellocco-2034737_800_q50.webp\"><span class=\"img-title\">omicidio antonio bellocco <\/span><\/a><\/p>\n<p class=\"disable\">\u00a0<\/p>\n<p class=\"disable\"><strong>Il ruolo di D&#8217;Alessandro &#8216;tradisce&#8217; perch\u00e9 trascurato dagli altri tifosi<\/strong><\/p>\n<p class=\"disable\">\u00abDaniel D&#8217;Alessandro viene considerato anche la persona giusta, magari un po&#8217; per fare da esca e per attirare Beretta in qualche trappola per poi portare a termine il suo assassinio. Per\u00f2 un episodio apparentemente banale, una classica baruffa di curva all&#8217;inizio del campionato 2024\/2025 in cui D&#8217;Alessandro, che appunto era stato sempre considerato un soggetto di second&#8217;ordine, viene un po&#8217; trascurato dagli altri tifosi e l&#8217;unico a prendere le sue difese \u00e8 Beretta, induce D&#8217;Alessandro a svelare a Beretta i progetti omicidiari ai suoi danni.<\/p>\n<p><a href=\"https:\/\/www.dagospia.com\/media-gallery\/dago-fotogallery-521756\/2034736\" class=\"float-left img-wrapper\"><img decoding=\"async\" id=\"2034736\" loading=\"lazy\" src=\"https:\/\/static.dagospia.com\/img\/foto\/09-2024\/antonio-bellocco-2034736_800_q50.webp\"><span class=\"img-title\">antonio bellocco<\/span><\/a><\/p>\n<p class=\"disable\">\u00a0<\/p>\n<p class=\"disable\">E a quel punto Beretta si rende conto di quello che stava che stava rischiando. Soprattutto D&#8217;Alessandro gli racconta i progetti omicidiari dal di dentro, spiegando come sarebbe dovuto avvenire il suo omicidio, come come dovevano attirarlo in trappola\u00bb, continua Alfonso Iadevaia.<\/p>\n<p class=\"disable\">\u00a0<\/p>\n<p class=\"disable\"><strong>Il Gip stava per arrestare tutti, ma poi ci fu l&#8217;agguato<\/strong><\/p>\n<p class=\"disable\">\u00abEd \u00e8 per questo che il 4 settembre del 2024, quando ormai sono imminenti gli arresti, quando il gip sta per spiccare a momenti gli ordini di cattura, quando Bellocco si reca in palestra dove Beretta si sta allenando e lo invita a seguirlo e andare in macchina con lui, \u00e8 in quel momento che Beretta pensa che la sua morte si stia avvicinando,<\/p>\n<p class=\"disable\">\u00a0<\/p>\n<p><a href=\"https:\/\/www.dagospia.com\/media-gallery\/dago-fotogallery-521756\/2034735\" class=\"float-right img-wrapper\"><img decoding=\"async\" id=\"2034735\" loading=\"lazy\" src=\"https:\/\/static.dagospia.com\/img\/foto\/09-2024\/antonio-bellocco-e-andrea-beretta-2034735_800_q50.webp\"><span class=\"img-title\">antonio bellocco e andrea beretta<\/span><\/a><\/p>\n<p class=\"disable\">che i suoi ex compagni di viaggio siano veramente determinati ad ammazzarlo. Ed \u00e8 l\u00ec che scatena la sua rabbia, la sua furia omicida, ammazzando Antonio Bellocco con diverse coltellate in una scena drammaticamente ripresa proprio dalle telecamere esterne della palestra da cui Beretta era uscito\u00bb, spiega il capo della mobile di Milano.<\/p>\n<p class=\"disable\">\u00a0<\/p>\n<p class=\"disable\"><strong>Beretta? Si \u00e8 pentito perch\u00e9 travolto da tempesta giudiziaria<\/strong><\/p>\n<p class=\"disable\">\u00abBeretta, gi\u00e0 in carcere con l&#8217;accusa di un gravissimo omicidio, oltretutto commesso ai danni di un&#8217;esponente mafioso di primo piano, con tutti i rischi che ne conseguono per i suoi familiari e travolto dall&#8217;ulteriore inchiesta giudiziaria che lo vede appunto accusato di associazione a delinquere e di estorsione, decide di parlare, di collaborare con la giustizia.<\/p>\n<p><a href=\"https:\/\/www.dagospia.com\/media-gallery\/dago-fotogallery-521756\/2034734\" class=\"float-left img-wrapper\"><img decoding=\"async\" id=\"2034734\" loading=\"lazy\" src=\"https:\/\/static.dagospia.com\/img\/foto\/09-2024\/antonio-bellocco-2034734_800_q50.webp\"><span class=\"img-title\">antonio bellocco <\/span><\/a><\/p>\n<p class=\"disable\">\u00a0<\/p>\n<p class=\"disable\">Racconta che ad aver progettato e ideato la morte di Vittorio Boiocchi nell&#8217;ottobre 2022 \u00e8 stato proprio lui, \u00e8 stato lui perch\u00e9 Boiocchi cominciava a contestare pesantemente la sua gestione della curva, cominciava a contestare pesantemente la ripartizione degli affari economici dei proventi che derivavano dalla curva.<\/p>\n<p class=\"disable\">\u00a0<\/p>\n<p class=\"disable\">E racconta di aver coinvolto nel nel progetto omicidiario Marco Ferdico e il padre Gianfranco i quali a loro volta avranno un ruolo determinante nella scelta di quelli che saranno gli esecutori materiali. Beretta spiegher\u00e0 che ad eseguire materialmente l&#8217;omicidio di Boiocchi sono stati quel Daniel D&#8217;Alessandro, che gli aveva per certi avversi probabilmente salvato la vita, e Pietro Simoncini, suocero di Marco Ferdico, appositamente salito dalla Calabria per commettere l&#8217;omicidio di Vittorio Boiocchi\u00bb, prosegue Iadevaia.<\/p>\n<p class=\"disable\">\u00a0<\/p>\n<p class=\"disable\"><strong>Curve? Come la &#8216;Ndrangheta : loro dinamiche sono identiche\u00a0<\/strong><\/p>\n<p><a href=\"https:\/\/www.dagospia.com\/media-gallery\/dago-fotogallery-521756\/1841285\" class=\"float-right img-wrapper\"><img decoding=\"async\" id=\"1841285\" loading=\"lazy\" src=\"https:\/\/static.dagospia.com\/img\/foto\/05-2023\/andrea-beretta-1841285_800_q50.webp\"><span class=\"img-title\">ANDREA BERETTA <\/span><\/a><\/p>\n<p class=\"disable\">\u00ab\u00c8 tipico dei clan mafiosi questa sorta di ciclo che porta i leader ad assurgere al comando con un atto di forza, con un omicidio, per poi cedere il comando rimanendo a loro volta vittima di un omicidio. Quindi il fatto che le dinamiche della curva dell&#8217;Inter siano state caratterizzate nel giro di due anni da due omicidi, quello di Boiocchi prima e quello di Bellocco poi,<\/p>\n<p class=\"disable\">\u00a0<\/p>\n<p class=\"disable\">passando per la trama di un altro omicidio, quello di Beretta \u00e8 forse la dimostrazione pi\u00f9 plastica e pi\u00f9 evidente di come la curva dell&#8217;Inter, o quantomeno lo zoccolo duro, gli Ultras, si fossero trasformati in tutto e per tutto in un&#8217;organizzazione criminale caratterizzata da dinamiche del tutto simili a quelle dei clan, a una &#8216;ndrina piuttosto che a una famiglia mafiosa. Perch\u00e9 le dinamiche sono assolutamente sovrapponibili\u00bb, sottolinea Iadevaia.<\/p>\n<p><a href=\"https:\/\/www.dagospia.com\/media-gallery\/dago-fotogallery-521756\/2044499\" class=\"float-left img-wrapper\"><img decoding=\"async\" id=\"2044499\" loading=\"lazy\" src=\"https:\/\/static.dagospia.com\/img\/foto\/10-2024\/giuseppe-caminiti-2044499_800_q50.webp\"><span class=\"img-title\">giuseppe caminiti<\/span><\/a><\/p>\n<p class=\"disable\">\u00a0<\/p>\n<p class=\"disable\"><strong>Il ruolo dei club Inter e Milan &#8216;speriamo in futuro ci sia prevenzione&#8217;<\/strong><\/p>\n<p class=\"disable\">\u00abLa posizione di Inter e Milan \u00e8 stata un tema dell&#8217;inchiesta tant&#8217;\u00e8 vero che al termine dell&#8217;indagine la Procura ha nominato dei consulenti proprio per verificare quelli che erano gli asset organizzativi delle due societ\u00e0 e verificare appunto se erano state e avevano un&#8217;organizzazione tale da poter intercettare ed individuare queste infiltrazioni. Il risultato \u00e8 stato che c&#8217;era un&#8217;organizzazione inadeguata.<\/p>\n<p class=\"disable\">\u00a0<\/p>\n<p class=\"disable\">Evidentemente le societ\u00e0 non erano adeguatamente attrezzate nel gestire e prevenire questo tipo di infiltrazioni e l&#8217;indagine &#8216;Doppia Curva&#8217; \u00e8 stata un&#8217;occasione importante, un&#8217;occasione storica per aprire gli occhi alle societ\u00e0 su questo fenomeno e per adeguare i loro sistemi organizzativi. E l&#8217;auspicio \u00e8 ovviamente che si possano in futuro prevenire questo tipo di infiltrazioni\u00bb, aggiunge Iadevaia.<\/p>\n<p><a href=\"https:\/\/www.dagospia.com\/media-gallery\/dago-fotogallery-521756\/2301036\" class=\"float-right img-wrapper\"><img decoding=\"async\" id=\"2301036\" loading=\"lazy\" src=\"https:\/\/static.dagospia.com\/img\/foto\/08-2026\/pino-caminiti-foto-klaus-davi-2301036_800_q50.webp\"><span class=\"img-title\">Pino Caminiti &#8211; foto Klaus Davi<\/span><\/a><\/p>\n<p class=\"disable\">\u00a0<\/p>\n<p class=\"disable\"><strong>Dutturicchiu L&#8217;eminenza grigia di San Luca \u00a0<\/strong><\/p>\n<p class=\"disable\">\u00abA riscuotere il pizzo che Gherardo Zaccagni pagava per la gestione dei parcheggi di San Siro era un&#8217;altra figura importante dell&#8217;indagine, Giuseppe Caminiti, il quale a sua volta, per come \u00e8 emerso dallo sfondo, per quanto non direttamente coinvolta nell&#8217;indagine, beneficiava della protezione e della copertura di un&#8217;altra figura storica e chiave della &#8216;Ndrangheta in Lombardia,<\/p>\n<p class=\"disable\">\u00a0<\/p>\n<p class=\"disable\">quel Giuseppe Calabr\u00f2 recentemente arrestato perch\u00e9 condannato in primo grado all&#8217;ergastolo per il sequestro Mazzotti. Evidentemente proprio il coinvolgimento di Calabr\u00f2 nel sequestro e nell&#8217;omicidio poi di Mazzotti \u00e8 anch&#8217;esso una plastica ed evidente dimostrazione della presenza storica e atavica della &#8216;Ndrangheta in Lombardia\u00bb, conclude Alfonso Iadevaia, capo della squadra mobile di Milano.<\/p>\n<p><a href=\"https:\/\/www.dagospia.com\/media-gallery\/dago-fotogallery-521756\/2044497\" class=\"float-left img-wrapper\"><img decoding=\"async\" id=\"2044497\" loading=\"lazy\" src=\"https:\/\/static.dagospia.com\/img\/foto\/10-2024\/giuseppe-caminiti-2044497_800_q50.webp\"><span class=\"img-title\">giuseppe caminiti<\/span><\/a><\/p>\n<\/div>\n<article><a href=\"https:\/\/www.dagospia.com\/politica\/elly-ascolta-gli-amici-i-big-pd-scesi-in-campo-cosi-pesantemente-per-485354\"><\/p>\n<div class=\"img-wrapper\"><img decoding=\"async\" src=\"https:\/\/static.dagospia.com\/img\/patch\/08-2026\/giuseppe-conte-elly-schlein-franceschini-bonaccini-nardella-2301098_600_q50.webp\" alt=\"giuseppe conte elly schlein franceschini bonaccini nardella\" loading=\"lazy\"><time class=\"data-ora\">31 ago 20:17<\/time><\/div>\n<div class=\"excerpt\">\n<p>DAGOREPORT &#8211; <span>ELLY, ASCOLTA GLI AMICI!<\/span> I CAPOCCIONI E LE MEZZECALZE DEL PD, CHE SONO SCESI COS\u00cc PESANTEMENTE IN CAMPO PER SCONGIURARE LA JATTURA DELLE PRIMARIE, NON CE L&#8217;HANNO CON TE, LO FANNO PER SOLO PER IL TUO BENE &#8211; CERTO, TEMONO (A RAGIONE) ANCHE PER LA LORO SOPRAVVIVENZA PARLAMENTARE: <span>SE ELLY, COME PROBABILE, PERDESSE AI GAZEBO IL DUELLO CON CONTE, TRASCINEREBBE IL PARTITO NEL BARATRO <\/span>&#8211; \u00c8 PER QUESTO CHE DA QUALCHE SETTIMANA SONO PARTITI GLI AVVERTIMENTI VIA STAMPA, ANCHE DI ESPONENTI PD NON OSTILI ALLA SCHLEIN COME DARIO NARDELLA, DI FARE UN PASSO INDIETRO \u2013 <span>LA TRAGEDIA \u00c8 CHE L\u2019AMBIZIOSA DUCETTA DEL NAZARENO, NONOSTANTE I SONDAGGI HORROR, SI VEDE GI\u00c0 A PALAZZO CHIGI, VALUTANDOLI COME ATTACCHI ALLA SUA LEADERSHIP<\/span>: \u201cLE INTERVISTE SULLE PRIMARIE? SONO SOLO ESERCIZI INTELLETTUALI, ALLA FESTA DELL\u2019UNITA\u2019 PARLO IO\u201d &#8211; SE ELLY CONTINUA COS\u00cc, RISCHIA CHE LA SUA PROSSIMA OCCUPAZIONE SARA&#8217; DI BALLARE SUI CARRI DEL GAY PRIDE&#8230;<\/p>\n<\/div>\n<p><\/a><\/article>\n<article><a href=\"https:\/\/www.dagospia.com\/politica\/l-ingaggio-fedorov-fa-incazzare-zelensky-mette-in-allarme-agenzie-485343\"><\/p>\n<div class=\"img-wrapper\"><img decoding=\"async\" src=\"https:\/\/static.dagospia.com\/img\/patch\/08-2026\/fedorov-musk-thiel-zelensky-crosetto-2301168_600_q50.webp\" alt=\"fedorov musk thiel zelensky crosetto\" loading=\"lazy\"><time class=\"data-ora\">31 ago 18:41<\/time><\/div>\n<div class=\"excerpt\">\n<p>DAGOREPORT &#8211; <span>A QUALCUNO NON PIACE &#8216;STO FEDOROV<\/span> &#8211;\u00a0PIU&#8217; CHE A INDIGNARE I NEURONI ALLA VODKA DI VANNACCI E DI TRAVAGLIO, L\u2019INGAGGIO DEL GOVERNO ITALIANO DELL&#8217;EX MINISTRO DELLA DIFESA UCRAINO<span> FA INCAZZARE ZELENSKY E METTE IN ALLARME LE AGENZIE DI INTELLIGENCE EUROPEE &#8211; <\/span>IL DINAMISMO DEL NOVELLO CONSULENTE DEL MINISTRO CROSETTO NON POTEVA NON FINIRE &#8220;ATTENZIONATO&#8221;, VISTO E CONFERMATO <span>IL RAPPORTO STRETTISSIMO CON L&#8217;EMINENZA GRIGIA DELLA TECNO-DESTRA PETER THIEL E CON IL CAVALIERE NERO DELLA GALASSIA MAGA, ELON MUSK<\/span> &#8211; \u00c8 STATO FEDOROV A OTTENERE LO SBLOCCO DEL SISTEMA STARLINK E A COLTIVARE RAPPORTI CON PALANTIR, CHE FORNISCE A KIEV I SOFTWARE PER LA DIFESA &#8211; <span>CHE STA COMBINANDO IN QUESTI GIORNI FEDOROV NEGLI STATI UNITI? <\/span>COSA VOGLIONO MUSK E THIEL DA LUI? LE ELEZIONI A KIEV, MAGARI PER SOSTITUIRE ZELENSKY E ARRIVARE A QUALUNQUE \u2018PACE\u2019\u201d?<\/p>\n<\/div>\n<p><\/a><\/article>\n<article><a href=\"https:\/\/www.dagospia.com\/politica\/flash-c-e-grande-perplessita-i-draghi-boys-per-presenza-andrea-485336\"><\/p>\n<div class=\"img-wrapper\"><img decoding=\"async\" src=\"https:\/\/static.dagospia.com\/img\/patch\/08-2026\/xavier-niel-draghi-pignataro-2301175_600_q50.webp\" alt=\"xavier niel draghi pignataro\" loading=\"lazy\"><time class=\"data-ora\">31 ago 18:19<\/time><\/div>\n<div class=\"excerpt\">\n<p>FLASH! \u2013 <span>I \u201cDRAGHI BOYS\u201d DEL POTERE ECONOMICO ITALIANO AVREBBERO ESPRESSO QUALCHE PERPLESSITA&#8217; ALL\u2019EX PREMIER<\/span> SULLA PRESENZA DEL MISTERIOSO MILIARDARIO <span>ANDREA PIGNATARO E DEL FONDATORE DI ILIAD, IL FRANCESE XAVIER NIEL, <\/span>CHE NEL 2004 FU CONDANNATO A DUE ANNI DI GALERA (CON LA CONDIZIONALE), NEL \u201cRHINE GROUP\u201d, IL THINK TANK FONDATO DA \u201cMARIOPIO\u201d PER DARE UNA SFERZATA ALL\u2019UNIONE EUROPEA, COMPOSTO DA 54 MANAGER, ECONOMISTI, ACCADEMICI E IMPRENDITORI TECNOLOGICI&#8230;.<\/p>\n<\/div>\n<p><\/a><\/article>\n<article><a href=\"https:\/\/www.dagospia.com\/politica\/quale-episodio-giulia-presutti-era-habitue-cefalu-bistro-dove-piu-e-485248\"><\/p>\n<div class=\"img-wrapper\"><img decoding=\"async\" src=\"https:\/\/static.dagospia.com\/img\/patch\/08-2026\/ranucci-presutti-cianfoni-floridia-2300757_600_q50.webp\" alt=\"ranucci presutti cianfoni floridia\" loading=\"lazy\"><time class=\"data-ora\">30 ago 19:14<\/time><\/div>\n<div class=\"excerpt\">\n<p>DAGOREPORT &#8211;<span>\u00a0MA QUALE &#8220;EPISODIO&#8221;! GIULIA PRESUTTI ERA UN HABITU\u00c8 DEL \u201cCEFAL\u00d9 BISTR\u00d2\u201d<\/span> DOVE PI\u00d9 VOLTE \u00c8 STATA VISTA INSIEME ALL\u2019AMICA LAURA CIANFONI, CHE A SUA VOLTA \u00c8 LEGATISSIMA A RANUCCI E CARISSIMA A LAVITOLA (COME \u00c8 TESTIMONIATO DALLE FOTO DI DAGOSPIA IN OCCASIONE DEL PREMIO COLALUCCI, SETTEMBRE 2020) &#8211; <span>NELLA DECISIONE DI SCEGLIERE GIULIA PRESUTTI, ACCREDITATA COME ESPRESSIONE DI M5S E AVS, <\/span>PER DARE UN CONTENTINO ALL\u2019OPPOSIZIONE, SAREBBE AVVENUTA UNA INTERLOCUZIONE TRA L\u2019AD RAI, GIAMPAOLO ROSSI, E L\u2019EX PRESIDENTE DELLA VIGILANZA RAI, LA GRILLINA BARBARA FLORIDIA, CHE AVREBBE DATO IL SUO PLACET &#8211; <span>ANCHE SULLA SCELTA DI PIERVINCENZI ALLA CONDUZIONE DI &#8220;REPORT&#8221;, CHE VA A BILANCIARE LA PRESUTTI DI SINISTRA, SI ADDENSANO ALCUNE DOMANDINE<\/span>: A PARTIRE DALLA PASSIONE PER IL RUGBY\u2026<\/p>\n<\/div>\n<p><\/a><\/article>\n<article><a href=\"https:\/\/www.dagospia.com\/politica\/risiko-s-ingrossa-l-apertura-assicurazioni-generali-valutare-l-offerta-484996\"><\/p>\n<div class=\"img-wrapper\"><img decoding=\"async\" src=\"https:\/\/static.dagospia.com\/img\/patch\/08-2026\/generali-philippe-donnet-luigi-lovaglio-carlo-messina-2292458_600_q50.webp\" alt=\"generali philippe donnet luigi lovaglio carlo messina \" loading=\"lazy\"><time class=\"data-ora\">27 ago 21:02<\/time><\/div>\n<div class=\"excerpt\">\n<p>DAGOREPORT &#8211; <span>IL RISIKO S&#8217;INGROSSA!<\/span> L\u2019APERTURA DI ASSICURAZIONI GENERALI A VALUTARE L&#8217;OFFERTA\u201d DI MPS PER L\u2019ACQUISIZIONE DI BANCA GENERALI, <span>\u00c8 UN GRAN PASSO AVANTI PER IL PIANO DI LOVAGLIO PER DISINNESCARE L\u2019OPAS SUL \u201cMONTE\u201d DI BANCA INTESA <\/span>&#8211; SECONDO PIAZZA AFFARI, L\u2019OPERAZIONE TRIESTE-SIENA POTREBBE AVERE DALLA SUA <span>L\u2019APPOGGIO DEI POTENTISSIMI FONDI DI INVESTIMENTO INTERNAZIONALI, TRA CUI BLACKROCK<\/span>, CHE HA PERALTRO IMPORTANTI INTERESSI NELLE BANCHE ITALIANE, TRA CUI INTESA &#8211; <span>ORA INIZIA UNA PARTITA APERTISSIMA DAL PUNTO DI VISTA FINANZIARIO, MA ANCHE DA QUELLO POLITICO:<\/span> IL 26 OTTOBRE\u00a0 L\u2019ASSEMBLEA STRAORDINARIA DI MPS SARA&#8217; CHIAMATA AD APPROVARE L&#8217;ACQUISIZIONE E TUTTO PUO&#8217; SUCCEDERE&#8230;<\/p>\n<\/div>\n<p><\/a><\/article>\n<article><a href=\"https:\/\/www.dagospia.com\/cronache\/voluto-trump-t-attacchi-scorta-i-leader-silicon-valley-484985\"><\/p>\n<div class=\"img-wrapper\"><img decoding=\"async\" src=\"https:\/\/static.dagospia.com\/img\/patch\/08-2026\/mark-zuckerberg-proteste-2299936_600_q50.webp\" alt=\"mark zuckerberg proteste \" loading=\"lazy\"><time class=\"data-ora\">27 ago 19:54<\/time><\/div>\n<div class=\"excerpt\">\n<p>HAI VOLUTO TRUMP? E ORA T\u2019ATTACCHI ALLA SCORTA! \u2013<span> I LEADER DELLA SILICON VALLEY SONO OSSESSIONATI DALLA LORO SICUREZZA, E SPENDONO VAGONATE DI DOLLARI IN PROTEZIONE, GUARDIE DEL CORPO, BUNKER. <\/span>COLPA DELLA SVOLTA TRUMPIANA E DELLA RIVOLUZIONE DELL\u2019ACCELERAZIONE INCONTROLLABILE DELL\u2019INTELLIGENZA ARTIFICIALE, CHE RISCHIA DI PRODURRE FOLLE DI DISOCCUPATI INCAZZATI PRONTI AD ASSALTARE, OLTRE AI DATA CENTER, I VILLONI DEI PAPERONI \u2013 <span>IL PI\u00d9 PARANOICO DI TUTTI? MARK ZUCKERBERG! META SPENDE OLTRE 25 MILIONI DI DOLLARI ALL\u2019ANNO ESCLUSIVAMENTE PER LA PROTEZIONE DEL SUO FONDATORE<\/span> \u2013 L\u2019OSSESSIONE DEI MILIARDARI PER BUNKER DI LUSSO, FORTEZZE SOTTERRANEE, RIFUGI IN NUOVA ZELANDA E HAWAII, CON INVESTIMENTI CHE OSCILLAVANO TRA I DIECI E I CINQUANTA MILIONI DI DOLLARI CIASCUNO&#8230;<\/p>\n<\/div>\n<p><\/a><\/article>\n<article><a href=\"https:\/\/www.dagospia.com\/cronache\/come-sta-alessandro-battista-condizioni-salute-dell-ex-deputato-485182\"><\/p>\n<div class=\"img-wrapper\"><img decoding=\"async\" src=\"https:\/\/static.dagospia.com\/img\/patch\/08-2026\/di-battista-grillo-di-maio-alessandro-2300529_600_q50.webp\" alt=\"di battista grillo di maio alessandro\" loading=\"lazy\"><\/div>\n<div class=\"excerpt\">COME STA ALESSANDRO DI BATTISTA? &#8211; LE CONDIZIONI DI SALUTE DELL&#8217;EX DEPUTATO DEL MOVIMENTO 5 STELLE,\u2026<\/div>\n<p><\/a><\/article>\n<article><a href=\"https:\/\/www.dagospia.com\/media-tv\/milanospia-brumotti-meloni-pier-silvio-485225\"><\/p>\n<div class=\"img-wrapper\"><img decoding=\"async\" src=\"https:\/\/static.dagospia.com\/img\/patch\/08-2026\/milanospia-dandolo-2300670_600_q50.webp\" alt=\"milanospia dandolo\" loading=\"lazy\"><\/div>\n<div class=\"excerpt\">MILANOSPIA! DANDOLO: LA NUOVA PASSIONE TELEVISIVA DELLE SORELLE MELONI? VITTORIO BRUMOTTI &#8211; L&#8217;EX\u2026<\/div>\n<p><\/a><\/article>\n<article><a href=\"https:\/\/www.dagospia.com\/media-tv\/pillole-gossip-elodie-franceska-nuredini-trans-alice-de-485322\"><\/p>\n<div class=\"img-wrapper\"><img decoding=\"async\" src=\"https:\/\/static.dagospia.com\/img\/patch\/08-2026\/pillole-avanti-gossip-2300996_600_q50.webp\" alt=\"pillole avanti gossip\" loading=\"lazy\"><\/div>\n<div class=\"excerpt\">PILLOLE DI GOSSIP! ELODIE E FRANCESKA NUREDINI, AVVISTATE AL LARGO DI PROCIDA A BORDO DI UNO YACHT,\u2026<\/div>\n<p><\/a><\/article>\n<article><a href=\"https:\/\/www.dagospia.com\/media-tv\/riconoscete-dal-cameltoe-dalle-ciliegione-31enne-e-figlia-485344\"><\/p>\n<div class=\"img-wrapper\"><img decoding=\"async\" src=\"https:\/\/static.dagospia.com\/img\/patch\/08-2026\/cecilia-sala-fisico-2301059_600_q50.webp\" alt=\"cecilia sala fisico \" loading=\"lazy\"><\/div>\n<div class=\"excerpt\">LA RICONOSCETE DAL \u201cCAMELTOE\u201d O DALLE \u201cCILIEGIONE\u201d? LA 31ENNE E\u2019 FIGLIA DI UN IMPORTANTE DIRIGENTE\u2026<\/div>\n<p><\/a><\/article>\n<article><a href=\"https:\/\/www.dagospia.com\/politica\/elly-ascolta-gli-amici-i-big-pd-scesi-in-campo-cosi-pesantemente-per-485354\"><\/p>\n<div class=\"img-wrapper\"><img decoding=\"async\" src=\"https:\/\/static.dagospia.com\/img\/patch\/08-2026\/giuseppe-conte-elly-schlein-franceschini-bonaccini-nardella-2301098_600_q50.webp\" alt=\"giuseppe conte elly schlein franceschini bonaccini nardella\" loading=\"lazy\"><\/div>\n<div class=\"excerpt\">DAGOREPORT &#8211; ELLY, ASCOLTA GLI AMICI! I CAPOCCIONI E LE MEZZECALZE DEL PD, CHE SONO SCESI COS\u00cc\u2026<\/div>\n<p><\/a><\/article>\n<article><a href=\"https:\/\/www.dagospia.com\/politica\/l-ingaggio-fedorov-fa-incazzare-zelensky-mette-in-allarme-agenzie-485343\"><\/p>\n<div class=\"img-wrapper\"><img decoding=\"async\" src=\"https:\/\/static.dagospia.com\/img\/patch\/08-2026\/fedorov-musk-thiel-zelensky-crosetto-2301168_600_q50.webp\" alt=\"fedorov musk thiel zelensky crosetto\" loading=\"lazy\"><\/div>\n<div class=\"excerpt\">DAGOREPORT &#8211; A QUALCUNO NON PIACE &#8216;STO FEDOROV &#8211;\u00a0PIU&#8217; CHE A INDIGNARE I NEURONI ALLA VODKA DI\u2026<\/div>\n<p><\/a><\/article>\n<article><a href=\"https:\/\/www.dagospia.com\/politica\/flash-c-e-grande-perplessita-i-draghi-boys-per-presenza-andrea-485336\"><\/p>\n<div class=\"img-wrapper\"><img decoding=\"async\" src=\"https:\/\/static.dagospia.com\/img\/patch\/08-2026\/xavier-niel-draghi-pignataro-2301175_600_q50.webp\" alt=\"xavier niel draghi pignataro\" loading=\"lazy\"><\/div>\n<div class=\"excerpt\">FLASH! \u2013 I \u201cDRAGHI BOYS\u201d DEL POTERE ECONOMICO ITALIANO AVREBBERO ESPRESSO QUALCHE PERPLESSITA&#8217;\u2026<\/div>\n<p><\/a><\/article>\n<article><a href=\"https:\/\/www.dagospia.com\/politica\/quale-episodio-giulia-presutti-era-habitue-cefalu-bistro-dove-piu-e-485248\"><\/p>\n<div class=\"img-wrapper\"><img decoding=\"async\" src=\"https:\/\/static.dagospia.com\/img\/patch\/08-2026\/ranucci-presutti-cianfoni-floridia-2300757_600_q50.webp\" alt=\"ranucci presutti cianfoni floridia\" loading=\"lazy\"><\/div>\n<div class=\"excerpt\">DAGOREPORT &#8211;\u00a0MA QUALE &#8220;EPISODIO&#8221;! GIULIA PRESUTTI ERA UN HABITU\u00c8 DEL \u201cCEFAL\u00d9 BISTR\u00d2\u201d DOVE PI\u00d9 VOLTE\u2026<\/div>\n<p><\/a><\/article>\n<article><a href=\"https:\/\/www.dagospia.com\/politica\/risiko-s-ingrossa-l-apertura-assicurazioni-generali-valutare-l-offerta-484996\"><\/p>\n<div class=\"img-wrapper\"><img decoding=\"async\" src=\"https:\/\/static.dagospia.com\/img\/patch\/08-2026\/generali-philippe-donnet-luigi-lovaglio-carlo-messina-2292458_600_q50.webp\" alt=\"generali philippe donnet luigi lovaglio carlo messina \" loading=\"lazy\"><\/div>\n<div class=\"excerpt\">DAGOREPORT &#8211; IL RISIKO S&#8217;INGROSSA! L\u2019APERTURA DI ASSICURAZIONI GENERALI A VALUTARE L&#8217;OFFERTA\u201d DI\u2026<\/div>\n<p><\/a><\/article>\n<article><a href=\"https:\/\/www.dagospia.com\/cronache\/voluto-trump-t-attacchi-scorta-i-leader-silicon-valley-484985\"><\/p>\n<div class=\"img-wrapper\"><img decoding=\"async\" src=\"https:\/\/static.dagospia.com\/img\/patch\/08-2026\/mark-zuckerberg-proteste-2299936_600_q50.webp\" alt=\"mark zuckerberg proteste \" loading=\"lazy\"><\/div>\n<div class=\"excerpt\">HAI VOLUTO TRUMP? E ORA T\u2019ATTACCHI ALLA SCORTA! \u2013 I LEADER DELLA SILICON VALLEY SONO OSSESSIONATI\u2026<\/div>\n<p><\/a><\/article>\n<article><a href=\"https:\/\/www.dagospia.com\/politica\/flash-giorgia-meloni-manda-armi-sottobanco-all-ucraina-per-non-spaccare-484982\"><\/p>\n<div class=\"img-wrapper\"><img decoding=\"async\" src=\"https:\/\/static.dagospia.com\/img\/patch\/08-2026\/giorgia-meloni-volodymyr-zelensky-mario-draghi-2299913_600_q50.webp\" alt=\"giorgia meloni volodymyr zelensky mario draghi \" loading=\"lazy\"><\/div>\n<div class=\"excerpt\">FLASH \u2013 GIORGIA MELONI MANDA LE ARMI SOTTOBANCO ALL\u2019UCRAINA PER NON SPACCARE LA SUA MAGGIORANZA. IL\u2026<\/div>\n<p><\/a><\/article>\n<article><a href=\"https:\/\/www.dagospia.com\/politica\/qual-era-scopo-blitz-capo-cia-mosca-i-beninformati-washington-484881\"><\/p>\n<div class=\"img-wrapper\"><img decoding=\"async\" src=\"https:\/\/static.dagospia.com\/img\/patch\/12-2025\/vladimir-putin-donald-trump-volodymyr-zelensky-2214409_600_q50.webp\" alt=\"vladimir putin donald trump volodymyr zelensky\" loading=\"lazy\"><\/div>\n<div class=\"excerpt\">FLASH! \u2013 QUANDO LE COSE GIRANO SUL PEGGIO, INTERVENGONO I SERVIZI SEGRETI &#8211;\u00a0IL BENINFORMATO\u00a0CAPO\u2026<\/div>\n<p><\/a><\/article>\n<article><a href=\"https:\/\/www.dagospia.com\/politica\/prossima-destinazione-enrico-mentana-padrone-supremo-tutta-l-informazione-484639\"><\/p>\n<div class=\"img-wrapper\"><img decoding=\"async\" src=\"https:\/\/static.dagospia.com\/img\/patch\/08-2026\/kyriakou-pier-silvio-berlusconi-enrico-mentana-crippa-fedele-confalonieri-medias-2298828_600_q50.webp\" alt=\"kyriakou pier silvio berlusconi enrico mentana crippa fedele confalonieri mediaset urbano cairo marina\" loading=\"lazy\"><\/div>\n<div class=\"excerpt\">DAGOREPORT &#8211; RITORNA A CASA, LESSO! SI ACCAVALLANO LE VOCI CHE LA PROSSIMA DESTINAZIONE DI ENRICO\u2026<\/div>\n<p><\/a><\/article>\n<article><a href=\"https:\/\/www.dagospia.com\/media-tv\/martedi-prossimo-calera-sipario-ranucci-ottobre-quando-ritornera-in-onda-484460\"><\/p>\n<div class=\"img-wrapper\"><img decoding=\"async\" src=\"https:\/\/static.dagospia.com\/img\/patch\/07-2026\/sigfrido-ranucci-valter-lavitola-giampaolo-rossi-2287105_600_q50.webp\" alt=\"sigfrido ranucci valter lavitola giampaolo rossi \" loading=\"lazy\"><\/div>\n<div class=\"excerpt\">DAGOREPORT &#8211;\u00a0MARTED\u00cc PROSSIMO CALER\u00c0 IL SIPARIO SU RANUCCI: A OTTOBRE, QUANDO RITORNER\u00c0 IN ONDA\u2026<\/div>\n<p><\/a><\/article>\n<article><a href=\"https:\/\/www.dagospia.com\/cafonal\/cafonalino-roma-proiezione-documentario-marco-bellocchio-marco-travaglio-485081\"><\/p>\n<div class=\"img-wrapper\"><img decoding=\"async\" src=\"https:\/\/static.dagospia.com\/img\/patch\/08-2026\/2026bellocchio-anteprima-film-di-marco-bellocchio-2300339_600_q50.webp\" alt=\"2026bellocchio anteprima film di marco bellocchio\" loading=\"lazy\"><\/div>\n<div class=\"excerpt\">CAFONALINO! AL CINEMA QUATTRO FONTANE DI ROMA LA PROIEZIONE SPECIALE DEL DOCUMENTARIO \u201cMARCO\u2026<\/div>\n<p><\/a><\/article>\n<article><a href=\"https:\/\/www.dagospia.com\/cafonal\/cafonal-show-ranucci-cerveteri-freni-ho-fatto-scoop-nazionali-484807\"><\/p>\n<div class=\"img-wrapper\"><img decoding=\"async\" src=\"https:\/\/static.dagospia.com\/img\/patch\/08-2026\/2026ranucci-sigfrido-ranucci-2299409_600_q50.webp\" alt=\"2026ranucci sigfrido ranucci\" loading=\"lazy\"><\/div>\n<div class=\"excerpt\">SIGFRIDO, IL MASANIELLO DE NOANTRI \u2013 RANUCCI HA PERSO OGNI FRENO E, ALLA PRESENTAZIONE DEL SUO\u2026<\/div>\n<p><\/a><\/article>\n<article><a href=\"https:\/\/www.dagospia.com\/cafonal\/funeralino-l-ultimo-saluto-mitico-produttore-cinematografico-fulvio-484127\"><\/p>\n<div class=\"img-wrapper\"><img decoding=\"async\" src=\"https:\/\/static.dagospia.com\/img\/patch\/08-2026\/2026lucisano-2297424_600_q50.webp\" alt=\"2026lucisano\" loading=\"lazy\"><\/div>\n<div class=\"excerpt\">FUNERALINO \u2013 NELLA CALLARA ROMANA D\u2019AGOSTO, L\u2019ULTIMO SALUTO AL MITICO PRODUTTORE CINEMATOGRAFICO\u2026<\/div>\n<p><\/a><\/article>\n<article><a href=\"https:\/\/www.dagospia.com\/cafonal\/cafonalino-pizza-riformista-matteo-renzi-raduna-i-suoi-prima-delle-480816\"><\/p>\n<div class=\"img-wrapper\"><img decoding=\"async\" src=\"https:\/\/static.dagospia.com\/img\/patch\/07-2026\/2026kraken-matteo-renzi-2286047_600_q50.webp\" alt=\"2026kraken matteo renzi \" loading=\"lazy\"><\/div>\n<div class=\"excerpt\">CAFONALINO DELLA PIZZA RIFORMISTA \u2013 RENZI RADUNA I SUOI PRIMA DELLE VACANZE ESTIVE AL SATYRUS DI\u2026<\/div>\n<p><\/a><\/article>\n<article><a href=\"https:\/\/www.dagospia.com\/cafonal\/cafonalino-moreno-party-roma-manuela-moreno-festeggia-i-60-anni-480777\"><\/p>\n<div class=\"img-wrapper\"><img decoding=\"async\" src=\"https:\/\/static.dagospia.com\/img\/patch\/07-2026\/manuela-moreno-festa-60-anni-2285871_600_q50.webp\" alt=\"manuela moreno festa 60 anni \" loading=\"lazy\"><\/div>\n<div class=\"excerpt\">CAFONALINO! NO MORENO, NO PARTY \u2013 A ROMA, AL LOVE BAR DI PONTE MILVIO, MANUELA MORENO, CONDUTTRICE\u2026<\/div>\n<p><\/a><\/article>\n<article><a href=\"https:\/\/www.dagospia.com\/cafonal\/cafonalino-firenze-tevere-direttori-redattori-forchettoni-scrocconi-480745\"><\/p>\n<div class=\"img-wrapper\"><img decoding=\"async\" src=\"https:\/\/static.dagospia.com\/img\/patch\/07-2026\/2026agno-marco-agnoletti-2285763_600_q50.webp\" alt=\"2026agno marco agnoletti \" loading=\"lazy\"><\/div>\n<div class=\"excerpt\">CAFONALINO DEGLI AGNOLETTI IN BRODO &#8211; DIRETTORI, REDATTORI, FORCHETTONI E SCROCCONI SFIDANO\u2026<\/div>\n<p><\/a><\/article>\n<p>[analyse_source url=&#8221;https:\/\/www.dagospia.com\/cronache\/gli-ultras-dell-inter-si-comportavano-come-se-fossero-parte-ndrina-485329&#8243;]<\/p>\n","protected":false},"excerpt":{"rendered":"<p>[analyse_image type=&#8221;featured&#8221; src=&#8221;https:\/\/static.dagospia.com\/img\/patch\/08-2026\/bellocco-beretta-alfonso-iadevaia-2301043_600_q50.webp&#8221;] 31 ago 2026 14:05 \u201cGLI ULTRAS DELL&#8217;INTER SI COMPORTAVANO COME SE FOSSERO PARTE DI UNA &#8216;NDRINA\u201d &#8211; L&#8217;INTERVISTA BOMBA AD ALFONSO IADEVAIA, CAPO DELLA SQUADRA MOBILE DI MILANO E SUPERVISORE DELL&#8217;INDAGINE \u201cDOPPIA CURVA\u201d: \u201cLO ZOCCOLO DURO DELLA CURVA ERA IN TUTTO E PER TUTTO IN UN&#8217;ORGANIZZAZIONE CRIMINALE\u201d \u2013 L&#8217;INCHIESTA HA COINVOLTO ANCHE [&hellip;]<\/p>\n","protected":false},"author":1,"featured_media":0,"comment_status":"open","ping_status":"","sticky":false,"template":"","format":"standard","meta":{"footnotes":""},"categories":[87],"tags":[226,149],"class_list":["post-2121542","post","type-post","status-publish","format-standard","hentry","category-italy","tag-crawlmanager","tag-dagospia-com"],"_links":{"self":[{"href":"https:\/\/analyse.optim.biz\/index.php?rest_route=\/wp\/v2\/posts\/2121542","targetHints":{"allow":["GET"]}}],"collection":[{"href":"https:\/\/analyse.optim.biz\/index.php?rest_route=\/wp\/v2\/posts"}],"about":[{"href":"https:\/\/analyse.optim.biz\/index.php?rest_route=\/wp\/v2\/types\/post"}],"author":[{"embeddable":true,"href":"https:\/\/analyse.optim.biz\/index.php?rest_route=\/wp\/v2\/users\/1"}],"replies":[{"embeddable":true,"href":"https:\/\/analyse.optim.biz\/index.php?rest_route=%2Fwp%2Fv2%2Fcomments&post=2121542"}],"version-history":[{"count":0,"href":"https:\/\/analyse.optim.biz\/index.php?rest_route=\/wp\/v2\/posts\/2121542\/revisions"}],"wp:attachment":[{"href":"https:\/\/analyse.optim.biz\/index.php?rest_route=%2Fwp%2Fv2%2Fmedia&parent=2121542"}],"wp:term":[{"taxonomy":"category","embeddable":true,"href":"https:\/\/analyse.optim.biz\/index.php?rest_route=%2Fwp%2Fv2%2Fcategories&post=2121542"},{"taxonomy":"post_tag","embeddable":true,"href":"https:\/\/analyse.optim.biz\/index.php?rest_route=%2Fwp%2Fv2%2Ftags&post=2121542"}],"curies":[{"name":"wp","href":"https:\/\/api.w.org\/{rel}","templated":true}]}}