{"id":2121522,"date":"2026-09-01T04:06:33","date_gmt":"2026-09-01T01:06:33","guid":{"rendered":"https:\/\/analyse.optim.biz\/?p=2121522"},"modified":"2026-09-01T04:06:33","modified_gmt":"2026-09-01T01:06:33","slug":"israelul-respinge-acuzatia-premierului-spaniei-ca-ar-fi-avut-un-rol-in-trimiterea-de-imigranti-clandestini-spre-ceuta-minciuna-nerusinata","status":"publish","type":"post","link":"https:\/\/analyse.optim.biz\/?p=2121522","title":{"rendered":"Israelul respinge acuza\u021bia premierului Spaniei c\u0103 ar fi avut un rol \u00een trimiterea de imigran\u021bi clandestini spre Ceuta: &#8220;Minciun\u0103 neru\u0219inat\u0103&#8221;"},"content":{"rendered":"<p>[analyse_image type=&#8221;featured&#8221; src=&#8221;https:\/\/s2.ziareromania.ro\/?mmid=900c856b29cd84fd59&#8243;]<\/p>\n<div id=\"article__container\" class=\"news__container news__image__container\">\n<h1 class=\"news__title\" title=\"Israelul respinge acuza\u021bia premierului Spaniei c\u0103 ar fi avut un rol \u00een trimiterea de imigran\u021bi clandestini spre Ceuta: &quot;Minciun\u0103 neru\u0219inat\u0103&quot;\">Israelul respinge acuza\u021bia premierului Spaniei c\u0103 ar fi avut un rol \u00een trimiterea de imigran\u021bi clandestini spre Ceuta: &#8220;Minciun\u0103 neru\u0219inat\u0103&#8221;<\/h1>\n<\/div>\n<div class=\"news__info__content d-flex\">\n<div class=\"d-flex \">\n<div class=\"news__author mar10r\"> Autor: <span><a href=\"https:\/\/ziare.com\/autor\/mihai-diac\"> Mihai Diac <\/a><\/span><\/div>\n<div class=\"news__publish\">Luni, 31 August 2026, ora 21:43<\/div>\n<\/div>\n<div class=\"news__views\">829 citiri<\/div>\n<\/div>\n<div class=\"stanga_stire news__image fleft article__marker\">\n<div class=\"news-image__content news__image__item\"><a class=\"news__image\" data-href=\"https:\/\/s1.ziareromania.ro\/?mmid=900c856b29cd84fd59\" data-size=\"1024x683\" title=\"Israelul respinge acuza\u021bia premierului Spaniei c\u0103 ar fi avut un rol \u00een trimiterea de imigran\u021bi clandestini spre Ceuta: &quot;Minciun\u0103 neru\u0219inat\u0103&quot;\"><img decoding=\"async\" src=\"https:\/\/tb.ziareromania.ro\/Israelul-respinge-acuza--ia-premierului-Spaniei-c---ar-fi-avut-un-rol---n-trimiterea-de-imigran--i-clandestini-spre-Ceuta---Minciun---neru--inat---\/900c856b29cd84fd59\/400\/225\/2\/100\/Israelul-respinge-acuza--ia-premierului-Spaniei-c---ar-fi-avut-un-rol---n-trimiterea-de-imigran--i-clandestini-spre-Ceuta---Minciun---neru--inat---.jpg\" alt=\"Israelul respinge acuza\u021bia premierului Spaniei c\u0103 ar fi avut un rol \u00een trimiterea de imigran\u021bi clandestini spre Ceuta: &quot;Minciun\u0103 neru\u0219inat\u0103&quot;\" title=\"Israelul respinge acuza\u021bia premierului Spaniei c\u0103 ar fi avut un rol \u00een trimiterea de imigran\u021bi clandestini spre Ceuta: &quot;Minciun\u0103 neru\u0219inat\u0103&quot;\" class=\"img-responsive\"><\/a><\/p>\n<div class=\"news__caption\">Imigran\u021bi care au intrat ilegal \u00een Ceuta &#8211; FOTO Hepta<\/div>\n<\/div>\n<\/div>\n<div class=\"news__content descriere_main article__marker\">\n<p>Israelul l-a acuzat luni, 31 august 2026, pe prim-ministrul spaniol, Pedro S\u00e1nchez, de \u201eminciun\u0103 neru\u0219inat\u0103\u201d, dup\u0103 ce liderul spaniol a spus c\u0103 \u00een spatele afluxului de imigran\u021bi din Maroc c\u0103tre exclava Ceuta se afl\u0103 ac\u021biuni de dezinformare legate de Rusia \u0219i Israel, relateaz\u0103 Reuters.<\/p>\n<p>\u00cen interviul acordat postului de radio Cadena Ser, S\u00e1nchez \u201ea min\u021bit din nou, acuz\u00e2nd \u00een mod uluitor Israelul c\u0103 difuzeaz\u0103 informa\u021bii \u00een\u0219el\u0103toare cu privire la evenimentele din Ceuta. Este vorba de o minciun\u0103 neru\u0219inat\u0103\u201d, a scris ministrul Afacerilor Externe, Gideon Saar, pe X.<\/p>\n<p>Saar l-a acuzat pe Sanchez c\u0103 dore\u0219te s\u0103 distrag\u0103 aten\u021bia de la e\u0219ecurile politicii sale interne.<\/p>\n<p>Kremlinul a respins, de asemenea, acuza\u021biile \u0219efului guvernului spaniol, prin intermediul purt\u0103torului s\u0103u de cuv\u00e2nt, Dmitri Peskov.<\/p>\n<p>At\u00e2t Rusia, c\u00e2t \u0219i Israelul au difuzat \u0219i amplificat informa\u021bii false privind afluxul masiv de migran\u021bi \u00een enclava spaniol\u0103 Ceuta luna trecut\u0103, a declarat luni \u0219eful guvernului spaniol, Pedro Sanchez. Acesta din urm\u0103, care a afirmat c\u0103 se bazeaz\u0103 pe rezultatele unei anchete efectuate de serviciul diplomatic al Uniunii Europene, a ad\u0103ugat c\u0103 este \u201eevident\u201d c\u0103 Moscova \u0219i Tel Aviv au profitat de criz\u0103 pentru a pune \u00een dificultate guvernul spaniol, din cauza pozi\u021biei Madridului fa\u021b\u0103 de r\u0103zboaiele din Ucraina \u0219i din Orientul Mijlociu. Prim-ministrul spaniol a precizat, de asemenea, c\u0103 nu exist\u0103 dovezi care s\u0103 demonstreze implicarea Marocului.<\/p>\n<\/div>\n<p>Peste 72.000 de migran\u021bi au \u00eencercat s\u0103 intre \u00een enclava spaniol\u0103 Ceuta din Maroc, \u00een luna iulie, \u00eentr-o traversare masiv\u0103 \u0219i brusc\u0103 ce a costat via\u021ba a cel pu\u021bin 100 de persoane, potrivit autorit\u0103\u021bilor locale.<\/p>\n<p>Anumite partide de opozi\u021bie din <a href=\"https:\/\/ziare.com\/europa\/spania\/\" title=\"Spania\">Spania<\/a> \u0219i asocia\u021bii pentru ap\u0103rarea drepturilor omului au acuzat Marocul c\u0103 ar fi autorizat \u00een mod deliberat trecerea migran\u021bilor, lucru pe care Rabatul \u00eel neag\u0103.<\/p>\n<p>\u201eC\u00e2nd oamenii vorbesc \u0219i speculeaz\u0103 cu privire la implicarea autorit\u0103\u021bilor marocane, neg categoric acest lucru\u201d, a declarat Pedro Sanchez la postul de radio Cadena SER.<\/p>\n<p>Autorit\u0103\u021bile de la Madrid spun c\u0103 unele videoclipuri difuzate pe Instagram \u0219i TikTok sus\u021bineau \u00een mod eronat c\u0103 migran\u021bii care au ajuns \u00een enclava spaniol\u0103 vor fi obliga\u021bi s\u0103 r\u0103m\u00e2n\u0103 \u00een Spania, \u00eencuraj\u00e2nd astfel mii de persoane s\u0103 \u00eencerce traversarea.<\/p>\n<p>Studii realizate de Serviciul Diplomatic al Uniunii Europene, EEAS, au indicat c\u0103 re\u021belele ruse\u0219ti \u0219i israeliene aflate \u00een contact cu re\u021belele de extrem\u0103 dreapt\u0103 ar fi \u00een spatele r\u0103sp\u00e2ndirii acestor informa\u021bii false, a declarat Pedro Sanchez.<\/p>\n","protected":false},"excerpt":{"rendered":"<p>[analyse_image type=&#8221;featured&#8221; src=&#8221;https:\/\/s2.ziareromania.ro\/?mmid=900c856b29cd84fd59&#8243;] Israelul respinge acuza\u021bia premierului Spaniei c\u0103 ar fi avut un rol \u00een trimiterea de imigran\u021bi clandestini spre Ceuta: &#8220;Minciun\u0103 neru\u0219inat\u0103&#8221; Autor: Mihai Diac Luni, 31 August 2026, ora 21:43 829 citiri Imigran\u021bi care au intrat ilegal \u00een Ceuta &#8211; FOTO Hepta Israelul l-a acuzat luni, 31 august 2026, pe prim-ministrul spaniol, Pedro [&hellip;]<\/p>\n","protected":false},"author":1,"featured_media":0,"comment_status":"open","ping_status":"","sticky":false,"template":"","format":"standard","meta":{"footnotes":""},"categories":[89],"tags":[226,22],"class_list":["post-2121522","post","type-post","status-publish","format-standard","hentry","category-romania","tag-crawlmanager","tag-ziare-com"],"_links":{"self":[{"href":"https:\/\/analyse.optim.biz\/index.php?rest_route=\/wp\/v2\/posts\/2121522","targetHints":{"allow":["GET"]}}],"collection":[{"href":"https:\/\/analyse.optim.biz\/index.php?rest_route=\/wp\/v2\/posts"}],"about":[{"href":"https:\/\/analyse.optim.biz\/index.php?rest_route=\/wp\/v2\/types\/post"}],"author":[{"embeddable":true,"href":"https:\/\/analyse.optim.biz\/index.php?rest_route=\/wp\/v2\/users\/1"}],"replies":[{"embeddable":true,"href":"https:\/\/analyse.optim.biz\/index.php?rest_route=%2Fwp%2Fv2%2Fcomments&post=2121522"}],"version-history":[{"count":0,"href":"https:\/\/analyse.optim.biz\/index.php?rest_route=\/wp\/v2\/posts\/2121522\/revisions"}],"wp:attachment":[{"href":"https:\/\/analyse.optim.biz\/index.php?rest_route=%2Fwp%2Fv2%2Fmedia&parent=2121522"}],"wp:term":[{"taxonomy":"category","embeddable":true,"href":"https:\/\/analyse.optim.biz\/index.php?rest_route=%2Fwp%2Fv2%2Fcategories&post=2121522"},{"taxonomy":"post_tag","embeddable":true,"href":"https:\/\/analyse.optim.biz\/index.php?rest_route=%2Fwp%2Fv2%2Ftags&post=2121522"}],"curies":[{"name":"wp","href":"https:\/\/api.w.org\/{rel}","templated":true}]}}