{"id":2121519,"date":"2026-09-01T04:07:18","date_gmt":"2026-09-01T01:07:18","guid":{"rendered":"https:\/\/analyse.optim.biz\/?p=2121519"},"modified":"2026-09-01T04:07:18","modified_gmt":"2026-09-01T01:07:18","slug":"germania-se-pregateste-sa-intre-intr-una-dintre-cele-mai-periculoase-perioade-din-istoria-sa-recenta","status":"publish","type":"post","link":"https:\/\/analyse.optim.biz\/?p=2121519","title":{"rendered":"Germania se preg\u0103te\u0219te s\u0103 intre \u00eentr-una dintre cele mai periculoase perioade din istoria sa recent\u0103"},"content":{"rendered":"<p>[analyse_image type=&#8221;featured&#8221; src=&#8221;https:\/\/s1.ziareromania.ro\/?mmid=cb11e56a91ce8db449&#8243;]<\/p>\n<div id=\"article__container\" class=\"news__container news__image__container\">\n<h1 class=\"news__title\" title=\"Germania se preg\u0103te\u0219te s\u0103 intre \u00eentr-una dintre cele mai periculoase perioade din istoria sa recent\u0103\">Germania se preg\u0103te\u0219te s\u0103 intre \u00eentr-una dintre cele mai periculoase perioade din istoria sa recent\u0103<\/h1>\n<\/div>\n<div class=\"news__info__content d-flex\">\n<div class=\"d-flex \">\n<div class=\"news__author mar10r\"> Autor: <span><a href=\"https:\/\/ziare.com\/autor\/veronica-andrei\"> Veronica Andrei <\/a><\/span><\/div>\n<div class=\"news__publish\">Luni, 31 August 2026, ora 21:36<\/div>\n<\/div>\n<div class=\"news__views\">1996 citiri<\/div>\n<\/div>\n<div class=\"stanga_stire news__image fleft article__marker\">\n<div class=\"news-image__content news__image__item\"><a class=\"news__image\" data-href=\"https:\/\/s1.ziareromania.ro\/?mmid=cb11e56a91ce8db449\" data-size=\"1000x563\" title=\"Germania se preg\u0103te\u0219te s\u0103 intre \u00eentr-una dintre cele mai periculoase perioade din istoria sa recent\u0103\"><img decoding=\"async\" src=\"https:\/\/tb.ziareromania.ro\/Germania-se-preg--te--te-s---intre---ntr-una-dintre-cele-mai-periculoase-perioade-din-istoria-sa-recent--\/cb11e56a91ce8db449\/400\/225\/2\/100\/Germania-se-preg--te--te-s---intre---ntr-una-dintre-cele-mai-periculoase-perioade-din-istoria-sa-recent--.jpg\" alt=\"Germania se preg\u0103te\u0219te s\u0103 intre \u00eentr-una dintre cele mai periculoase perioade din istoria sa recent\u0103\" title=\"Germania se preg\u0103te\u0219te s\u0103 intre \u00eentr-una dintre cele mai periculoase perioade din istoria sa recent\u0103\" class=\"img-responsive\"><\/a><\/p>\n<div class=\"news__caption\">Alternativa pentru Germania (AfD), partidul extremist, ar putea c\u00e2tiga alegerile din Saxonia-Anhalt\/FOTO:X\/@Elin__Lovisa<\/div>\n<\/div>\n<\/div>\n<div class=\"news__content descriere_main article__marker\">\n<p>Alegerile din Saxonia-Anhalt, programate pentru 6 septembrie, ar putea avea consecin\u021be care dep\u0103\u0219esc cu mult grani\u021bele acestui land estic.<\/p>\n<p>Ceea ce se va \u00eent\u00e2mpla \u00een Saxonia-Anhalt ar putea avea consecin\u021be pentru \u00eentreaga Germanie, pentru Europa \u0219i chiar dincolo de continent, scrie politico.eu.<\/p>\n<h2>AfD, \u00een fruntea sondajelor<\/h2>\n<p>Potrivit sondajelor, AfD se afl\u0103 la aproximativ 42% \u00een Saxonia-Anhalt, ceea ce face foarte probabil ca partidul s\u0103 devin\u0103 principala for\u021b\u0103 politic\u0103 \u00een urma alegerilor.<\/p>\n<p>Este aproape dublu fa\u021b\u0103 de nivelul de sus\u021binere pentru Uniunea Cre\u0219tin-Democrat\u0103 (CDU), forma\u021biunea cancelarului Friedrich Merz.<\/p>\n<p>Partidul Die Linke se afl\u0103 pe locul al treilea, \u00een timp ce Partidul Social-Democrat (SPD), partener \u00een coali\u021bia federal\u0103 a lui Merz, abia dep\u0103\u0219e\u0219te pragul electoral de 5%.<\/p>\n<p>Verzii se afl\u0103 \u0219i ei \u00een apropierea acestui prag. Calculul politic este complicat, dar decisiv.<\/p>\n<p>Dac\u0103 SPD \u0219i Verzii reu\u0219esc s\u0103 intre \u00een parlamentul regional, partidele tradi\u021bionale ar putea forma o coali\u021bie capabil\u0103 s\u0103 guverneze landul.<\/p>\n<\/div>\n<p>Dac\u0103 \u00eens\u0103 unul sau ambele partide nu ating pragul de 5%, AfD ar putea ajunge s\u0103 formeze guvernul fie singur\u0103, fie cu sprijinul Alian\u021bei Sahra Wagenknecht (BSW), o forma\u021biune de st\u00e2nga cu pozi\u021bii conservatoare \u00een anumite chestiuni, care se afl\u0103 \u0219i ea \u00een apropierea pragului electoral.<\/p>\n<p>Un asemenea rezultat ar putea declan\u0219a una dintre cele mai grave crize politice din Germania din ultimele decenii, scrie politico.eu.<\/p>\n<h2>Urmeaz\u0103 alte dou\u0103 teste electorale<\/h2>\n<p>Situa\u021bia nu se opre\u0219te la Saxonia-Anhalt. La dou\u0103 s\u0103pt\u0103m\u00e2ni dup\u0103 scrutin, aleg\u0103torii din landul estic Mecklenburg-Pomerania Occidental\u0103 vor merge la urne.<\/p>\n<p>\u00cen aceea\u0219i perioad\u0103, alegeri sunt programate \u0219i \u00een Berlin, un ora\u0219-regiune considerat \u00een mod tradi\u021bional o fort\u0103rea\u021b\u0103 a st\u00e2ngii, dar \u00een care AfD a \u00eenceput s\u0103 \u00eenregistreze niveluri semnificative de sus\u021binere.<\/p>\n<p>\u00cen urm\u0103toarele s\u0103pt\u0103m\u00e2ni \u0219i luni, Germania s-ar putea confrunta astfel cu o criz\u0103 guvernamental\u0103, iar Friedrich Merz ar putea fi obligat s\u0103 p\u0103r\u0103seasc\u0103 func\u021bia sau s\u0103 fie \u00eenlocuit.<\/p>\n<p>Un asemenea scenariu ar avea pu\u021bine precedente \u00een istoria politic\u0103 recent\u0103 a Germaniei.<\/p>\n","protected":false},"excerpt":{"rendered":"<p>[analyse_image type=&#8221;featured&#8221; src=&#8221;https:\/\/s1.ziareromania.ro\/?mmid=cb11e56a91ce8db449&#8243;] Germania se preg\u0103te\u0219te s\u0103 intre \u00eentr-una dintre cele mai periculoase perioade din istoria sa recent\u0103 Autor: Veronica Andrei Luni, 31 August 2026, ora 21:36 1996 citiri Alternativa pentru Germania (AfD), partidul extremist, ar putea c\u00e2tiga alegerile din Saxonia-Anhalt\/FOTO:X\/@Elin__Lovisa Alegerile din Saxonia-Anhalt, programate pentru 6 septembrie, ar putea avea consecin\u021be care dep\u0103\u0219esc cu [&hellip;]<\/p>\n","protected":false},"author":1,"featured_media":0,"comment_status":"open","ping_status":"","sticky":false,"template":"","format":"standard","meta":{"footnotes":""},"categories":[89],"tags":[226,22],"class_list":["post-2121519","post","type-post","status-publish","format-standard","hentry","category-romania","tag-crawlmanager","tag-ziare-com"],"_links":{"self":[{"href":"https:\/\/analyse.optim.biz\/index.php?rest_route=\/wp\/v2\/posts\/2121519","targetHints":{"allow":["GET"]}}],"collection":[{"href":"https:\/\/analyse.optim.biz\/index.php?rest_route=\/wp\/v2\/posts"}],"about":[{"href":"https:\/\/analyse.optim.biz\/index.php?rest_route=\/wp\/v2\/types\/post"}],"author":[{"embeddable":true,"href":"https:\/\/analyse.optim.biz\/index.php?rest_route=\/wp\/v2\/users\/1"}],"replies":[{"embeddable":true,"href":"https:\/\/analyse.optim.biz\/index.php?rest_route=%2Fwp%2Fv2%2Fcomments&post=2121519"}],"version-history":[{"count":0,"href":"https:\/\/analyse.optim.biz\/index.php?rest_route=\/wp\/v2\/posts\/2121519\/revisions"}],"wp:attachment":[{"href":"https:\/\/analyse.optim.biz\/index.php?rest_route=%2Fwp%2Fv2%2Fmedia&parent=2121519"}],"wp:term":[{"taxonomy":"category","embeddable":true,"href":"https:\/\/analyse.optim.biz\/index.php?rest_route=%2Fwp%2Fv2%2Fcategories&post=2121519"},{"taxonomy":"post_tag","embeddable":true,"href":"https:\/\/analyse.optim.biz\/index.php?rest_route=%2Fwp%2Fv2%2Ftags&post=2121519"}],"curies":[{"name":"wp","href":"https:\/\/api.w.org\/{rel}","templated":true}]}}