{"id":2121509,"date":"2026-09-01T04:04:00","date_gmt":"2026-09-01T01:04:00","guid":{"rendered":"https:\/\/analyse.optim.biz\/?p=2121509"},"modified":"2026-09-01T04:04:00","modified_gmt":"2026-09-01T01:04:00","slug":"are-20-de-ani-de-20-de-ani-reactia-clubului-din-premier-league-dupa-acuzatiile-privind-varsta-reala-a-propriului-jucator","status":"publish","type":"post","link":"https:\/\/analyse.optim.biz\/?p=2121509","title":{"rendered":"\u201eAre 20 de ani de 20 de ani\u201d. Reac\u021bia clubului din Premier League, dup\u0103 acuza\u021biile privind v\u00e2rsta real\u0103 a propriului juc\u0103tor"},"content":{"rendered":"<p>[analyse_image type=&#8221;featured&#8221; src=&#8221;https:\/\/s1.ziareromania.ro\/?mmid=153c556b29f084b1d3&#8243;]<\/p>\n<div id=\"article__container\" class=\"news__container news__image__container\">\n<h1 class=\"news__title\" title=\"\u201eAre 20 de ani de 20 de ani\u201d. Reac\u021bia clubului din Premier League, dup\u0103 acuza\u021biile privind v\u00e2rsta real\u0103 a propriului juc\u0103tor\">\u201eAre 20 de ani de 20 de ani\u201d. Reac\u021bia clubului din Premier League, dup\u0103 acuza\u021biile privind v\u00e2rsta real\u0103 a propriului juc\u0103tor<\/h1>\n<\/div>\n<div class=\"news__info__content d-flex\">\n<div class=\"d-flex \">\n<div class=\"news__author mar10r\"> Autor: <span><a href=\"https:\/\/ziare.com\/autor\/iosif-pintilie\"> Iosif Pintilie <\/a><\/span><\/div>\n<div class=\"news__publish\">Luni, 31 August 2026, ora 21:24<\/div>\n<\/div>\n<div class=\"news__views\">1344 citiri<\/div>\n<\/div>\n<div class=\"stanga_stire news__image fleft article__marker\">\n<div class=\"news-image__content news__image__item\"><a class=\"news__image\" data-href=\"https:\/\/s2.ziareromania.ro\/?mmid=153c556b29f084b1d3\" data-size=\"914x653\" title=\"\u201eAre 20 de ani de 20 de ani\u201d. Reac\u021bia clubului din Premier League, dup\u0103 acuza\u021biile privind v\u00e2rsta real\u0103 a propriului juc\u0103tor\"><img decoding=\"async\" src=\"https:\/\/tb.ziareromania.ro\/---Are-20-de-ani-de-20-de-ani-----Reac--ia-clubului-din-Premier-League--dup---acuza--iile-privind-v--rsta-real---a-propriului-juc--tor\/153c556b29f084b1d3\/400\/225\/2\/100\/---Are-20-de-ani-de-20-de-ani-----Reac--ia-clubului-din-Premier-League--dup---acuza--iile-privind-v--rsta-real---a-propriului-juc--tor.jpg\" alt=\"\u201eAre 20 de ani de 20 de ani\u201d. Reac\u021bia clubului din Premier League, dup\u0103 acuza\u021biile privind v\u00e2rsta real\u0103 a propriului juc\u0103tor\" title=\"\u201eAre 20 de ani de 20 de ani\u201d. Reac\u021bia clubului din Premier League, dup\u0103 acuza\u021biile privind v\u00e2rsta real\u0103 a propriului juc\u0103tor\" class=\"img-responsive\"><\/a><\/p>\n<div class=\"news__caption\">Malick Yalcouy\u00e9, fotbalist de 20 de ani de la Brighton. Foto: captur\u0103 transmisie Premier League<\/div>\n<\/div>\n<\/div>\n<div class=\"news__content descriere_main article__marker\">\n<p>La 20 de ani, Malick Yalcouy\u00e9 a marcat primul s\u0103u gol \u00een <a href=\"https:\/\/ziare.com\/fotbal\/premier-league\/\" title=\"Premier League\">Premier League<\/a> \u00een meciul de duminic\u0103 dintre <a href=\"https:\/\/ziare.com\/chelsea\/\" title=\"Chelsea\">Chelsea<\/a> \u0219i Brighton. O performan\u021b\u0103 care l-a adus \u00een aten\u021bia internau\u021bilor, care au postat comentarii uneori deplasate cu privire la v\u00e2rsta t\u00e2n\u0103rului mijloca\u0219 ivorian.<\/p>\n<p>\u021ainta ironiilor din cauza aspectului s\u0103u fizic, Malick Yalcouy\u00e9 s-a remarcat duminic\u0103 prin marcarea unui gol magnific \u00eempotriva lui Chelsea, primul s\u0103u gol \u00een Premier League.<\/p>\n<p>Aceast\u0103 realizare a permis echipei Brighton s\u0103 revin\u0103 \u00een joc \u00eentr-un meci \u00een care era condus\u0103 cu 3-0 dup\u0103 32 de minute de joc. Partida s-a \u00eencheiat cu o victorie a echipei \u201eThe Blues\u201d (4-3).<\/p>\n<p>Pe re\u021belele sociale, nu at\u00e2t golul mijloca\u0219ului de 20 de ani a st\u00e2rnit discu\u021bii, c\u00e2t mai degrab\u0103 aspectul s\u0103u fizic. Sub videoclipurile cu golul juc\u0103torului din Coasta de Filde\u0219, numero\u0219i internau\u021bi i-au pus la \u00eendoial\u0103 v\u00e2rsta din cauza cheliei sale. \u201eNu se poate s\u0103 aib\u0103 20 de ani\u201d, \u201eE bunicul cuiva\u201d, \u201eDac\u0103 el are 20 de ani, atunci eu m\u0103 numesc <a href=\"https:\/\/ziare.com\/leo-messi\/\" title=\"Leo Messi\">Leo Messi<\/a>\u201d, \u201eAre 20 de ani de 20 de ani\u201d, se arat\u0103 \u00een comentarii.<\/p>\n<\/div>\n<h2>\u201dDezbatere nes\u0103n\u0103toas\u0103\u201d<\/h2>\n<p>\u00cen fa\u021ba acestor batjocuri, clubul care l-a format, ASEC Mimosas, a decis s\u0103 ia atitudine. Pe contul s\u0103u de X, clubul a distribuit fotografii de arhiv\u0103 cu Yalcouy\u00e9 din perioada \u00een care a evoluat la club, \u00eentre 2018 \u0219i 2023. \u201eS\u0103 ne \u00eendep\u0103rt\u0103m de polemicile inutile \u0219i de dezbaterile nes\u0103n\u0103toase. Imaginile, arhivele \u0219i parcursul lui Malick vorbesc mai bine dec\u00e2t orice specula\u021bii\u201d, se scrie \u00een legend\u0103.<\/p>\n<p>Malick Yalcouy\u00e9 s-a n\u0103scut \u00een Mali pe 18 noiembrie 2005, dar a crescut \u00een Coasta de Filde\u0219. A \u00eenceput s\u0103 joace fotbal \u00een 2010 la centrul de tineret al clubului \u00c9toiles de Sahel Abobo.<\/p>\n<p>\u00cen 2018, s-a al\u0103turat echipei ASEC Mimosas (2018-2023). A debutat ca profesionist la v\u00e2rsta de 18 ani, sub culorile clubului suedez IFK G\u00f6teborg, \u00een februarie 2024. C\u00e2teva luni mai t\u00e2rziu, Brighton l-a achizi\u021bionat pentru cinci milioane de euro. \u00cen ultimele dou\u0103 sezoane, \u201eSeagulls\u201d l-au \u00eemprumutat la Sturm Graz, apoi la Swansea City.<\/p>\n<p>Nu este prima dat\u0103 c\u00e2nd un juc\u0103tor african este acuzat c\u0103 a min\u021bit \u00een privin\u021ba v\u00e2rstei sale. Cu ocazia transferului s\u0103u la <a href=\"https:\/\/ziare.com\/real-madrid\/\" title=\"Real Madrid\">Real Madrid<\/a>, ivorianul Yan Diomand\u00e9, \u00een v\u00e2rst\u0103 de 19 ani, a fost astfel criticat de unii internau\u021bi. Ace\u0219tia considerau c\u0103 a falsificat v\u00e2rsta sa cu scopul de a-\u0219i exagera poten\u021bialul.<\/p>\n","protected":false},"excerpt":{"rendered":"<p>[analyse_image type=&#8221;featured&#8221; src=&#8221;https:\/\/s1.ziareromania.ro\/?mmid=153c556b29f084b1d3&#8243;] \u201eAre 20 de ani de 20 de ani\u201d. Reac\u021bia clubului din Premier League, dup\u0103 acuza\u021biile privind v\u00e2rsta real\u0103 a propriului juc\u0103tor Autor: Iosif Pintilie Luni, 31 August 2026, ora 21:24 1344 citiri Malick Yalcouy\u00e9, fotbalist de 20 de ani de la Brighton. Foto: captur\u0103 transmisie Premier League La 20 de ani, Malick [&hellip;]<\/p>\n","protected":false},"author":1,"featured_media":0,"comment_status":"open","ping_status":"","sticky":false,"template":"","format":"standard","meta":{"footnotes":""},"categories":[89],"tags":[226,22],"class_list":["post-2121509","post","type-post","status-publish","format-standard","hentry","category-romania","tag-crawlmanager","tag-ziare-com"],"_links":{"self":[{"href":"https:\/\/analyse.optim.biz\/index.php?rest_route=\/wp\/v2\/posts\/2121509","targetHints":{"allow":["GET"]}}],"collection":[{"href":"https:\/\/analyse.optim.biz\/index.php?rest_route=\/wp\/v2\/posts"}],"about":[{"href":"https:\/\/analyse.optim.biz\/index.php?rest_route=\/wp\/v2\/types\/post"}],"author":[{"embeddable":true,"href":"https:\/\/analyse.optim.biz\/index.php?rest_route=\/wp\/v2\/users\/1"}],"replies":[{"embeddable":true,"href":"https:\/\/analyse.optim.biz\/index.php?rest_route=%2Fwp%2Fv2%2Fcomments&post=2121509"}],"version-history":[{"count":0,"href":"https:\/\/analyse.optim.biz\/index.php?rest_route=\/wp\/v2\/posts\/2121509\/revisions"}],"wp:attachment":[{"href":"https:\/\/analyse.optim.biz\/index.php?rest_route=%2Fwp%2Fv2%2Fmedia&parent=2121509"}],"wp:term":[{"taxonomy":"category","embeddable":true,"href":"https:\/\/analyse.optim.biz\/index.php?rest_route=%2Fwp%2Fv2%2Fcategories&post=2121509"},{"taxonomy":"post_tag","embeddable":true,"href":"https:\/\/analyse.optim.biz\/index.php?rest_route=%2Fwp%2Fv2%2Ftags&post=2121509"}],"curies":[{"name":"wp","href":"https:\/\/api.w.org\/{rel}","templated":true}]}}