{"id":2121502,"date":"2026-09-01T03:59:34","date_gmt":"2026-09-01T00:59:34","guid":{"rendered":"https:\/\/analyse.optim.biz\/?p=2121502"},"modified":"2026-09-01T03:59:34","modified_gmt":"2026-09-01T00:59:34","slug":"lider-pnl-riscul-iminent-este-suspendarea-lui-nicusor-dan-nu-alegerile-anticipate-obiectivul-imediat-al-aur-si-psd","status":"publish","type":"post","link":"https:\/\/analyse.optim.biz\/?p=2121502","title":{"rendered":"Lider PNL: \u201dRiscul iminent este suspendarea lui Nicu\u0219or Dan, nu alegerile anticipate, obiectivul imediat al AUR \u0219i PSD\u201d"},"content":{"rendered":"<p>[analyse_image type=&#8221;featured&#8221; src=&#8221;https:\/\/s2.ziareromania.ro\/?mmid=691f756b1c1e84812b&#8221;]<\/p>\n<div id=\"article__container\" class=\"news__container news__image__container\">\n<h1 class=\"news__title\" title=\"Lider PNL: \u201dRiscul iminent este suspendarea lui Nicu\u0219or Dan, nu alegerile anticipate, obiectivul imediat al AUR \u0219i PSD\u201d\">Lider PNL: \u201dRiscul iminent este suspendarea lui Nicu\u0219or Dan, nu alegerile anticipate, obiectivul imediat al AUR \u0219i PSD\u201d<\/h1>\n<\/div>\n<div class=\"news__info__content d-flex\">\n<div class=\"d-flex \">\n<div class=\"news__author mar10r\"> Autor: <span><a href=\"https:\/\/ziare.com\/autor\/monica-vasilescu\"> Monica Vasilescu <\/a><\/span><\/div>\n<div class=\"news__publish\">Luni, 31 August 2026, ora 21:10<\/div>\n<\/div>\n<div class=\"news__views\">3049 citiri<\/div>\n<\/div>\n<div class=\"stanga_stire news__image fleft article__marker\">\n<div class=\"news-image__content news__image__item\"><a class=\"news__image\" data-href=\"https:\/\/s1.ziareromania.ro\/?mmid=691f756b1c1e84812b\" data-size=\"1024x682\" title=\"Lider PNL: \u201dRiscul iminent este suspendarea lui Nicu\u0219or Dan, nu alegerile anticipate, obiectivul imediat al AUR \u0219i PSD\u201d\"><img decoding=\"async\" src=\"https:\/\/tb.ziareromania.ro\/Lider-PNL-----Riscul-iminent-este-suspendarea-lui-Nicu--or-Dan--nu-alegerile-anticipate--obiectivul-imediat-al-AUR---i-PSD---\/691f756b1c1e84812b\/400\/225\/2\/100\/Lider-PNL-----Riscul-iminent-este-suspendarea-lui-Nicu--or-Dan--nu-alegerile-anticipate--obiectivul-imediat-al-AUR---i-PSD---.jpg\" alt=\"Lider PNL: \u201dRiscul iminent este suspendarea lui Nicu\u0219or Dan, nu alegerile anticipate, obiectivul imediat al AUR \u0219i PSD\u201d\" title=\"Lider PNL: \u201dRiscul iminent este suspendarea lui Nicu\u0219or Dan, nu alegerile anticipate, obiectivul imediat al AUR \u0219i PSD\u201d\" class=\"img-responsive\"><\/a><\/p>\n<div class=\"news__caption\">Nicu\u0219or Dan, pre\u0219edintele Rom\u00e2niei FOTO Hepta<\/div>\n<\/div>\n<\/div>\n<div class=\"news__content descriere_main article__marker\">\n<p>Premierul pe care pre\u0219edintele Nicu\u0219or Dan l-ar putea desemna \u00een urm\u0103toarele zile va fi pus \u00een fa\u021ba unei misiuni dificile: s\u0103 ob\u021bin\u0103 \u00een Parlament cele 233 de voturi necesare pentru \u00eenvestirea Guvernului \u0219i s\u0103 pun\u0103 cap\u0103t perioadei de instabilitate politic\u0103. \u00cen cazul unui nou e\u0219ec, scenariul alegerilor anticipate ar putea fi luat \u00een calcul de Nicu\u0219or Dan. Constitu\u021bia \u00eei ofer\u0103 pre\u0219edintelui posibilitatea, nu obliga\u021bia, de a dizolva Parlamentul dac\u0103 au fost respinse cel pu\u021bin dou\u0103 solicit\u0103ri de \u00eenvestitur\u0103 \u0219i dup\u0103 ce au trecut 60 de zile de la prima solicitare.<\/p>\n<p>Alexandru Muraru, <a href=\"https:\/\/ziare.com\/politica\/deputat\/\" title=\"deputat\">deputat<\/a>, vicepre\u0219edinte al <a href=\"https:\/\/ziare.com\/pnl\/\" title=\"PNL\">PNL<\/a> \u0219i liderul organiza\u021biei liberale din Ia\u0219i, a spus pentru <strong>Ziare.com<\/strong> c\u0103, \u00een actualul context, anticipatele reprezint\u0103 o posibilitate pentru ie\u0219irea din criz\u0103, dar consider\u0103 c\u0103 pericolul cel mai apropiat este un altul: o eventual\u0103 suspendare a pre\u0219edintelui Nicu\u0219or Dan, demers pe care l-ar viza <a href=\"https:\/\/ziare.com\/psd\/\" title=\"PSD\">PSD<\/a> \u0219i <a href=\"https:\/\/ziare.com\/politica\/aur\/\" title=\"AUR\">AUR<\/a>.<\/p>\n<\/div>\n<h2>\u201e<a href=\"https:\/\/ziare.com\/politica\/psd\/\" title=\"PSD\">PSD<\/a> ne-a adus \u00een aceast\u0103 situa\u021bie \u0219i nu are nicio solu\u021bie de pus \u00een locul dezastrului creat\u201d<\/h2>\n<p>Alexandru Muraru afirm\u0103 c\u0103, \u00een contextul actual, scenariul alegerilor anticipate nu mai pare la fel de \u00eendep\u0103rtat ca \u00een trecut. Deputatul liberal spune \u00eens\u0103 c\u0103 nu \u00ee\u0219i dore\u0219te ca Rom\u00e2nia s\u0103 intre din nou \u00eentr-un proces electoral care ar putea prelungi perioada de instabilitate politic\u0103.<\/p>\n<p>\u201eScenariul alegerilor anticipate, de\u0219i personal \u00eel consideram unul \u00eendep\u0103rtat \u0219i improbabil, \u00eel v\u0103d acum ca o op\u021biune pentru ie\u0219irea din aceast\u0103 criz\u0103, \u00een condi\u021biile \u00een care PSD ne-a adus \u00een aceast\u0103 situa\u021bie \u0219i nu are ast\u0103zi nicio solu\u021bie de pus \u00een locul dezastrului pe care l-au creat. Evident c\u0103 <a href=\"https:\/\/ziare.com\/politica\/pnl\/\" title=\"PNL\">PNL<\/a> nu-\u0219i dore\u0219te acest lucru. Rom\u00e2nia nu este ast\u0103zi \u00een postura \u00een care s\u0103 o ia de la cap\u0103t cu noi alegeri, cu alte luni de zile pierdute \u00een care politicul \u0219i administra\u021bia s\u0103 fie cu g\u00e2ndul la <a href=\"https:\/\/ziare.com\/politica\/campanie\/\" title=\"campanie\">campanie<\/a> \u00een loc s\u0103 caute solu\u021bii pentru ie\u0219irea din criza creat\u0103 de Grindeanu \u0219i extremi\u0219tii de la AUR\u201d, a specificat Alexandru Muraru pentru Ziare.com.<\/p>\n","protected":false},"excerpt":{"rendered":"<p>[analyse_image type=&#8221;featured&#8221; src=&#8221;https:\/\/s2.ziareromania.ro\/?mmid=691f756b1c1e84812b&#8221;] Lider PNL: \u201dRiscul iminent este suspendarea lui Nicu\u0219or Dan, nu alegerile anticipate, obiectivul imediat al AUR \u0219i PSD\u201d Autor: Monica Vasilescu Luni, 31 August 2026, ora 21:10 3049 citiri Nicu\u0219or Dan, pre\u0219edintele Rom\u00e2niei FOTO Hepta Premierul pe care pre\u0219edintele Nicu\u0219or Dan l-ar putea desemna \u00een urm\u0103toarele zile va fi pus \u00een fa\u021ba [&hellip;]<\/p>\n","protected":false},"author":1,"featured_media":0,"comment_status":"open","ping_status":"","sticky":false,"template":"","format":"standard","meta":{"footnotes":""},"categories":[89],"tags":[226,22],"class_list":["post-2121502","post","type-post","status-publish","format-standard","hentry","category-romania","tag-crawlmanager","tag-ziare-com"],"_links":{"self":[{"href":"https:\/\/analyse.optim.biz\/index.php?rest_route=\/wp\/v2\/posts\/2121502","targetHints":{"allow":["GET"]}}],"collection":[{"href":"https:\/\/analyse.optim.biz\/index.php?rest_route=\/wp\/v2\/posts"}],"about":[{"href":"https:\/\/analyse.optim.biz\/index.php?rest_route=\/wp\/v2\/types\/post"}],"author":[{"embeddable":true,"href":"https:\/\/analyse.optim.biz\/index.php?rest_route=\/wp\/v2\/users\/1"}],"replies":[{"embeddable":true,"href":"https:\/\/analyse.optim.biz\/index.php?rest_route=%2Fwp%2Fv2%2Fcomments&post=2121502"}],"version-history":[{"count":0,"href":"https:\/\/analyse.optim.biz\/index.php?rest_route=\/wp\/v2\/posts\/2121502\/revisions"}],"wp:attachment":[{"href":"https:\/\/analyse.optim.biz\/index.php?rest_route=%2Fwp%2Fv2%2Fmedia&parent=2121502"}],"wp:term":[{"taxonomy":"category","embeddable":true,"href":"https:\/\/analyse.optim.biz\/index.php?rest_route=%2Fwp%2Fv2%2Fcategories&post=2121502"},{"taxonomy":"post_tag","embeddable":true,"href":"https:\/\/analyse.optim.biz\/index.php?rest_route=%2Fwp%2Fv2%2Ftags&post=2121502"}],"curies":[{"name":"wp","href":"https:\/\/api.w.org\/{rel}","templated":true}]}}