{"id":2121500,"date":"2026-09-01T03:59:34","date_gmt":"2026-09-01T00:59:34","guid":{"rendered":"https:\/\/analyse.optim.biz\/?p=2121500"},"modified":"2026-09-01T03:59:34","modified_gmt":"2026-09-01T00:59:34","slug":"de-ce-pilotii-nu-au-voie-sa-poarte-barba-lunga-ce-a-dezvaluit-un-studiu-recent","status":"publish","type":"post","link":"https:\/\/analyse.optim.biz\/?p=2121500","title":{"rendered":"De ce pilo\u021bii nu au voie s\u0103 poarte barb\u0103 lung\u0103. Ce a dezv\u0103luit un studiu recent"},"content":{"rendered":"<p>[analyse_image type=&#8221;featured&#8221; src=&#8221;https:\/\/s1.ziareromania.ro\/?mmid=0c0f456b29cb0b353b&#8221;]<\/p>\n<div id=\"article__container\" class=\"news__container news__image__container\">\n<h1 class=\"news__title\" title=\"De ce pilo\u021bii nu au voie s\u0103 poarte barb\u0103 lung\u0103. Ce a dezv\u0103luit un studiu recent\">De ce pilo\u021bii nu au voie s\u0103 poarte barb\u0103 lung\u0103. Ce a dezv\u0103luit un studiu recent<\/h1>\n<\/div>\n<div class=\"news__info__content d-flex\">\n<div class=\"d-flex \">\n<div class=\"news__author mar10r\"> Autor: <span><a href=\"https:\/\/ziare.com\/autor\/andrada-dumitrescu\"> Andrada Dumitrescu <\/a><\/span><\/div>\n<div class=\"news__publish\">Luni, 31 August 2026, ora 21:04<\/div>\n<\/div>\n<div class=\"news__views\">1686 citiri<\/div>\n<\/div>\n<div class=\"stanga_stire news__image fleft article__marker\">\n<div class=\"news-image__content news__image__item\"><a class=\"news__image\" data-href=\"https:\/\/s2.ziareromania.ro\/?mmid=0c0f456b29cb0b353b\" data-size=\"612x408\" title=\"De ce pilo\u021bii nu au voie s\u0103 poarte barb\u0103 lung\u0103. Ce a dezv\u0103luit un studiu recent\"><img decoding=\"async\" src=\"https:\/\/tb.ziareromania.ro\/De-ce-pilo--ii-nu-au-voie-s---poarte-barb---lung----Ce-a-dezv--luit-un-studiu-recent\/0c0f456b29cb0b353b\/400\/225\/2\/100\/De-ce-pilo--ii-nu-au-voie-s---poarte-barb---lung----Ce-a-dezv--luit-un-studiu-recent.jpg\" alt=\"De ce pilo\u021bii nu au voie s\u0103 poarte barb\u0103 lung\u0103. Ce a dezv\u0103luit un studiu recent\" title=\"De ce pilo\u021bii nu au voie s\u0103 poarte barb\u0103 lung\u0103. Ce a dezv\u0103luit un studiu recent\" class=\"img-responsive\"><\/a><\/p>\n<div class=\"news__caption\">pilot de avion foto: pixabay<\/div>\n<\/div>\n<\/div>\n<div class=\"news__content descriere_main article__marker\">\n<p>Dac\u0103 ai zburat frecvent cu avionul, probabil ai remarcat un detaliu: este destul de rar s\u0103 vezi un pilot cu o barb\u0103 lung\u0103. Explica\u021bia are leg\u0103tur\u0103 nu doar cu regulile de imagine \u0219i \u00eengrijire impuse de companiile aeriene, ci \u0219i cu procedurile de siguran\u021b\u0103 din timpul zborului.<\/p>\n<p>Aspectul \u00eengrijit face parte de mult timp din standardele profesionale pentru pilo\u021bi, \u00eens\u0103 barba a reprezentat \u00een special o preocupare \u00een cazul situa\u021biilor de urgen\u021b\u0103. Atunci c\u00e2nd presiunea din cabin\u0103 scade, echipajul trebuie s\u0103 foloseasc\u0103 rapid m\u0103\u0219tile de oxigen. Pentru ca acestea s\u0103 func\u021bioneze corespunz\u0103tor, este important s\u0103 se formeze o etan\u0219are c\u00e2t mai bun\u0103 \u00eentre masc\u0103 \u0219i fa\u021b\u0103.<\/p>\n<p>Firele de p\u0103r din zona acoperit\u0103 de masc\u0103 pot afecta aceast\u0103 etan\u0219are, exist\u00e2nd riscul ca oxigenul s\u0103 nu fie livrat eficient. Problema este analizat\u0103 de speciali\u0219ti \u00eenc\u0103 din anii &#8217;80, iar una dintre cele mai simple solu\u021bii adoptate de companiile aeriene a fost limitarea b\u0103rbii, potrivit <a href=\"https:\/\/tnlive.sk\/domace\/clanok\/1047523-vsimli-ste-si-ze-piloti-takmer-nikdy-nemaju-dlhu-bradu-dovod-suvisi-s-bezpecnostou\" target=\"_blank\" rel=\"nofollow\">TNlive.sk.<\/a><\/p>\n<\/div>\n<p>Astfel, \u00een timp ce o barb\u0103 sau o musta\u021b\u0103 scurt\u0103 \u0219i bine \u00eengrijit\u0103 sunt acceptate \u00een multe cazuri, barba lung\u0103 r\u0103m\u00e2ne interzis\u0103 \u00een numeroase companii aeriene. Totu\u0219i, un studiu realizat \u00een ultimii ani a pus sub semnul \u00eentreb\u0103rii necesitatea acestei reguli.<\/p>\n<p>\u00cen 2018, Air Canada a \u00eenceput o <a href=\"https:\/\/ziare.com\/magazin\/cercetare\/\" title=\"cercetare\">cercetare<\/a> \u00eempreun\u0103 cu Universitatea Simon Fraser pentru a verifica dac\u0103 m\u0103\u0219tile moderne de oxigen sunt \u00eentr-adev\u0103r afectate de prezen\u021ba b\u0103rbii. La studiu au participat at\u00e2t b\u0103rba\u021bi complet b\u0103rbieri\u021bi, c\u00e2t \u0219i persoane cu b\u0103rbi care ajungeau p\u00e2n\u0103 la 40 de centimetri. Rezultatele au fost surprinz\u0103toare: m\u0103\u0219tile de oxigen moderne au reu\u0219it s\u0103 furnizeze oxigen \u00een mod eficient at\u00e2t participan\u021bilor f\u0103r\u0103 barb\u0103, c\u00e2t \u0219i celor cu barb\u0103.<\/p>\n<p>Cu toate acestea, concluziile cercet\u0103rii sugereaz\u0103 c\u0103 tehnologia actual\u0103 ar putea face ca barba s\u0103 nu mai reprezinte aceea\u0219i problem\u0103 pentru utilizarea m\u0103\u0219tilor de oxigen ca \u00een trecut. Pe de alt\u0103 parte, multe companii aeriene continu\u0103 s\u0103 impun\u0103 reguli stricte \u00een privin\u021ba b\u0103rbii pilo\u021bilor, astfel \u00eenc\u00e2t imaginea pilotului cu fa\u021ba ras\u0103 r\u0103m\u00e2ne, \u00een continuare, una familiar\u0103 pasagerilor.<\/p>\n","protected":false},"excerpt":{"rendered":"<p>[analyse_image type=&#8221;featured&#8221; src=&#8221;https:\/\/s1.ziareromania.ro\/?mmid=0c0f456b29cb0b353b&#8221;] De ce pilo\u021bii nu au voie s\u0103 poarte barb\u0103 lung\u0103. Ce a dezv\u0103luit un studiu recent Autor: Andrada Dumitrescu Luni, 31 August 2026, ora 21:04 1686 citiri pilot de avion foto: pixabay Dac\u0103 ai zburat frecvent cu avionul, probabil ai remarcat un detaliu: este destul de rar s\u0103 vezi un pilot cu [&hellip;]<\/p>\n","protected":false},"author":1,"featured_media":0,"comment_status":"open","ping_status":"","sticky":false,"template":"","format":"standard","meta":{"footnotes":""},"categories":[89],"tags":[226,22],"class_list":["post-2121500","post","type-post","status-publish","format-standard","hentry","category-romania","tag-crawlmanager","tag-ziare-com"],"_links":{"self":[{"href":"https:\/\/analyse.optim.biz\/index.php?rest_route=\/wp\/v2\/posts\/2121500","targetHints":{"allow":["GET"]}}],"collection":[{"href":"https:\/\/analyse.optim.biz\/index.php?rest_route=\/wp\/v2\/posts"}],"about":[{"href":"https:\/\/analyse.optim.biz\/index.php?rest_route=\/wp\/v2\/types\/post"}],"author":[{"embeddable":true,"href":"https:\/\/analyse.optim.biz\/index.php?rest_route=\/wp\/v2\/users\/1"}],"replies":[{"embeddable":true,"href":"https:\/\/analyse.optim.biz\/index.php?rest_route=%2Fwp%2Fv2%2Fcomments&post=2121500"}],"version-history":[{"count":0,"href":"https:\/\/analyse.optim.biz\/index.php?rest_route=\/wp\/v2\/posts\/2121500\/revisions"}],"wp:attachment":[{"href":"https:\/\/analyse.optim.biz\/index.php?rest_route=%2Fwp%2Fv2%2Fmedia&parent=2121500"}],"wp:term":[{"taxonomy":"category","embeddable":true,"href":"https:\/\/analyse.optim.biz\/index.php?rest_route=%2Fwp%2Fv2%2Fcategories&post=2121500"},{"taxonomy":"post_tag","embeddable":true,"href":"https:\/\/analyse.optim.biz\/index.php?rest_route=%2Fwp%2Fv2%2Ftags&post=2121500"}],"curies":[{"name":"wp","href":"https:\/\/api.w.org\/{rel}","templated":true}]}}