{"id":2121498,"date":"2026-09-01T03:57:33","date_gmt":"2026-09-01T00:57:33","guid":{"rendered":"https:\/\/analyse.optim.biz\/?p=2121498"},"modified":"2026-09-01T03:57:33","modified_gmt":"2026-09-01T00:57:33","slug":"rogobete-il-acuza-pe-bolojan-ca-isi-asuma-pe-nedrept-constructia-spitalelor-noi-am-fost-la-tot-serialul-nu-doar-la-ultimul-episod-cand-se-taie-panglica","status":"publish","type":"post","link":"https:\/\/analyse.optim.biz\/?p=2121498","title":{"rendered":"Rogobete \u00eel acuz\u0103 pe Bolojan c\u0103 \u00ee\u0219i asum\u0103 pe nedrept construc\u021bia spitalelor noi: &#8220;Am fost la tot serialul, nu doar la ultimul episod, c\u00e2nd se taie panglica&#8221;"},"content":{"rendered":"<p>[analyse_image type=&#8221;featured&#8221; src=&#8221;https:\/\/s2.ziareromania.ro\/?mmid=af8be56b29ee88b478&#8243;]<\/p>\n<div id=\"article__container\" class=\"news__container news__image__container\">\n<h1 class=\"news__title\" title=\"Rogobete \u00eel acuz\u0103 pe Bolojan c\u0103 \u00ee\u0219i asum\u0103 pe nedrept construc\u021bia spitalelor noi: &quot;Am fost la tot serialul, nu doar la ultimul episod, c\u00e2nd se taie panglica&quot;\">Rogobete \u00eel acuz\u0103 pe Bolojan c\u0103 \u00ee\u0219i asum\u0103 pe nedrept construc\u021bia spitalelor noi: &#8220;Am fost la tot serialul, nu doar la ultimul episod, c\u00e2nd se taie panglica&#8221;<\/h1>\n<\/div>\n<div class=\"news__info__content d-flex\">\n<div class=\"d-flex \">\n<div class=\"news__author mar10r\"> Autor: <span><a href=\"https:\/\/ziare.com\/autor\/adrian-zia\"> Adrian Zia <\/a><\/span><\/div>\n<div class=\"news__publish\">Luni, 31 August 2026, ora 21:00<\/div>\n<\/div>\n<div class=\"news__views\">872 citiri<\/div>\n<\/div>\n<div class=\"stanga_stire news__image fleft article__marker\">\n<div class=\"news-image__content news__image__item\"><a class=\"news__image\" data-href=\"https:\/\/s2.ziareromania.ro\/?mmid=af8be56b29ee88b478\" data-size=\"512x347\" title=\"Rogobete \u00eel acuz\u0103 pe Bolojan c\u0103 \u00ee\u0219i asum\u0103 pe nedrept construc\u021bia spitalelor noi: &quot;Am fost la tot serialul, nu doar la ultimul episod, c\u00e2nd se taie panglica&quot;\"><img decoding=\"async\" src=\"https:\/\/tb.ziareromania.ro\/Rogobete---l-acuz---pe-Bolojan-c-------i-asum---pe-nedrept-construc--ia-spitalelor-noi---Am-fost-la-tot-serialul--nu-doar-la-ultimul-episod--c--nd-se-taie-panglica-\/af8be56b29ee88b478\/400\/225\/2\/100\/Rogobete---l-acuz---pe-Bolojan-c-------i-asum---pe-nedrept-construc--ia-spitalelor-noi---Am-fost-la-tot-serialul--nu-doar-la-ultimul-episod--c--nd-se-taie-panglica-.jpg\" alt=\"Rogobete \u00eel acuz\u0103 pe Bolojan c\u0103 \u00ee\u0219i asum\u0103 pe nedrept construc\u021bia spitalelor noi: &quot;Am fost la tot serialul, nu doar la ultimul episod, c\u00e2nd se taie panglica&quot;\" title=\"Rogobete \u00eel acuz\u0103 pe Bolojan c\u0103 \u00ee\u0219i asum\u0103 pe nedrept construc\u021bia spitalelor noi: &quot;Am fost la tot serialul, nu doar la ultimul episod, c\u00e2nd se taie panglica&quot;\" class=\"img-responsive\"><\/a><\/p>\n<div class=\"news__caption\">Rogobete \u00eel acuz\u0103 pe Bolojan c\u0103 \u00ee\u0219i asum\u0103 pe nedrept construc\u021bia spitalelor noi FOTO Facebook\/ Alexandru Rogobete<\/div>\n<\/div>\n<\/div>\n<div class=\"news__content descriere_main article__marker\">\n<p>Fostul ministru al S\u0103n\u0103t\u0103\u021bii, <a href=\"https:\/\/ziare.com\/alexandru-rogobete\/\" title=\"Alexandru Rogobete\">Alexandru Rogobete<\/a>, a declan\u0219at un atac la adresa premierului demis <a href=\"https:\/\/ziare.com\/ilie-bolojan\/\" title=\"Ilie Bolojan\">Ilie Bolojan<\/a>, acuz\u00e2ndu-l c\u0103 \u00eencearc\u0103 s\u0103 \u00ee\u0219i asume pe nedrept meritele pentru spitalele noi construite \u00een \u021bar\u0103. Fostul oficial guvernamental a ar\u0103tat c\u0103 liderul liberal recurge la o strategie de imagine disperat\u0103 din cauza unui bilan\u021b politic dominat exclusiv de blocaje economice \u0219i de t\u0103ieri bugetare.<\/p>\n<p>\u00cen viziunea sa, prezen\u021ba \u0219efului cabinetului demis la festivit\u0103\u021bile de t\u0103iere a panglicilor reprezint\u0103 o tentativ\u0103 flagrant\u0103 de rescriere a istoricului unor investi\u021bii uria\u0219e \u00eencepute \u00eenc\u0103 din anul 2023.<\/p>\n<p>\u201eDomnule Bolojan, spitalele pe care le inaugura\u021bi ast\u0103zi nu s-au construit datorit\u0103 dumneavoastr\u0103! Din cele 22 de \u0219antiere de spitale noi despre care am vorbit at\u00e2\u021bia ani, toate \u00eencepute din 2023, unele \u00eencep, r\u00e2nd pe r\u00e2nd, s\u0103 fie inaugurate. Le \u0219tiu la fiecare virgul\u0103. Le-am coordonat ca secretar de stat \u0219i apoi ca ministru al S\u0103n\u0103t\u0103\u021bii\u201d, a subliniat Alexandru Rogobete prin intermediul unei replici extrem de dure transmise pe pagina sa de <a href=\"https:\/\/ziare.com\/facebook\/\" title=\"Facebook\">Facebook<\/a>.<\/p>\n<\/div>\n<h2>Culisele \u0219antierelor blocate \u0219i goana dup\u0103 fotografii electorale<\/h2>\n<p>Fostul ministru a \u021binut s\u0103 aminteasc\u0103 etapele dificile prin care au trecut aceste proiecte na\u021bionale de infrastructur\u0103 spitaliceasc\u0103, ar\u0103t\u00e2nd c\u0103 munca grea a fost dus\u0103 de echipele tehnice \u00een perioade \u00een care actualul premier demis nici nu f\u0103cea parte din structurile guvernamentale. Rogobete a explicat c\u0103 succesul ridic\u0103rii primelor spitale de dup\u0103 Revolu\u021bie a apar\u021binut exclusiv celor care au gestionat crizele de avize \u0219i finan\u021bare, nu politicienilor care apar doar la final.<\/p>\n<p>\u201eAm fost acolo \u0219i c\u00e2nd erau doar planuri. \u0218i c\u00e2nd lipseau avize. \u0218i c\u00e2nd ap\u0103reau probleme de finan\u021bare. \u0218i c\u00e2nd \u0219antierele aveau nevoie de solu\u021bii. Am fost la tot serialul, nu doar la ultimul episod, c\u00e2nd se taie panglica\u201d, a explicat fostul \u0219ef de la S\u0103n\u0103tate, tax\u00e2nd comportamentul liderului <a href=\"https:\/\/ziare.com\/pnl\/\" title=\"PNL\">PNL<\/a>.<\/p>\n<p>\u00cen continuare, acesta a criticat ipocrizia din spatele vizitelor de lucru din teritoriu.<\/p>\n<p>\u201eObserv \u00eens\u0103 insisten\u021ba premierului demis Ilie Bolojan de a fi prezent la aceste inaugur\u0103ri \u0219i de a-\u0219i lipi imaginea de investi\u021bii la realizarea c\u0103rora nu a avut niciun merit. Probabil c\u00e2nd bilan\u021bul politic este dominat de t\u0103ieri \u0219i blocaje, devine tentant s\u0103 te fotografiezi l\u00e2ng\u0103 ceea ce au construit al\u021bii. Nu, domnule Bolojan! Spitalele acestea au \u00eenceput c\u00e2nd dumneavoastr\u0103 nu era\u021bi \u00een Guvern.<\/p>\n","protected":false},"excerpt":{"rendered":"<p>[analyse_image type=&#8221;featured&#8221; src=&#8221;https:\/\/s2.ziareromania.ro\/?mmid=af8be56b29ee88b478&#8243;] Rogobete \u00eel acuz\u0103 pe Bolojan c\u0103 \u00ee\u0219i asum\u0103 pe nedrept construc\u021bia spitalelor noi: &#8220;Am fost la tot serialul, nu doar la ultimul episod, c\u00e2nd se taie panglica&#8221; Autor: Adrian Zia Luni, 31 August 2026, ora 21:00 872 citiri Rogobete \u00eel acuz\u0103 pe Bolojan c\u0103 \u00ee\u0219i asum\u0103 pe nedrept construc\u021bia spitalelor noi FOTO [&hellip;]<\/p>\n","protected":false},"author":1,"featured_media":0,"comment_status":"open","ping_status":"","sticky":false,"template":"","format":"standard","meta":{"footnotes":""},"categories":[89],"tags":[226,22],"class_list":["post-2121498","post","type-post","status-publish","format-standard","hentry","category-romania","tag-crawlmanager","tag-ziare-com"],"_links":{"self":[{"href":"https:\/\/analyse.optim.biz\/index.php?rest_route=\/wp\/v2\/posts\/2121498","targetHints":{"allow":["GET"]}}],"collection":[{"href":"https:\/\/analyse.optim.biz\/index.php?rest_route=\/wp\/v2\/posts"}],"about":[{"href":"https:\/\/analyse.optim.biz\/index.php?rest_route=\/wp\/v2\/types\/post"}],"author":[{"embeddable":true,"href":"https:\/\/analyse.optim.biz\/index.php?rest_route=\/wp\/v2\/users\/1"}],"replies":[{"embeddable":true,"href":"https:\/\/analyse.optim.biz\/index.php?rest_route=%2Fwp%2Fv2%2Fcomments&post=2121498"}],"version-history":[{"count":0,"href":"https:\/\/analyse.optim.biz\/index.php?rest_route=\/wp\/v2\/posts\/2121498\/revisions"}],"wp:attachment":[{"href":"https:\/\/analyse.optim.biz\/index.php?rest_route=%2Fwp%2Fv2%2Fmedia&parent=2121498"}],"wp:term":[{"taxonomy":"category","embeddable":true,"href":"https:\/\/analyse.optim.biz\/index.php?rest_route=%2Fwp%2Fv2%2Fcategories&post=2121498"},{"taxonomy":"post_tag","embeddable":true,"href":"https:\/\/analyse.optim.biz\/index.php?rest_route=%2Fwp%2Fv2%2Ftags&post=2121498"}],"curies":[{"name":"wp","href":"https:\/\/api.w.org\/{rel}","templated":true}]}}