{"id":2121495,"date":"2026-08-31T17:13:56","date_gmt":"2026-08-31T14:13:56","guid":{"rendered":"https:\/\/analyse.optim.biz\/?p=2121495"},"modified":"2026-08-31T17:13:56","modified_gmt":"2026-08-31T14:13:56","slug":"mozaicul-din-fata-teiului-lui-eminescu-din-iasi-nu-va-mai-fi-refacut-costa-prea-mult-2-000-de-euro-mp-a-fost-distrus-cand-s-au-montat-bordurile","status":"publish","type":"post","link":"https:\/\/analyse.optim.biz\/?p=2121495","title":{"rendered":"Mozaicul din fa\u021ba Teiului lui Eminescu din Ia\u0219i nu va mai fi ref\u0103cut, cost\u0103 prea mult: 2.000 de euro\/mp. A fost distrus c\u00e2nd s-au montat bordurile"},"content":{"rendered":"<p>[analyse_image type=&#8221;featured&#8221; src=&#8221;https:\/\/60m.ro\/wp-content\/uploads\/2026\/08\/mozaic-eminescu-tei1.webp&#8221;]<\/p>\n<div class=\"articleBody\" data-key=\"articleBody\">\nAleea cu mozaic din fa\u021ba bustului lui Mihai Eminescu de l\u00e2ng\u0103 teiul care poart\u0103 numele poetului nu va mai fi ref\u0103cut\u0103, anun\u021b\u0103\u00a0Ziarul de Ia\u0219i.<\/p>\n<p>Strofele\u00a0poeziei\u00a0\u201eDorin\u021b\u0103\u201d vor fi inscrip\u021bionate pe pl\u0103ci din marmur\u0103 care vor fi dispuse \u00een spa\u021biul din jurul teiului, spune Lauren\u021biu Ivan, directorul Serrviciilor Publice Ia\u0219i.<\/p>\n<p>Motivul renun\u021b\u0103rii la refacerea mozaicului este costul foarte mare cerut de firmele de profil \u2013 mult peste 2000 de euro\/mp, valoare estimat\u0103 de societatea condus\u0103 de Lauren\u021biu Ivan.<\/p>\n<p>Cele mai mari lastre din marmur\u0103 existente acum \u00een \u021bar\u0103 au trei metri lungime \u0219i ceva mai mari de un metru pe \u00een\u0103l\u021bime, a mai spus directorul SPI, ad\u0103ug\u00e2nd c\u0103 un contract de achizi\u021bie \u0219i montare a acestora urmeaz\u0103 s\u0103 fie \u00eencheiat \u00een cur\u00e2nd, dup\u0103 identificarea unui furnizor.<\/p>\n<p>Mozaicul inscrip\u021bionat cu ultimele trei strofe ale poeziei men\u021bionate a fost afectat \u00een urma \u00eencerc\u0103rii de refacere a aleii, respectiv de \u00eenlocuire a bordurilor care o m\u0103rginesc.<\/p>\n<p>Un plan de modernizarea Parcului Copou a fost adoptat \u00een \u0219edin\u021ba Consiliului Local din 30 iunie 2023, cu o valoare estimat\u0103 de 26,2 milioane de lei.\n<\/p><\/div>\n<p>[analyse_source url=&#8221;https:\/\/60m.ro\/mozaicul-din-fata-teiului-lui-eminescu-din-iasi-nu-va-mai-fi-refacut-costa-prea-mult-2-000-de-euro-mp-a-fost-distrus-cand-s-au-montat-bordurile\/&#8221;]<\/p>\n","protected":false},"excerpt":{"rendered":"<p>[analyse_image type=&#8221;featured&#8221; src=&#8221;https:\/\/60m.ro\/wp-content\/uploads\/2026\/08\/mozaic-eminescu-tei1.webp&#8221;] Aleea cu mozaic din fa\u021ba bustului lui Mihai Eminescu de l\u00e2ng\u0103 teiul care poart\u0103 numele poetului nu va mai fi ref\u0103cut\u0103, anun\u021b\u0103\u00a0Ziarul de Ia\u0219i. Strofele\u00a0poeziei\u00a0\u201eDorin\u021b\u0103\u201d vor fi inscrip\u021bionate pe pl\u0103ci din marmur\u0103 care vor fi dispuse \u00een spa\u021biul din jurul teiului, spune Lauren\u021biu Ivan, directorul Serrviciilor Publice Ia\u0219i. Motivul renun\u021b\u0103rii la refacerea [&hellip;]<\/p>\n","protected":false},"author":1,"featured_media":0,"comment_status":"open","ping_status":"","sticky":false,"template":"","format":"standard","meta":{"footnotes":""},"categories":[89],"tags":[100,226],"class_list":["post-2121495","post","type-post","status-publish","format-standard","hentry","category-romania","tag-60m-ro","tag-crawlmanager"],"_links":{"self":[{"href":"https:\/\/analyse.optim.biz\/index.php?rest_route=\/wp\/v2\/posts\/2121495","targetHints":{"allow":["GET"]}}],"collection":[{"href":"https:\/\/analyse.optim.biz\/index.php?rest_route=\/wp\/v2\/posts"}],"about":[{"href":"https:\/\/analyse.optim.biz\/index.php?rest_route=\/wp\/v2\/types\/post"}],"author":[{"embeddable":true,"href":"https:\/\/analyse.optim.biz\/index.php?rest_route=\/wp\/v2\/users\/1"}],"replies":[{"embeddable":true,"href":"https:\/\/analyse.optim.biz\/index.php?rest_route=%2Fwp%2Fv2%2Fcomments&post=2121495"}],"version-history":[{"count":0,"href":"https:\/\/analyse.optim.biz\/index.php?rest_route=\/wp\/v2\/posts\/2121495\/revisions"}],"wp:attachment":[{"href":"https:\/\/analyse.optim.biz\/index.php?rest_route=%2Fwp%2Fv2%2Fmedia&parent=2121495"}],"wp:term":[{"taxonomy":"category","embeddable":true,"href":"https:\/\/analyse.optim.biz\/index.php?rest_route=%2Fwp%2Fv2%2Fcategories&post=2121495"},{"taxonomy":"post_tag","embeddable":true,"href":"https:\/\/analyse.optim.biz\/index.php?rest_route=%2Fwp%2Fv2%2Ftags&post=2121495"}],"curies":[{"name":"wp","href":"https:\/\/api.w.org\/{rel}","templated":true}]}}