{"id":2121478,"date":"2026-09-01T03:47:34","date_gmt":"2026-09-01T00:47:34","guid":{"rendered":"https:\/\/analyse.optim.biz\/?p=2121478"},"modified":"2026-09-01T03:47:34","modified_gmt":"2026-09-01T00:47:34","slug":"udmr-neaga-ca-va-sustine-orice-premier-si-isi-mentine-sprijinul-pentru-candidatul-comun-cu-pnl-si-usr-totusi-kelemen-hunor-ii-aduce-un-repros-lui-siegfried-muresan","status":"publish","type":"post","link":"https:\/\/analyse.optim.biz\/?p=2121478","title":{"rendered":"UDMR neag\u0103 c\u0103 va sus\u021bine orice premier \u0219i \u00ee\u0219i men\u021bine sprijinul pentru candidatul comun cu PNL \u0219i USR. Totu\u0219i, Kelemen Hunor \u00eei aduce un repro\u0219 lui Siegfried Mure\u0219an"},"content":{"rendered":"<p>[analyse_image type=&#8221;featured&#8221; src=&#8221;https:\/\/s1.ziareromania.ro\/?mmid=6406756b1bfb0ff87f&#8221;]<\/p>\n<div id=\"article__container\" class=\"news__container news__image__container\">\n<h1 class=\"news__title\" title=\"UDMR neag\u0103 c\u0103 va sus\u021bine orice premier \u0219i \u00ee\u0219i men\u021bine sprijinul pentru candidatul comun cu PNL \u0219i USR. Totu\u0219i, Kelemen Hunor \u00eei aduce un repro\u0219 lui Siegfried Mure\u0219an\">UDMR neag\u0103 c\u0103 va sus\u021bine orice premier \u0219i \u00ee\u0219i men\u021bine sprijinul pentru candidatul comun cu PNL \u0219i USR. Totu\u0219i, Kelemen Hunor \u00eei aduce un repro\u0219 lui Siegfried Mure\u0219an<\/h1>\n<\/div>\n<div class=\"news__info__content d-flex\">\n<div class=\"d-flex \">\n<div class=\"news__author mar10r\"> Autor: <span><a href=\"https:\/\/ziare.com\/autor\/mihai-diac\"> Mihai Diac <\/a><\/span><\/div>\n<div class=\"news__publish\">Luni, 31 August 2026, ora 20:19<\/div>\n<\/div>\n<div class=\"news__views\">1050 citiri<\/div>\n<\/div>\n<div class=\"stanga_stire news__image fleft article__marker\">\n<div class=\"news-image__content news__image__item\"><a class=\"news__image\" data-href=\"https:\/\/s2.ziareromania.ro\/?mmid=6406756b1bfb0ff87f\" data-size=\"1024x768\" title=\"UDMR neag\u0103 c\u0103 va sus\u021bine orice premier \u0219i \u00ee\u0219i men\u021bine sprijinul pentru candidatul comun cu PNL \u0219i USR. Totu\u0219i, Kelemen Hunor \u00eei aduce un repro\u0219 lui Siegfried Mure\u0219an\"><img decoding=\"async\" src=\"https:\/\/tb.ziareromania.ro\/UDMR-neag---c---va-sus--ine-orice-premier---i-----i-men--ine-sprijinul-pentru-candidatul-comun-cu-PNL---i-USR--Totu--i--Kelemen-Hunor---i-aduce-un-repro---lui-Siegfried-Mure--an\/6406756b1bfb0ff87f\/400\/225\/2\/100\/UDMR-neag---c---va-sus--ine-orice-premier---i-----i-men--ine-sprijinul-pentru-candidatul-comun-cu-PNL---i-USR--Totu--i--Kelemen-Hunor---i-aduce-un-repro---lui-Siegfried-Mure--an.jpg\" alt=\"UDMR neag\u0103 c\u0103 va sus\u021bine orice premier \u0219i \u00ee\u0219i men\u021bine sprijinul pentru candidatul comun cu PNL \u0219i USR. Totu\u0219i, Kelemen Hunor \u00eei aduce un repro\u0219 lui Siegfried Mure\u0219an\" title=\"UDMR neag\u0103 c\u0103 va sus\u021bine orice premier \u0219i \u00ee\u0219i men\u021bine sprijinul pentru candidatul comun cu PNL \u0219i USR. Totu\u0219i, Kelemen Hunor \u00eei aduce un repro\u0219 lui Siegfried Mure\u0219an\" class=\"img-responsive\"><\/a><\/p>\n<div class=\"news__caption\">Siegfried Mure\u0219an, Dominic Fritz \u0219i Ilie Bolojan FOTO Facebook \/ Siegfried Mure\u0219an<\/div>\n<\/div>\n<\/div>\n<div class=\"news__content descriere_main article__marker\">\n<p>Liderul <a href=\"https:\/\/ziare.com\/udmr\/\" title=\"UDMR\">UDMR<\/a>, <a href=\"https:\/\/ziare.com\/kelemen-hunor\/\" title=\"Kelemen Hunor\">Kelemen Hunor<\/a>, neag\u0103 informa\u021bia vehiculat\u0103 \u00een spa\u021biul public conform c\u0103reia <a href=\"https:\/\/ziare.com\/politica\/udmr\/\" title=\"UDMR\">UDMR<\/a> ar accepta s\u0103 sus\u021bin\u0103 orice viitor <a href=\"https:\/\/ziare.com\/politica\/premier\/\" title=\"premier\">premier<\/a>, subliniind, \u00een schimb, c\u0103 partidul \u00ee\u0219i men\u021bine sprijinul pentru candidatul comun stabilit \u00eempreun\u0103 cu <a href=\"https:\/\/ziare.com\/pnl\/\" title=\"PNL\">PNL<\/a> \u0219i <a href=\"https:\/\/ziare.com\/usr\/\" title=\"USR\">USR<\/a>.<\/p>\n<p>Kelemen a calificat drept \u201dfic\u021biune\u201d dezv\u0103luirea c\u0103 i-ar fi promis lui <a href=\"https:\/\/ziare.com\/sorin-grindeanu\/\" title=\"Sorin Grindeanu\">Sorin Grindeanu<\/a> sprijin pentru un eventual <a href=\"https:\/\/ziare.com\/politica\/guvern\/\" title=\"guvern\">guvern<\/a><a href=\"https:\/\/ziare.com\/psd\/\" title=\"PSD\">PSD<\/a>, informeaz\u0103 <a href=\"https:\/\/www.g4media.ro\/kelemen-hunor-anunta-ca-udmr-ramane-loial-candidatului-comun-cu-pnl-si-usr-pana-cand-presedintele-nicusor-dan-va-nominaliza-candidatul-la-functia-de-premier-critici-pentru-siegfried-muresan.html\" target=\"_blank\" rel=\"nofollow\">G4 Media<\/a> la data de 31 august 2026.<\/p>\n<\/div>\n<p>Candidatul comun pe care propuseser\u0103 <a href=\"https:\/\/ziare.com\/politica\/pnl\/\" title=\"PNL\">PNL<\/a>, <a href=\"https:\/\/ziare.com\/politica\/usr\/\" title=\"USR\">USR<\/a> \u0219i UDMR pentru func\u021bia de premier fusese Siegfried Mure\u0219an.<\/p>\n<p>Liderul UDMR l-a criticat totu\u0219i pe Siegfried Mure\u0219an pe motiv c\u0103 \u201da disp\u0103rut\u201d de pe scena politic\u0103 dup\u0103 ce a fost propus ca premier. Kelemen sus\u021bine c\u0103 aceast\u0103 situa\u021bie, care dureaz\u0103 de aproape patru luni, este extrem de contraproductiv\u0103, deoarece transmite mesajul c\u0103 politicienii sunt incapabili s\u0103 ajung\u0103 la un <a href=\"https:\/\/ziare.com\/politica\/acord\/\" title=\"acord\">acord<\/a> pentru \u021bar\u0103.<\/p>\n<p>Conform unor \u201esurse politice\u201d pe care le invoca ziarul Adev\u0103rul, Kelemen Hunor <a href=\"https:\/\/ziare.com\/udmr\/decizie-viitor-guvern-2032610\" target=\"_blank\" rel=\"nofollow\">le-ar fi spus lui Sorin Grindeanu \u0219i Ilie Bolojan<\/a> c\u0103 parlamentarii UDMR vor vota pentru candidatul la func\u021bia de prim-ministru propus de pre\u0219edintele Nicu\u0219or Dan, oricine ar fi acest candidat.<\/p>\n<p>Kelemen Hunor dezminte \u00eens\u0103 aceast\u0103 informa\u021bie.<\/p>\n","protected":false},"excerpt":{"rendered":"<p>[analyse_image type=&#8221;featured&#8221; src=&#8221;https:\/\/s1.ziareromania.ro\/?mmid=6406756b1bfb0ff87f&#8221;] UDMR neag\u0103 c\u0103 va sus\u021bine orice premier \u0219i \u00ee\u0219i men\u021bine sprijinul pentru candidatul comun cu PNL \u0219i USR. Totu\u0219i, Kelemen Hunor \u00eei aduce un repro\u0219 lui Siegfried Mure\u0219an Autor: Mihai Diac Luni, 31 August 2026, ora 20:19 1050 citiri Siegfried Mure\u0219an, Dominic Fritz \u0219i Ilie Bolojan FOTO Facebook \/ Siegfried Mure\u0219an Liderul [&hellip;]<\/p>\n","protected":false},"author":1,"featured_media":0,"comment_status":"open","ping_status":"","sticky":false,"template":"","format":"standard","meta":{"footnotes":""},"categories":[89],"tags":[226,22],"class_list":["post-2121478","post","type-post","status-publish","format-standard","hentry","category-romania","tag-crawlmanager","tag-ziare-com"],"_links":{"self":[{"href":"https:\/\/analyse.optim.biz\/index.php?rest_route=\/wp\/v2\/posts\/2121478","targetHints":{"allow":["GET"]}}],"collection":[{"href":"https:\/\/analyse.optim.biz\/index.php?rest_route=\/wp\/v2\/posts"}],"about":[{"href":"https:\/\/analyse.optim.biz\/index.php?rest_route=\/wp\/v2\/types\/post"}],"author":[{"embeddable":true,"href":"https:\/\/analyse.optim.biz\/index.php?rest_route=\/wp\/v2\/users\/1"}],"replies":[{"embeddable":true,"href":"https:\/\/analyse.optim.biz\/index.php?rest_route=%2Fwp%2Fv2%2Fcomments&post=2121478"}],"version-history":[{"count":0,"href":"https:\/\/analyse.optim.biz\/index.php?rest_route=\/wp\/v2\/posts\/2121478\/revisions"}],"wp:attachment":[{"href":"https:\/\/analyse.optim.biz\/index.php?rest_route=%2Fwp%2Fv2%2Fmedia&parent=2121478"}],"wp:term":[{"taxonomy":"category","embeddable":true,"href":"https:\/\/analyse.optim.biz\/index.php?rest_route=%2Fwp%2Fv2%2Fcategories&post=2121478"},{"taxonomy":"post_tag","embeddable":true,"href":"https:\/\/analyse.optim.biz\/index.php?rest_route=%2Fwp%2Fv2%2Ftags&post=2121478"}],"curies":[{"name":"wp","href":"https:\/\/api.w.org\/{rel}","templated":true}]}}