{"id":2121477,"date":"2026-08-31T19:36:27","date_gmt":"2026-08-31T16:36:27","guid":{"rendered":"https:\/\/analyse.optim.biz\/?p=2121477"},"modified":"2026-08-31T19:36:27","modified_gmt":"2026-08-31T16:36:27","slug":"bomba-florin-prunea-acuzatii-explozive-despre-gloria-buzau-a-fost-spalatura-acolo-jaf-o-parte-din-bani-plecau-la-bucuresti-video","status":"publish","type":"post","link":"https:\/\/analyse.optim.biz\/?p=2121477","title":{"rendered":"BOMB\u0102! Florin Prunea, acuza\u021bii explozive despre Gloria Buz\u0103u: \u201eA fost \u00absp\u0103l\u0103tur\u0103\u00bb acolo, jaf. O parte din bani plecau la Bucure\u0219ti\u201d (VIDEO)"},"content":{"rendered":"<p>[analyse_image type=&#8221;featured&#8221; src=&#8221;https:\/\/gazetabuzoiana.ro\/wp-content\/uploads\/2026\/08\/images-3.jpeg&#8221;]<\/p>\n<div class=\"entry-content entry clearfix\">\n<p class=\"wp-block-paragraph\">Florin Prunea, fostul portar al echipei na\u021bionale a Romniei, a f\u0103cut declara\u021bii extrem de dure despre ceea ce sus\u021bine c\u0103 s-ar fi \u00eent\u00e2mplat la Gloria Buz\u0103u, afirm\u00e2nd c\u0103 \u00een jurul echipei s-au cheltuit milioane de euro, c\u0103 o parte dintre bani ar fi plecat la Bucure\u0219ti \u0219i c\u0103 forma\u021bia ar fi fost, \u00een cele din urm\u0103, distrus\u0103 \u0219i dus\u0103 \u00een faliment.<\/p>\n<p class=\"wp-block-paragraph\">Declara\u021biile au fost f\u0103cute, luni, \u00een emisiunea <strong>\u201e\u0218TII CE ZIC LIVE | FLORIN PRUNEA, FA\u021a\u0102 \u00ceN FA\u021a\u0102 CU VIOREL GRIGOROIU\u201d<\/strong>, dup\u0103 ce moderatorul l-a \u00eentrebat pe fostul mare portar ce p\u0103rere are despre dispari\u021bia echipei Gloria Buz\u0103u.<\/p>\n<p class=\"wp-block-paragraph\">Prunea a r\u0103spuns f\u0103r\u0103 menajamente:<em> \u201eE o \u00eentrebare foarte bun\u0103 cu Gloria Buz\u0103u. Acolo a fost jaf la drumul mare.\u201d<\/em><\/p>\n<p class=\"wp-block-paragraph\">El a spus c\u0103 echipa ar fi cheltuit \u00eentr-un singur an peste un milion de euro \u0219i a afirmat c\u0103 o parte din bani ar fi ajuns la Bucure\u0219ti, la o persoan\u0103 pe care nu a nominalizat-o, dar despre care a spus c\u0103 era din Buz\u0103u, l\u0103s\u00e2nd s\u0103 se \u00een\u021beleag\u0103 c\u0103 banii ar fi ajuns la o persoan\u0103 aflat\u0103 \u00een zona Federa\u021biei Rom\u00e2ne de Fotbal, \u00eens\u0103 nu a rostit numele acesteia.<\/p>\n<p class=\"wp-block-paragraph\">\u00cen continuare, Prunea poveste\u0219te un episod \u00een care apar Felix Rache, reprezentantul entit\u0103\u021bii ii private la ASFC Buz\u0103u (Gloria)  \u0219i Cristian Lupu membru fondator al asocia\u021biei sportive respective \u0219i \u0219eful sec\u021biei de fotbal.<\/p>\n<p class=\"wp-block-paragraph\">Potrivit relat\u0103rii lui Prunea, Rache l-ar fi \u00eentrebat pe Lupu c\u00e2t c\u00e2\u0219tig\u0103 lunar. R\u0103spunsul ar fi fost 7.000 de euro. Potrivit relat\u0103rii lui Prunea, Lupu i-ar fi spus lui Rache c\u0103, din cei 7.000 de euro, \u00een m\u00e2n\u0103 \u00eei r\u0103m\u00e2neau mai pu\u021bin de 1.500 de euro:<\/p>\n<p class=\"wp-block-paragraph\"><em>.\u201eP\u0103i, domnul Felix, eu nu iau nici o mie jum\u0103tate \u00een m\u00e2n\u0103\u201d<\/em>, este replica pe care Prunea i-o atribuie lui Lupu, iar de aici, relatarea devine \u0219i mai grav\u0103, deoarece Prunea sus\u021bine c\u0103 Rache l-ar fi \u00eentrebat unde ajunge diferen\u021ba de bani, iar Lupu ar fi r\u0103spuns c\u0103 banii \u201epleac\u0103 la Bucure\u0219ti\u201d. \u00centrebat fiind la cine anume,  potrivit lui Prunea, r\u0103spunsul ar fi fost: <em>\u201eLa cineva de sus, care e de-aicea, din Buz\u0103u.\u201d<\/em><\/p>\n<p class=\"wp-block-paragraph\">Prunea nu a pronun\u021bat numele persoanei respective, dar dac\u0103 este \u201ecineva de sus\u201d, din Buz\u0103u, care este la Bucure\u0219ti\u2026ghici ciuperc\u0103 cine-i? Evident, aceasta este o formulare ironic\u0103, fiindc\u0103 persoana despre care vorbe\u0219te Prunea nu este nominalizat\u0103 \u00een emisiune \u0219i nu poate fi identificat\u0103 responsabil doar din aceast\u0103 relatare.<\/p>\n<p class=\"wp-block-paragraph\">Florin Prunea a continuat spun\u00e2nd: <em> \u201eB\u0103i, acolo, dac\u0103 se duce careva peste ei \u0219i ia actele\u2026\u201d<\/em> Dup\u0103 care a descris situa\u021bia de la Gloria Buz\u0103u \u00een termeni \u0219i mai duri:<em> \u201eB\u0103i, fratele, b\u0103i, au nenorocit echipa.\u201d<\/em><\/p>\n<p class=\"wp-block-paragraph\">Prunea a sus\u021binut c\u0103, dac\u0103 cineva ar analiza documentele clubului \u0219i ar lua la verificat actele care au stat la baza activit\u0103\u021bii financiare, \u201e\u00eei leag\u0103 pe to\u021bi\u201d. Apoi l-a indicat pe Aura\u0219 Bra\u0219oveanu, fost pre\u0219edinte executiv al FC Gloria Buz\u0103u, despre care spune c\u0103 ar putea povesti ce s-a \u00eent\u00e2mplat \u00een interiorul clubului:<\/p>\n<p class=\"wp-block-paragraph\">\u201eS\u0103-\u021bi povesteasc\u0103 \u0103la, Aura\u0219 Bra\u0219oveanu, c\u0103 a fost acolo\u201d, a spus Prunea.  \u0218i, mai departe: <em>\u201eAu b\u0103gat-o \u00een faliment, au distrus-o, frate. Nici nu mai exist\u0103.\u201d<\/em> Dup\u0103 aceea a \u00eencheiat cu una dintre cele mai grave afirma\u021bii din \u00eentreaga relatare: <em>\u201eS-au cheltuit 8 milioane de euro, a fost \u00absp\u0103l\u0103tur\u0103\u00bb, m\u0103, acolo.\u201d<\/em><\/p>\n<p class=\"wp-block-paragraph\">Sunt afirma\u021biile lui Florin Prunea, f\u0103cute public \u00een cadrul emisiunii men\u021bionate mai sus.<\/p>\n<p class=\"wp-block-paragraph\">V\u0103 reamintim c\u0103 Gloria Buz\u0103u a trecut printr-o perioad\u0103 \u00een care clubul a beneficiat de finan\u021b\u0103ri importante din bani publici \u0219i a \u00eencercat s\u0103 revin\u0103 \u00een prim-planul fotbalului rom\u00e2nesc, ajung\u00e2nd inclusiv \u00een Liga 1. La scurt timp, acest succes a fost urmat de pr\u0103bu\u0219irea proiectului, iar echipa de fotbal a ajuns s\u0103 dispar\u0103 din fotbalul profesionist.<\/p>\n<div class=\"post-bottom-meta post-bottom-tags post-tags-modern\">\n<div class=\"post-bottom-meta-title\"> Etichete<\/div>\n<p><span class=\"tagcloud\"><a href=\"https:\/\/gazetabuzoiana.ro\/tag\/as-fc-buzau\/\" rel=\"tag\">AS FC Buz\u0103u<\/a><a href=\"https:\/\/gazetabuzoiana.ro\/tag\/auras-brasoveanu\/\" rel=\"tag\">Aura\u0219 Bra\u0219oveanu<\/a><a href=\"https:\/\/gazetabuzoiana.ro\/tag\/bani-publici\/\" rel=\"tag\">bani publici<\/a><a href=\"https:\/\/gazetabuzoiana.ro\/tag\/buzau-2\/\" rel=\"tag\">Buz\u0103u<\/a><a href=\"https:\/\/gazetabuzoiana.ro\/tag\/cristian-lupu\/\" rel=\"tag\">Cristian Lupu<\/a><a href=\"https:\/\/gazetabuzoiana.ro\/tag\/faliment-gloria-buzau\/\" rel=\"tag\">faliment Gloria Buz\u0103u<\/a><a href=\"https:\/\/gazetabuzoiana.ro\/tag\/federatia-romana-de-fotbal\/\" rel=\"tag\">Federa\u021bia Rom\u00e2n\u0103 de Fotbal<\/a><a href=\"https:\/\/gazetabuzoiana.ro\/tag\/felix-rache\/\" rel=\"tag\">Felix Rache<\/a><a href=\"https:\/\/gazetabuzoiana.ro\/tag\/finantarea-sportului\/\" rel=\"tag\">finan\u021barea sportului<\/a><a href=\"https:\/\/gazetabuzoiana.ro\/tag\/florin-prunea\/\" rel=\"tag\">Florin Prunea<\/a><a href=\"https:\/\/gazetabuzoiana.ro\/tag\/fotbal-buzoian\/\" rel=\"tag\">fotbal buzoian<\/a><a href=\"https:\/\/gazetabuzoiana.ro\/tag\/fotbal-romanesc\/\" rel=\"tag\">fotbal rom\u00e2nesc<\/a><a href=\"https:\/\/gazetabuzoiana.ro\/tag\/frf\/\" rel=\"tag\">FRF<\/a><a href=\"https:\/\/gazetabuzoiana.ro\/tag\/gloria-buzau-2\/\" rel=\"tag\">Gloria Buz\u0103u<\/a><a href=\"https:\/\/gazetabuzoiana.ro\/tag\/liga-1\/\" rel=\"tag\">Liga 1<\/a><a href=\"https:\/\/gazetabuzoiana.ro\/tag\/liga-2\/\" rel=\"tag\">Liga 2<\/a><a href=\"https:\/\/gazetabuzoiana.ro\/tag\/scm-gloria-buzau\/\" rel=\"tag\">SCM Gloria Buz\u0103u<\/a><\/span><\/div>\n<\/div>\n<p>[analyse_source url=&#8221;https:\/\/gazetabuzoiana.ro\/2026\/08\/31\/bomba-florin-prunea-acuzatii-explozive-despre-gloria-buzau-a-fost-spalatura-acolo-jaf-o-parte-din-bani-plecau-la-bucuresti-video\/&#8221;]<\/p>\n","protected":false},"excerpt":{"rendered":"<p>[analyse_image type=&#8221;featured&#8221; src=&#8221;https:\/\/gazetabuzoiana.ro\/wp-content\/uploads\/2026\/08\/images-3.jpeg&#8221;] Florin Prunea, fostul portar al echipei na\u021bionale a Romniei, a f\u0103cut declara\u021bii extrem de dure despre ceea ce sus\u021bine c\u0103 s-ar fi \u00eent\u00e2mplat la Gloria Buz\u0103u, afirm\u00e2nd c\u0103 \u00een jurul echipei s-au cheltuit milioane de euro, c\u0103 o parte dintre bani ar fi plecat la Bucure\u0219ti \u0219i c\u0103 forma\u021bia ar fi fost, [&hellip;]<\/p>\n","protected":false},"author":1,"featured_media":0,"comment_status":"open","ping_status":"","sticky":false,"template":"","format":"standard","meta":{"footnotes":""},"categories":[2],"tags":[226,38],"class_list":["post-2121477","post","type-post","status-publish","format-standard","hentry","category-politics","tag-crawlmanager","tag-gazetabuzoiana-ro"],"_links":{"self":[{"href":"https:\/\/analyse.optim.biz\/index.php?rest_route=\/wp\/v2\/posts\/2121477","targetHints":{"allow":["GET"]}}],"collection":[{"href":"https:\/\/analyse.optim.biz\/index.php?rest_route=\/wp\/v2\/posts"}],"about":[{"href":"https:\/\/analyse.optim.biz\/index.php?rest_route=\/wp\/v2\/types\/post"}],"author":[{"embeddable":true,"href":"https:\/\/analyse.optim.biz\/index.php?rest_route=\/wp\/v2\/users\/1"}],"replies":[{"embeddable":true,"href":"https:\/\/analyse.optim.biz\/index.php?rest_route=%2Fwp%2Fv2%2Fcomments&post=2121477"}],"version-history":[{"count":0,"href":"https:\/\/analyse.optim.biz\/index.php?rest_route=\/wp\/v2\/posts\/2121477\/revisions"}],"wp:attachment":[{"href":"https:\/\/analyse.optim.biz\/index.php?rest_route=%2Fwp%2Fv2%2Fmedia&parent=2121477"}],"wp:term":[{"taxonomy":"category","embeddable":true,"href":"https:\/\/analyse.optim.biz\/index.php?rest_route=%2Fwp%2Fv2%2Fcategories&post=2121477"},{"taxonomy":"post_tag","embeddable":true,"href":"https:\/\/analyse.optim.biz\/index.php?rest_route=%2Fwp%2Fv2%2Ftags&post=2121477"}],"curies":[{"name":"wp","href":"https:\/\/api.w.org\/{rel}","templated":true}]}}