{"id":2121475,"date":"2026-09-01T03:47:26","date_gmt":"2026-09-01T00:47:26","guid":{"rendered":"https:\/\/analyse.optim.biz\/?p=2121475"},"modified":"2026-09-01T03:47:26","modified_gmt":"2026-09-01T00:47:26","slug":"1-septembrie-inceputul-anului-bisericesc-traditiile-si-superstitiile-respectate-in-aceasta-zi","status":"publish","type":"post","link":"https:\/\/analyse.optim.biz\/?p=2121475","title":{"rendered":"1 septembrie, \u00eenceputul Anului Bisericesc. Tradi\u021biile \u0219i supersti\u021biile respectate \u00een aceast\u0103 zi"},"content":{"rendered":"<p>[analyse_image type=&#8221;featured&#8221; src=&#8221;https:\/\/s2.ziareromania.ro\/?mmid=a1f3356b0c6e004970&#8243;]<\/p>\n<div id=\"article__container\" class=\"news__container news__image__container\">\n<h1 class=\"news__title\" title=\"1 septembrie, \u00eenceputul Anului Bisericesc. Tradi\u021biile \u0219i supersti\u021biile respectate \u00een aceast\u0103 zi\">1 septembrie, \u00eenceputul Anului Bisericesc. Tradi\u021biile \u0219i supersti\u021biile respectate \u00een aceast\u0103 zi<\/h1>\n<\/div>\n<div class=\"news__info__content d-flex\">\n<div class=\"d-flex \">\n<div class=\"news__author mar10r\"> Autor: <span><a href=\"https:\/\/ziare.com\/autor\/andrada-dumitrescu\"> Andrada Dumitrescu <\/a><\/span><\/div>\n<div class=\"news__publish\">Luni, 31 August 2026, ora 20:09<\/div>\n<\/div>\n<div class=\"news__views\">1629 citiri<\/div>\n<\/div>\n<div class=\"stanga_stire news__image fleft article__marker\">\n<div class=\"news-image__content news__image__item\"><a class=\"news__image\" data-href=\"https:\/\/s2.ziareromania.ro\/?mmid=a1f3356b0c6e004970\" data-size=\"1024x664\" title=\"1 septembrie, \u00eenceputul Anului Bisericesc. Tradi\u021biile \u0219i supersti\u021biile respectate \u00een aceast\u0103 zi\"><img decoding=\"async\" src=\"https:\/\/tb.ziareromania.ro\/1-septembrie----nceputul-Anului-Bisericesc--Tradi--iile---i-supersti--iile-respectate---n-aceast---zi\/a1f3356b0c6e004970\/400\/225\/2\/100\/1-septembrie----nceputul-Anului-Bisericesc--Tradi--iile---i-supersti--iile-respectate---n-aceast---zi.jpg\" alt=\"1 septembrie, \u00eenceputul Anului Bisericesc. Tradi\u021biile \u0219i supersti\u021biile respectate \u00een aceast\u0103 zi\" title=\"1 septembrie, \u00eenceputul Anului Bisericesc. Tradi\u021biile \u0219i supersti\u021biile respectate \u00een aceast\u0103 zi\" class=\"img-responsive\"><\/a><\/p>\n<div class=\"news__caption\">\u00cencepe anul bisericesc FOTO \/Pexels<\/div>\n<\/div>\n<\/div>\n<div class=\"news__content descriere_main article__marker\">\n<p>Pentru cre\u0219tinii ortodoc\u0219i, 1 septembrie nu reprezint\u0103 doar \u00eenceputul toamnei, ci \u0219i debutul unui nou an liturgic. Anul Bisericesc \u00eencepe \u00een aceast\u0103 zi \u0219i se \u00eencheie pe 31 august, spre deosebire de anul calendaristic, care are ca prim\u0103 zi data de 1 ianuarie.<\/p>\n<p>Data are o semnifica\u021bie important\u0103 \u00een calendarul ortodox \u0219i este asociat\u0103 cu \u00eenceputul propov\u0103duirii Evangheliei de c\u0103tre M\u00e2ntuitorul Iisus Hristos.<\/p>\n<p>Anul Bisericesc este \u00eent\u00e2mpinat \u0219i la Catedrala Na\u021bional\u0103 printr-o slujb\u0103 de Te Deum. Potrivit programului Patriarhiei Rom\u00e2ne, aceasta va avea loc mar\u021bi, 1 septembrie, \u00eentre orele 10:00 \u0219i 10:30, \u00een interiorul Catedralei Na\u021bionale, \u00een cadrul \u00cent\u00e2lnirii Interna\u021bionale a Tinerilor Ortodoc\u0219i.<\/p>\n<h2>Ce tradi\u021bii \u0219i supersti\u021bii sunt legate de 1 septembrie<\/h2>\n<p>\u00cen cultura popular\u0103 rom\u00e2neasc\u0103, prima zi a Anului Bisericesc a fost asociat\u0103 de-a lungul timpului cu mai multe credin\u021be. Unele dintre ele se refer\u0103 la vremea din perioada urm\u0103toare, \u00een timp ce altele sunt legate de protec\u021bia gospod\u0103riei \u0219i de \u00eendep\u0103rtarea ghinionului. Una dintre credin\u021bele p\u0103strate \u00een unele zone spune c\u0103 vremea din prima zi a anului bisericesc poate indica felul \u00een care va fi vremea \u00een perioada urm\u0103toare. Se spune c\u0103, dac\u0103 plou\u0103 pe 1 septembrie, prim\u0103vara urm\u0103toare ar urma s\u0103 fie una ploioas\u0103.<\/p>\n<\/div>\n<p>O alt\u0103 supersti\u021bie spune c\u0103 \u00een aceast\u0103 zi ar trebui evitate treburile casnice. Potrivit credin\u021bei populare, munca \u00een gospod\u0103rie ar putea atrage vreme rea, precum tunete, fulgere sau tr\u0103snete.<\/p>\n<p>Tot \u00een anumite regiuni exist\u0103 obiceiul ca oamenii s\u0103 poarte hainele pe dos \u00een aceast\u0103 zi, gest despre care se spune c\u0103 \u00eei poate proteja de ghinion \u0219i de spiritele rele. Este important de precizat c\u0103 astfel de practici apar\u021bin tradi\u021biei populare \u0219i nu reprezint\u0103 reguli sau recomand\u0103ri oficiale ale Bisericii Ortodoxe.<\/p>\n<h2>Ce sfin\u021bi sunt s\u0103rb\u0103tori\u021bi pe 1 septembrie<\/h2>\n<p>Prima zi a Anului Bisericesc este dedicat\u0103 \u0219i unor sfin\u021bi importan\u021bi. \u00cen calendarul ortodox este pomenit Sf\u00e2ntul Cuvios Dionisie Exiguul, c\u0103lug\u0103r originar din Scythia Minor, teritoriul Dobrogei de ast\u0103zi. \u00cen aceea\u0219i zi este pr\u0103znuit \u0219i Sf\u00e2ntul Cuvios Simeon St\u00e2lpnicul.<\/p>\n<p>Dionisie Exiguul este cunoscut nu doar pentru activitatea sa religioas\u0103, ci \u0219i pentru contribu\u021bia pe care a avut-o la modul \u00een care este calculat timpul \u00een era cre\u0219tin\u0103. El a renun\u021bat la sistemul de num\u0103rare a anilor bazat pe domnia \u00eemp\u0103ratului Diocle\u021bian \u0219i a propus ca ace\u0219tia s\u0103 fie calcula\u021bi pornind de la Na\u0219terea lui Iisus Hristos. Ideea sa a stat la baza erei cre\u0219tine folosite \u00een prezent \u00een numeroase \u021b\u0103ri din \u00eentreaga lume.<\/p>\n","protected":false},"excerpt":{"rendered":"<p>[analyse_image type=&#8221;featured&#8221; src=&#8221;https:\/\/s2.ziareromania.ro\/?mmid=a1f3356b0c6e004970&#8243;] 1 septembrie, \u00eenceputul Anului Bisericesc. Tradi\u021biile \u0219i supersti\u021biile respectate \u00een aceast\u0103 zi Autor: Andrada Dumitrescu Luni, 31 August 2026, ora 20:09 1629 citiri \u00cencepe anul bisericesc FOTO \/Pexels Pentru cre\u0219tinii ortodoc\u0219i, 1 septembrie nu reprezint\u0103 doar \u00eenceputul toamnei, ci \u0219i debutul unui nou an liturgic. Anul Bisericesc \u00eencepe \u00een aceast\u0103 zi \u0219i [&hellip;]<\/p>\n","protected":false},"author":1,"featured_media":0,"comment_status":"open","ping_status":"","sticky":false,"template":"","format":"standard","meta":{"footnotes":""},"categories":[89],"tags":[226,22],"class_list":["post-2121475","post","type-post","status-publish","format-standard","hentry","category-romania","tag-crawlmanager","tag-ziare-com"],"_links":{"self":[{"href":"https:\/\/analyse.optim.biz\/index.php?rest_route=\/wp\/v2\/posts\/2121475","targetHints":{"allow":["GET"]}}],"collection":[{"href":"https:\/\/analyse.optim.biz\/index.php?rest_route=\/wp\/v2\/posts"}],"about":[{"href":"https:\/\/analyse.optim.biz\/index.php?rest_route=\/wp\/v2\/types\/post"}],"author":[{"embeddable":true,"href":"https:\/\/analyse.optim.biz\/index.php?rest_route=\/wp\/v2\/users\/1"}],"replies":[{"embeddable":true,"href":"https:\/\/analyse.optim.biz\/index.php?rest_route=%2Fwp%2Fv2%2Fcomments&post=2121475"}],"version-history":[{"count":0,"href":"https:\/\/analyse.optim.biz\/index.php?rest_route=\/wp\/v2\/posts\/2121475\/revisions"}],"wp:attachment":[{"href":"https:\/\/analyse.optim.biz\/index.php?rest_route=%2Fwp%2Fv2%2Fmedia&parent=2121475"}],"wp:term":[{"taxonomy":"category","embeddable":true,"href":"https:\/\/analyse.optim.biz\/index.php?rest_route=%2Fwp%2Fv2%2Fcategories&post=2121475"},{"taxonomy":"post_tag","embeddable":true,"href":"https:\/\/analyse.optim.biz\/index.php?rest_route=%2Fwp%2Fv2%2Ftags&post=2121475"}],"curies":[{"name":"wp","href":"https:\/\/api.w.org\/{rel}","templated":true}]}}