{"id":212144,"date":"2014-02-17T16:08:59","date_gmt":"2014-02-17T13:08:59","guid":{"rendered":"https:\/\/analyse.optim.biz\/?p=212144"},"modified":"2014-02-17T16:08:59","modified_gmt":"2014-02-17T13:08:59","slug":"razboi-in-comisia-juridica-propunerea-liberalilor-in-privinta-legii-amnistiei-a-fost-respinsa","status":"publish","type":"post","link":"https:\/\/analyse.optim.biz\/?p=212144","title":{"rendered":"R\u0103zboi \u00een comisia juridic\u0103. Propunerea liberalilor \u00een privin\u021ba legii amnistiei a fost respins\u0103"},"content":{"rendered":"<div class=\"entry data-app-meta data-app-meta-article\" data-embed-base-url-canonical=\"https:\/\/www.digi24.ro\/embed\/stiri\/actualitate\/politica\/razboi-in-comisia-juridica-propunerea-liberalilor-in-privinta-legii-amnistiei-a-fost-respinsa-201601\">\n<p data-index=\"1\">\u201e\u00cen comisia juridic\u0103 s-au dat ast\u0103zi dou\u0103 voturi \u00een care reprezentan\u021bii PNL au fost \u00een minoritate: Votul pentru ridicarea imunit\u0103\u021bii lui Vlad Cosma, unde reprezenta\u021bii PNL au votat pentru, 13 au fost \u00eempotriv\u0103. 2. Solicitarea pe care tot \u00een comisia juridic\u0103 au f\u0103cut-o deputa\u021bii liberali \u0219i anume ca legea amnistiei s\u0103 fie adus\u0103 pe ordinea de zi \u0219i respins\u0103 pentru a \u00eenchide acest capitol. \u0218i aceast\u0103 solicitare nu a \u00eentrunit majoritatea. Am avut acela\u0219i num\u0103r \u2013 \u0219ase voturi plus \u00eenc\u0103 unul, 13 \u00eempotriv\u0103\u201d, a anun\u021bat liderul liberal, <strong>Crin Antonescu.<\/strong><\/p>\n<p data-index=\"2\">Anterior, pre\u0219edintele PNL declara c\u0103 a convenit cu colegii s\u0103i din comisia juridic\u0103 s\u0103 aduc\u0103 pe ordinea de zi proiectul de lege pentru amnistiere, astfel \u00eenc\u00e2t s\u0103 ajung\u0103 \u00een plen \u0219i s\u0103 fie respins, \u201epentru ca s\u0103 nu mai planeze asupra Parlamentului \u0219i a coali\u021biei o tem\u0103 fals\u0103, c\u0103 ar dori, prin demers legislativ, (&#8230;) s\u0103 ridice deasupra legii colegi parlamentari sau demnitari\u201d.<\/p>\n<p data-index=\"3\">Chiar \u0219i premierul <strong>Victor Ponta<\/strong> a spuns c\u0103 legea trebuie respins\u0103 \u00een plen \u0219i \u00een acest fel s\u0103 se renun\u021be la ea. Cu toate acestea, deputa\u021bii PSD au dat azi vot negativ \u00een comisia juridic\u0103 propunerii ca proiectul de lege s\u0103 fie luat din nou \u00een discu\u021bie.<\/p>\n<p data-index=\"4\">Proiectul de lege prevedea amnistierea infrac\u0163iunilor cu pedepse mai mici de \u0219apte ani.\u00a0<a href=\"https:\/\/www.digi24.ro\/Stiri\/Digi24\/Actualitate\/Stiri\/Soarta+legii+amnistiei+se+decide+astazi+in+Camera+Deputatilor\" target=\"\" data-skip-linkfix=\"1\" rel=\"noopener\">\u00a0Legea a generat o serie de controverse<\/a>\u00a0dup\u0103 ce a fost adoptat\u0103 \u00een Comisia juridic\u0103 a Camerei, la miezul nop\u0163ii, \u00eentr-o \u015fedin\u0163\u0103 secret\u0103, \u015fi introdus\u0103 apoi pe ordinea de zi a plenului.<\/p>\n<h5>Cum explic\u0103 Valeriu Zgonea<\/h5>\n<p data-index=\"5\">Pre\u0219edintele Camerei Deputa\u021bilor, <strong>Valeriu Zgonea<\/strong>, sus\u021bine c\u0103 proiectul de lege nu a fost niciodat\u0103 scos de pe ordinea de zi, dar deputa\u021bii sunt \u00een a\u0219teptarea unor inform\u0103ri suplimentare din partea Ministerului Justi\u021biei. Inform\u0103rile se refer\u0103 la situa\u021bia amnistiei \u0219i gra\u021bierilor \u00een Uniunea European\u0103.<\/p>\n<p data-index=\"6\">Potrivit lui Zgonea, aceste solicit\u0103ri au fost transmise ministerului de dou\u0103 luni, dar ministerul \u201ea uitat\u201d s\u0103 trimit\u0103 informa\u021biile cerute.<\/p>\n<p data-index=\"7\">Pre\u0219edintele Camerei sus\u021bine c\u0103 i-a reamintit despre aceasta chiar ast\u0103zi ministrului Justi\u021biei, <strong>Robert Cazanciuc<\/strong>, care a venit ast\u0103zi \u00een Parlament.<\/p>\n<p data-index=\"8\">\u201eAsculta\u021bi-m\u0103 pu\u021bin, i-am explicat \u0219i dlui prim-ministru Victor Ponta. Am avut o discu\u021bie \u00een decembrie prin care am cerut ministrului Justi\u021biei, l-am informat ast\u0103zi, c\u00e2nd a venit cu noul secretar de stat, c\u0103 \u00eei voi rescrie, pentru c\u0103 au trecut mai multe&#8230;aproape luni&#8230;se fac dou\u0103 luni. Domnul ministru mi-a promis la momentul respectiv c\u0103 va informa Parlamentul Rom\u00e2niei \u0219i va veni cu \u00cenalta Curte, cu CSM, cu colegii de la Parchetul General \u0219i vor discuta punctual situa\u021bia amnistiei \u0219i gra\u021bierii \u00een toat\u0103 Europa, situa\u021bia de la Administra\u021bia Penitenciarelor, \u0219i dac\u0103 exist\u0103 o oportunitate pentru promovarea ei&#8230;\u201d, a declarat luni Valeriu Zgonea.<\/p>\n<p data-index=\"9\">\u201eP\u00e2n\u0103 atunci, acest proiect este a\u0219a cum sunt \u0219i celelalte 294 de proiecte cu termen dep\u0103\u0219it, este un proiect de lege cu termen dep\u0103\u0219it la camera decizional\u0103\u201d, a precizat Zgonea.<\/p>\n<p data-index=\"10\">El a mai spus c\u0103 legea va fi p\u0103strat\u0103 la Camer\u0103 p\u00e2n\u0103 c\u00e2nd Guvernul va da semnalul c\u0103 proiectul trebuie respins: \u201eNu este pus pe ordinea de zi. Dac\u0103 Guvernul spune domnule, ce-a\u021bi propus acolo, dup\u0103 modificarea Codului Penal, trebuie s\u0103 fie respins, atunci to\u021bi colegii de la comisia juridic\u0103 \u00eel vor respinge. Dar a\u0219a, ne-am luat un angajament to\u021bi \u0219i Uniunea Social-Liberal\u0103 \u00een acel moment, c\u0103 cerem un punct de vedere Guvernului, care trebuia s\u0103 fac\u0103 aceast\u0103 chestiune c\u00e2nd se schimb\u0103 cele dou\u0103 Coduri&#8230; A\u0219a, o p\u0103str\u0103m, deci s\u0103 nu mai cre\u0103m evenimente care \u00eei plac unuia sau altuia, c\u0103 dau bine la pres\u0103. Ne-am p\u0103strat un angajament, a\u0219tept de la Ministerul Justi\u021biei s\u0103-\u0219i p\u0103streze promisiunea fa\u021b\u0103 de Parlament. Dl Cazanciuc mi-a promis c\u0103 \u00een cel mai scurt timp vor veni \u0219i datele de la Administra\u021bia Na\u021bional\u0103 a Penitenciarelor \u0219i compara\u021biile \u00een celelalte sisteme\u201d, a punctat Valeriu Zgonea.<\/p>\n<\/div>\n<p> Source URL: https:\/\/www.digi24.ro\/stiri\/actualitate\/politica\/razboi-in-comisia-juridica-propunerea-liberalilor-in-privinta-legii-amnistiei-a-fost-respinsa-201601<\/p>\n","protected":false},"excerpt":{"rendered":"<p>\u201e\u00cen comisia juridic\u0103 s-au dat ast\u0103zi dou\u0103 voturi \u00een care reprezentan\u021bii PNL au fost \u00een minoritate: Votul pentru ridicarea imunit\u0103\u021bii lui Vlad Cosma, unde reprezenta\u021bii PNL au votat pentru, 13 au fost \u00eempotriv\u0103. 2. Solicitarea pe care tot \u00een comisia juridic\u0103 au f\u0103cut-o deputa\u021bii liberali \u0219i anume ca legea amnistiei s\u0103 fie adus\u0103 pe ordinea [&hellip;]<\/p>\n","protected":false},"author":1,"featured_media":212145,"comment_status":"open","ping_status":"","sticky":false,"template":"","format":"standard","meta":{"footnotes":""},"categories":[2],"tags":[11],"class_list":["post-212144","post","type-post","status-publish","format-standard","has-post-thumbnail","hentry","category-politics","tag-digi24"],"_links":{"self":[{"href":"https:\/\/analyse.optim.biz\/index.php?rest_route=\/wp\/v2\/posts\/212144","targetHints":{"allow":["GET"]}}],"collection":[{"href":"https:\/\/analyse.optim.biz\/index.php?rest_route=\/wp\/v2\/posts"}],"about":[{"href":"https:\/\/analyse.optim.biz\/index.php?rest_route=\/wp\/v2\/types\/post"}],"author":[{"embeddable":true,"href":"https:\/\/analyse.optim.biz\/index.php?rest_route=\/wp\/v2\/users\/1"}],"replies":[{"embeddable":true,"href":"https:\/\/analyse.optim.biz\/index.php?rest_route=%2Fwp%2Fv2%2Fcomments&post=212144"}],"version-history":[{"count":0,"href":"https:\/\/analyse.optim.biz\/index.php?rest_route=\/wp\/v2\/posts\/212144\/revisions"}],"wp:featuredmedia":[{"embeddable":true,"href":"https:\/\/analyse.optim.biz\/index.php?rest_route=\/wp\/v2\/media\/212145"}],"wp:attachment":[{"href":"https:\/\/analyse.optim.biz\/index.php?rest_route=%2Fwp%2Fv2%2Fmedia&parent=212144"}],"wp:term":[{"taxonomy":"category","embeddable":true,"href":"https:\/\/analyse.optim.biz\/index.php?rest_route=%2Fwp%2Fv2%2Fcategories&post=212144"},{"taxonomy":"post_tag","embeddable":true,"href":"https:\/\/analyse.optim.biz\/index.php?rest_route=%2Fwp%2Fv2%2Ftags&post=212144"}],"curies":[{"name":"wp","href":"https:\/\/api.w.org\/{rel}","templated":true}]}}