{"id":212141,"date":"2014-02-13T14:24:02","date_gmt":"2014-02-13T11:24:02","guid":{"rendered":"https:\/\/analyse.optim.biz\/?p=212141"},"modified":"2014-02-13T14:24:02","modified_gmt":"2014-02-13T11:24:02","slug":"victor-ponta-spune-ca-doreste-continuarea-guvernarii-in-formula-usl","status":"publish","type":"post","link":"https:\/\/analyse.optim.biz\/?p=212141","title":{"rendered":"Victor Ponta spune c\u0103 dore\u015fte continuarea guvern\u0103rii \u201e\u00een formula USL\u201d"},"content":{"rendered":"<div class=\"entry data-app-meta data-app-meta-article\" data-embed-base-url-canonical=\"https:\/\/www.digi24.ro\/embed\/stiri\/actualitate\/politica\/victor-ponta-spune-ca-doreste-continuarea-guvernarii-in-formula-usl-199822\">\n<p data-index=\"1\"><img decoding=\"async\" src=\"https:\/\/analyse.optim.biz\/wp-content\/uploads\/2024\/09\/nwu3mgvkodyxmzbln2yyyju5mgjjngi4zjg-thumb_.jpg\" data-skip-htmlfix=\"1\" title=\"nwu3mgvkodyxmzbln2yyyju5mgjjngi4zjg-thumb_\"><\/p>\n<p data-index=\"2\"><em><strong>Victor Ponta \/ Foto: Mediafax<\/strong><\/em><\/p>\n<p data-index=\"3\">El a mai spus, la un post de televiziune, c\u0103 \u201esemin\u0163ele dezbin\u0103rii\u201d s\u0103dite de pre\u0219edintele Traian B\u0103sescu \u00een min\u0163ile unora prind roade, informeaz\u0103 Mediafax.<\/p>\n<p data-index=\"4\">\u201eVreau, \u00een acela\u015fi timp,s\u0103 fim to\u0163i la guvernare, nu doar diminea\u0163a \u015fi dup\u0103-masa, iar seara unii s\u0103 fie \u00een opozi\u0163ie, deoarece a\u015fa s-a \u00eent\u00e2mplat \u00een cazul CDR \u015fi al Alian\u0163ei D.A. \u015fi lucrurile nu s-au terminat cu bine\u201d, a<strong> Victor Ponta<\/strong>.<\/p>\n<p data-index=\"5\">El a mai afirmat c\u0103 acele persoane care vorbesc despre ruperea USL fac jocul lui\u00a0<strong>Traian B\u0103sescu<\/strong>.<\/p>\n<p data-index=\"6\">Victor Ponta a spus c\u0103 inten\u0163ioneaz\u0103 s\u0103 aib\u0103 o nou\u0103 \u00eent\u00e2lnire cu\u00a0Crin Antonescu, atunci c\u00e2nd liderul liberal va reveni \u00een \u0163ar\u0103.<\/p>\n<\/div>\n<p> Source URL: https:\/\/www.digi24.ro\/stiri\/actualitate\/politica\/victor-ponta-spune-ca-doreste-continuarea-guvernarii-in-formula-usl-199822<\/p>\n","protected":false},"excerpt":{"rendered":"<p>Victor Ponta \/ Foto: Mediafax El a mai spus, la un post de televiziune, c\u0103 \u201esemin\u0163ele dezbin\u0103rii\u201d s\u0103dite de pre\u0219edintele Traian B\u0103sescu \u00een min\u0163ile unora prind roade, informeaz\u0103 Mediafax. \u201eVreau, \u00een acela\u015fi timp,s\u0103 fim to\u0163i la guvernare, nu doar diminea\u0163a \u015fi dup\u0103-masa, iar seara unii s\u0103 fie \u00een opozi\u0163ie, deoarece a\u015fa s-a \u00eent\u00e2mplat \u00een cazul [&hellip;]<\/p>\n","protected":false},"author":1,"featured_media":212142,"comment_status":"open","ping_status":"","sticky":false,"template":"","format":"standard","meta":{"footnotes":""},"categories":[2],"tags":[11],"class_list":["post-212141","post","type-post","status-publish","format-standard","has-post-thumbnail","hentry","category-politics","tag-digi24"],"_links":{"self":[{"href":"https:\/\/analyse.optim.biz\/index.php?rest_route=\/wp\/v2\/posts\/212141","targetHints":{"allow":["GET"]}}],"collection":[{"href":"https:\/\/analyse.optim.biz\/index.php?rest_route=\/wp\/v2\/posts"}],"about":[{"href":"https:\/\/analyse.optim.biz\/index.php?rest_route=\/wp\/v2\/types\/post"}],"author":[{"embeddable":true,"href":"https:\/\/analyse.optim.biz\/index.php?rest_route=\/wp\/v2\/users\/1"}],"replies":[{"embeddable":true,"href":"https:\/\/analyse.optim.biz\/index.php?rest_route=%2Fwp%2Fv2%2Fcomments&post=212141"}],"version-history":[{"count":0,"href":"https:\/\/analyse.optim.biz\/index.php?rest_route=\/wp\/v2\/posts\/212141\/revisions"}],"wp:featuredmedia":[{"embeddable":true,"href":"https:\/\/analyse.optim.biz\/index.php?rest_route=\/wp\/v2\/media\/212142"}],"wp:attachment":[{"href":"https:\/\/analyse.optim.biz\/index.php?rest_route=%2Fwp%2Fv2%2Fmedia&parent=212141"}],"wp:term":[{"taxonomy":"category","embeddable":true,"href":"https:\/\/analyse.optim.biz\/index.php?rest_route=%2Fwp%2Fv2%2Fcategories&post=212141"},{"taxonomy":"post_tag","embeddable":true,"href":"https:\/\/analyse.optim.biz\/index.php?rest_route=%2Fwp%2Fv2%2Ftags&post=212141"}],"curies":[{"name":"wp","href":"https:\/\/api.w.org\/{rel}","templated":true}]}}