{"id":2121399,"date":"2026-08-31T17:14:12","date_gmt":"2026-08-31T14:14:12","guid":{"rendered":"https:\/\/analyse.optim.biz\/?p=2121399"},"modified":"2026-08-31T17:14:12","modified_gmt":"2026-08-31T14:14:12","slug":"incident-naval-la-tulcea-o-nava-sub-pavilion-panama-a-lovit-doua-pontoane-si-sapte-ambarcatiuni-doua","status":"publish","type":"post","link":"https:\/\/analyse.optim.biz\/?p=2121399","title":{"rendered":"\u00cencident naval la Tulcea: o nav\u0103 sub pavilion Panama a lovit dou\u0103 pontoane \u0219i \u0219apte ambarca\u021biuni. Dou\u0103&#8230;"},"content":{"rendered":"<p>[analyse_image type=&#8221;featured&#8221; src=&#8221;https:\/\/cdn.adh.reperio.news\/image-0\/0ecbc336-4887-4eae-aed9-4ddbb4d7c835\/index.png?p=f%3Djpeg%26w%3D1200%26h%3D630%26r%3Dcover&#8221;]<\/p>\n<article class=\"svelte-x63bga\">\n<nav>\n<ul class=\"breadcrump svelte-1pk9a69\">\n<li class=\"svelte-1pk9a69\"><a href=\"https:\/\/adevarul.ro\/\" title=\"Adev\u0103rul\" class=\"svelte-1pk9a69\">Home<\/a><\/li>\n<li class=\"svelte-1pk9a69\"><a href=\"https:\/\/adevarul.ro\/stiri-locale\" class=\"svelte-1pk9a69\">\u0218tiri locale<\/a><\/li>\n<li class=\"svelte-1pk9a69\"><a href=\"https:\/\/adevarul.ro\/stiri-locale\/tulcea\" class=\"svelte-1pk9a69\">Tulcea<\/a><\/li>\n<li class=\"svelte-1pk9a69\"><a href=\"https:\/\/adevarul.ro\/stiri-locale\/tulcea\/incident-naval-la-tulcea-o-nava-sub-pavilion-2553230.html\" class=\"svelte-1pk9a69\">\u00cencident naval la Tulcea: o nav\u0103 sub pavilion Panama a lovit dou\u0103 pontoane \u0219i \u0219apte ambarca\u021biuni. Dou\u0103 b\u0103rci s-au scufundat<\/a><\/li>\n<\/ul>\n<\/nav>\n<p><main class=\"svelte-x63bga\"><\/p>\n<p>Un incident naval a avut loc luni dup\u0103-amiaz\u0103 \u00een zona falezei din municipiul Tulcea, unde o nav\u0103 comercial\u0103 de mari dimensiuni a intrat \u00een coliziune cu mai multe ambarca\u021biuni \u0219i pontoane \u00een timpul unei manevre pe Dun\u0103re. Dou\u0103 dintre acestea s-au scufunfat.<\/p>\n<div class=\"raw-block\"><iframe loading=\"lazy\" src=\"https:\/\/www.facebook.com\/plugins\/video.php?height=476&amp;href=https%3A%2F%2Fwww.facebook.com%2Freel%2F2105835356729116%2F&amp;show_text=false&amp;width=390&amp;t=0\" width=\"265\" height=\"476\" frameborder allowfullscreen=\"true\" allow=\"autoplay; clipboard-write; encrypted-media; picture-in-picture; web-share\" class=\"facebook-iframe\"><\/iframe><\/div>\n<p>Nava S Line, care a <i>\u201eras&#8221;<\/i> mai multe pontoane pe faleza Tulcea \u0219i a intrat \u00een coliziune cu mai multe ambarca\u021biuni, a fost la un pas sa loveasc\u0103 navele pasager la pontonul Navrom, se arat\u0103 pe <a href=\"https:\/\/www.facebook.com\/reel\/1391773329045829\/\" rel=\"nofollow\">pagina de Facebook a Ziarului de Tulcea<\/a>, unde au fost postate mai multe imagini video de la locul incidentului.<\/p>\n<h2>\u201eNava mergea la Ismail pentru cereale\u201d<\/h2>\n<p>Potrivit informa\u021biilor furnizate de c\u0103pitanul-\u0219ef al C\u0103pit\u0103niei Zonale Tulcea, Dan Ichim, nava se deplasa c\u0103tre Ismail pentru a \u00eenc\u0103rca cereale, \u00eens\u0103 nu a executat corespunz\u0103tor manevra \u00een zona cunoscut\u0103 drept Cotul Tulcea, relateaz\u0103 <a href=\"https:\/\/oradetulcea.ro\/31\/08\/2026\/manevra-ratata-la-tulcea-o-nava-a-lovit-doua-pontoane-si-patru-ambarcatiuni-video\/\" rel=\"nofollow\">Ora de Tulcea<\/a>.<\/p>\n<p><i>\u201eNava mergea la Ismail pentru cereale. Nu s-a \u00eencadrat corespunz\u0103tor \u00een Cotul Tulcea \u0219i, \u00een zona falezei, a lovit dou\u0103 pontoane \u0219i patru ambarca\u021biuni. Unele dintre b\u0103rci au fost avariate \u0219i par\u021bial scufundate. Nu avem victime\u201d<\/i>, a declarat Dan Ichim.<\/p>\n<div class=\"raw-block\"><iframe loading=\"lazy\" src=\"https:\/\/www.facebook.com\/plugins\/video.php?height=314&amp;href=https%3A%2F%2Fwww.facebook.com%2Freel%2F1792743308599331%2F&amp;show_text=false&amp;width=390&amp;t=0\" width=\"560\" height=\"314\" frameborder allowfullscreen=\"true\" allow=\"autoplay; clipboard-write; encrypted-media; picture-in-picture; web-share\" class=\"facebook-iframe\"><\/iframe><\/div>\n<h2>Nava a fost remorcat\u0103 la Mila 44<\/h2>\n<p>Dup\u0103 producerea incidentului, nava nu a r\u0103mas \u00een zona falezei. Autorit\u0103\u021bile au decis mutarea acesteia \u00eentr-o zon\u0103 unde poate fi manevrat\u0103 \u0219i verificat\u0103 \u00een siguran\u021b\u0103.<\/p>\n<p><i>\u201eA fost luat\u0103 de un remorcher \u0219i dus\u0103 la Mila 44. Aici nu avea unde s\u0103 fie \u00eentoars\u0103. Urmeaz\u0103 s\u0103 evalu\u0103m pagubele, iar cercet\u0103rile au \u00eenceput\u201d,<\/i> a mai precizat c\u0103pitanul-\u0219ef al C\u0103pit\u0103niei Zonale Tulcea.<\/p>\n<p>Nava implicat\u0103 \u00een incident navigheaz\u0103 sub pavilion Panama \u0219i are un deplasament de peste 10.000 de tone.<\/p>\n<h2>Bilan\u021bul oficial al pagubelor: dou\u0103 pontoane avariate \u0219i \u0219apte ambarca\u021biuni afectate<\/h2>\n<p>\u00cen actualizarea transmis\u0103 la ora 19.30, C\u0103pit\u0103nia Zonal\u0103 Tulcea a anun\u021bat c\u0103 nava MV S Line a avariat dou\u0103 pontoane de acostare \u0219i \u0219apte ambarca\u021biuni.<\/p>\n<p>Potrivit bilan\u021bului oficial, ambarca\u021biunea PA 1591 TL a fost deplasat\u0103 de pe pozi\u021bie \u0219i a suferit avarii la schel\u0103, iar 0657 TL \u0219i 01692 TL au fost avariate la corp \u0219i suprastructur\u0103. De asemenea, ambarca\u021biunile 01357 TL \u0219i 0463 TL au suferit deterior\u0103ri la suprastructur\u0103.<\/p>\n<div class=\"container-image  svelte-1xbw4f3\"><source type=\"image\/webp\" srcset=\"https:\/\/cdn.adh.reperio.news\/image-0\/0ecbc336-4887-4eae-aed9-4ddbb4d7c835\/index.png?p=a%3D1%26co%3D1.05%26w%3D1400%26h%3D750%26r%3Dcontain%26f%3Dwebp 1400w\" media=\"(min-width: 1400px)\" \/><\/p>\n<div class=\"caption svelte-1xbw4f3\"><span class=\"captionText svelte-1xbw4f3\">Mai multe ambarca\u021biuni au fost avariate <span class=\"source svelte-1xbw4f3\">Foto: Captur\u0103 FB Ziarul de Tulcea<\/span><\/span><\/div>\n<\/div>\n<p>Cele mai grave consecin\u021be au fost \u00eenregistrate \u00een cazul ambarca\u021biunilor 01444 MC \u0219i 079 SN, care s-au scufundat \u00een urma impactului.<\/p>\n<p>Autorit\u0103\u021bile au precizat c\u0103 \u0219enalul navigabil nu a fost blocat, iar cercet\u0103rile continu\u0103 pentru stabilirea cauzelor producerii<a href=\"https:\/\/adevarul.ro\/stiri-locale\/tulcea\/video-incident-naval-la-sulina-hotel-plutitor-1878410.html\"> incidentului<\/a>\u00a0\u0219i <a href=\"https:\/\/adevarul.ro\/stiri-locale\/tulcea\/incident-naval-la-tulcea-o-nava-maritima-2120174.html\">evaluarea complet\u0103 a pagubelor.<\/a><\/p>\n<p><\/main><\/p>\n<footer class=\"svelte-x63bga\">\n<div class=\"related-wrap related-footer svelte-78g0vl\"><span class=\"related-label svelte-78g0vl\">Cite\u0219te \u0219i<\/span><a class=\"related svelte-78g0vl\" data-gtrack=\"{&quot;event&quot;:&quot;utm_click&quot;,&quot;data&quot;:{&quot;event_category&quot;:&quot;article_related&quot;}}\" href=\"https:\/\/adevarul.ro\/stiri-locale\/tulcea\/incident-naval-la-tulcea-o-nava-maritima-2120174.html\" title=\"Alt articol de interes pentru tine\"><img decoding=\"async\" class=\"thumb svelte-78g0vl\" src=\"https:\/\/cdn.adh.reperio.news\/image-0\/04ca8853-8ca3-497d-96a3-8865a820d444\/index.jpeg?p=f%3Dwebp%26w%3D120%26h%3D80%26r%3Dcover%26a%3D0\" alt loading=\"lazy\" width=\"80\" height=\"54\"><span class=\"title svelte-78g0vl\">Incident naval la Tulcea. O nav\u0103 maritim\u0103 \u00eenc\u0103rcat\u0103 cu gr\u00e2u a lovit trei catamarane sta\u0163ionate la mal<\/span><\/a><a class=\"related svelte-78g0vl\" data-gtrack=\"{&quot;event&quot;:&quot;utm_click&quot;,&quot;data&quot;:{&quot;event_category&quot;:&quot;article_related&quot;}}\" href=\"https:\/\/adevarul.ro\/stiri-externe\/sua\/portavionul-nuclear-harry-s-truman-s-a-ciocnit-cu-2421870.html\" title=\"Alt articol de interes pentru tine\"><img decoding=\"async\" class=\"thumb svelte-78g0vl\" src=\"https:\/\/cdn.adh.reperio.news\/image-1\/17b9609d-6961-44e9-9ada-ebc75d39eb39\/index.jpeg?p=f%3Dwebp%26w%3D120%26h%3D80%26r%3Dcover%26a%3D0\" alt loading=\"lazy\" width=\"80\" height=\"54\"><span class=\"title svelte-78g0vl\">Portavionul nuclear Harry S. Truman s-a ciocnit cu o nav\u0103 comercial\u0103 aproape de Egipt<\/span><\/a><a class=\"related svelte-78g0vl\" data-gtrack=\"{&quot;event&quot;:&quot;utm_click&quot;,&quot;data&quot;:{&quot;event_category&quot;:&quot;article_related&quot;}}\" href=\"https:\/\/adevarul.ro\/stiri-interne\/evenimente\/un-nou-incident-pe-dunare-aproape-de-sulina-o-2461947.html\" title=\"Alt articol de interes pentru tine\"><img decoding=\"async\" class=\"thumb svelte-78g0vl\" src=\"https:\/\/cdn.adh.reperio.news\/image-1\/107fc0aa-aabe-4d9a-97b0-8ba368cd361c\/index.jpeg?p=f%3Dwebp%26w%3D120%26h%3D80%26r%3Dcover%26a%3D0\" alt loading=\"lazy\" width=\"80\" height=\"54\"><span class=\"title svelte-78g0vl\">Un nou incident la Sulina: o barc\u0103 \u00een pericol de scufundare. 14 persoane la bord, de\u0219i ambarca\u021biunea nu era omologat\u0103 pentru pasageri<\/span><\/a><\/div>\n<div class=\"meta svelte-x63bga\">\n<div class=\"authors svelte-x63bga\"><span class=\"names svelte-x63bga\"><a href=\"https:\/\/adevarul.ro\/author\/1228\" rel=\"author\" class=\"svelte-x63bga\">Cristina Stancu<\/a><\/span><\/p>\n<div class=\"_hydratable\" data-props=\"%7B%22showLive%22%3Atrue%7D\" data-context=\"%7B%22parentBlockColumnCount%22%3A%7B%22value%22%3A0%2C%22type%22%3A%22store%2Freadable%22%7D%2C%22parentBlockBackgroundColor%22%3A%7B%22type%22%3A%22store%2Freadable%22%7D%7D\" data-component=\"ShareButton\">\n<div class=\"shareButtons svelte-itwbrr\">\n<div class=\"liveSessions metaFont svelte-1maxmbf\"><span class=\"value svelte-1maxmbf\">1<\/span> live <\/div>\n<\/div>\n<\/div>\n<\/div>\n<div class=\"tags svelte-1l3vwp1\"><span class=\"tags-label metaFont svelte-1l3vwp1\">Cite\u0219te mai multe despre<\/span><\/p>\n<div class=\"tags-list svelte-1l3vwp1\"><a href=\"https:\/\/adevarul.ro\/tag\/tulcea\" title=\"Ultimele \u0219tiri despre tulcea\" class=\"tag-pill svelte-1l3vwp1\">tulcea<\/a><a href=\"https:\/\/adevarul.ro\/tag\/%C3%AEncident%20naval\" title=\"Ultimele \u0219tiri despre \u00eencident naval\" class=\"tag-pill svelte-1l3vwp1\">\u00eencident naval<\/a><\/div>\n<\/div>\n<\/div>\n<p><a class=\"moreFromCategory svelte-x63bga\" href=\"https:\/\/adevarul.ro\/stiri-locale\/tulcea\" title=\"Tulcea\">Mai multe din <strong class=\"svelte-x63bga\">Tulcea<\/strong> \u203a<\/a><\/footer>\n<\/article>\n<p>[analyse_source url=&#8221;https:\/\/adevarul.ro\/stiri-locale\/tulcea\/incident-naval-la-tulcea-o-nava-sub-pavilion-2553230.html&#8221;]<\/p>\n","protected":false},"excerpt":{"rendered":"<p>[analyse_image type=&#8221;featured&#8221; src=&#8221;https:\/\/cdn.adh.reperio.news\/image-0\/0ecbc336-4887-4eae-aed9-4ddbb4d7c835\/index.png?p=f%3Djpeg%26w%3D1200%26h%3D630%26r%3Dcover&#8221;] Home \u0218tiri locale Tulcea \u00cencident naval la Tulcea: o nav\u0103 sub pavilion Panama a lovit dou\u0103 pontoane \u0219i \u0219apte ambarca\u021biuni. Dou\u0103 b\u0103rci s-au scufundat Un incident naval a avut loc luni dup\u0103-amiaz\u0103 \u00een zona falezei din municipiul Tulcea, unde o nav\u0103 comercial\u0103 de mari dimensiuni a intrat \u00een coliziune cu mai multe [&hellip;]<\/p>\n","protected":false},"author":1,"featured_media":0,"comment_status":"open","ping_status":"","sticky":false,"template":"","format":"standard","meta":{"footnotes":""},"categories":[89],"tags":[19,226],"class_list":["post-2121399","post","type-post","status-publish","format-standard","hentry","category-romania","tag-adevarul","tag-crawlmanager"],"_links":{"self":[{"href":"https:\/\/analyse.optim.biz\/index.php?rest_route=\/wp\/v2\/posts\/2121399","targetHints":{"allow":["GET"]}}],"collection":[{"href":"https:\/\/analyse.optim.biz\/index.php?rest_route=\/wp\/v2\/posts"}],"about":[{"href":"https:\/\/analyse.optim.biz\/index.php?rest_route=\/wp\/v2\/types\/post"}],"author":[{"embeddable":true,"href":"https:\/\/analyse.optim.biz\/index.php?rest_route=\/wp\/v2\/users\/1"}],"replies":[{"embeddable":true,"href":"https:\/\/analyse.optim.biz\/index.php?rest_route=%2Fwp%2Fv2%2Fcomments&post=2121399"}],"version-history":[{"count":0,"href":"https:\/\/analyse.optim.biz\/index.php?rest_route=\/wp\/v2\/posts\/2121399\/revisions"}],"wp:attachment":[{"href":"https:\/\/analyse.optim.biz\/index.php?rest_route=%2Fwp%2Fv2%2Fmedia&parent=2121399"}],"wp:term":[{"taxonomy":"category","embeddable":true,"href":"https:\/\/analyse.optim.biz\/index.php?rest_route=%2Fwp%2Fv2%2Fcategories&post=2121399"},{"taxonomy":"post_tag","embeddable":true,"href":"https:\/\/analyse.optim.biz\/index.php?rest_route=%2Fwp%2Fv2%2Ftags&post=2121399"}],"curies":[{"name":"wp","href":"https:\/\/api.w.org\/{rel}","templated":true}]}}