{"id":2121376,"date":"2026-09-01T02:28:34","date_gmt":"2026-08-31T23:28:34","guid":{"rendered":"https:\/\/analyse.optim.biz\/?p=2121376"},"modified":"2026-09-01T02:28:34","modified_gmt":"2026-08-31T23:28:34","slug":"patru-minute-de-indignare-ani-de-avertismente-ce-nu-arata-filmarea-cu-batranica-din-dorobanti","status":"publish","type":"post","link":"https:\/\/analyse.optim.biz\/?p=2121376","title":{"rendered":"Patru minute de indignare, ani de avertismente: ce nu arat\u0103 filmarea cu \u201eb\u0103tr\u00e2nica\u201d din Doroban\u021bi"},"content":{"rendered":"<p>[analyse_image type=&#8221;featured&#8221; src=&#8221;https:\/\/s2.ziareromania.ro\/?mmid=1799956b29ce040bfd&#8221;]<\/p>\n<div id=\"article__container\" class=\"news__container news__image__container\">\n<h1 class=\"news__title\" title=\"Patru minute de indignare, ani de avertismente: ce nu arat\u0103 filmarea cu \u201eb\u0103tr\u00e2nica\u201d din Doroban\u021bi\">Patru minute de indignare, ani de avertismente: ce nu arat\u0103 filmarea cu \u201eb\u0103tr\u00e2nica\u201d din Doroban\u021bi<\/h1>\n<\/div>\n<div class=\"news__info__content d-flex\">\n<div class=\"d-flex \">\n<div class=\"news__author mar10r\"> Autor: <span><a href=\"https:\/\/ziare.com\/autor\/amalia-florescu\"> Amalia Florescu <\/a><\/span><\/div>\n<div class=\"news__publish\">Luni, 31 August 2026, ora 14:43<\/div>\n<\/div>\n<div class=\"news__views\">6643 citiri<\/div>\n<\/div>\n<div class=\"stanga_stire news__image fleft article__marker\">\n<div class=\"news-image__content news__image__item\"><a class=\"news__image\" data-href=\"https:\/\/s2.ziareromania.ro\/?mmid=1799956b29ce040bfd\" data-size=\"338x241\" title=\"Patru minute de indignare, ani de avertismente: ce nu arat\u0103 filmarea cu \u201eb\u0103tr\u00e2nica\u201d din Doroban\u021bi\"><img decoding=\"async\" src=\"https:\/\/tb.ziareromania.ro\/Patru-minute-de-indignare--ani-de-avertismente--ce-nu-arat---filmarea-cu----b--tr--nica----din-Doroban--i\/1799956b29ce040bfd\/400\/225\/2\/100\/Patru-minute-de-indignare--ani-de-avertismente--ce-nu-arat---filmarea-cu----b--tr--nica----din-Doroban--i.jpg\" alt=\"Patru minute de indignare, ani de avertismente: ce nu arat\u0103 filmarea cu \u201eb\u0103tr\u00e2nica\u201d din Doroban\u021bi\" title=\"Patru minute de indignare, ani de avertismente: ce nu arat\u0103 filmarea cu \u201eb\u0103tr\u00e2nica\u201d din Doroban\u021bi\" class=\"img-responsive\"><\/a><\/p>\n<div class=\"news__caption\">Femeia, vizibil sup\u0103rat\u0103 dup\u0103 ce marfa i-a fost distrus\u0103 FOTO captur\u0103 video Facebook\/USR Sector 1<\/div>\n<\/div>\n<\/div>\n<div class=\"news__content descriere_main article__marker\">\n<p>O femeie \u00een v\u00e2rst\u0103 pl\u00e2nge \u00eentr-o sta\u021bie de autobuz, printre fructe \u0219i legume ajunse pe trotuar. Un poli\u021bist local \u00eembr\u0103cat \u00een civil ridic\u0103 marfa \u0219i o pune \u00een portbagajul ma\u0219inii institu\u021biei. \u00cen spatele camerei, un b\u0103rbat vorbe\u0219te precipitat despre un abuz, cere s\u0103 fie chemat\u0103 ambulan\u021ba \u0219i \u00eei avertizeaz\u0103 pe agen\u021bi c\u0103 vor ajunge pe <a href=\"https:\/\/ziare.com\/facebook\/\" title=\"Facebook\">Facebook<\/a>.<\/p>\n<p>Aceste patru minute au fost suficiente pentru pronun\u021barea verdictului public: o \u201eb\u0103tr\u00e2nic\u0103 am\u0103r\u00e2t\u0103\u201d ar fi fost umilit\u0103 de un poli\u021bist care i-a aruncat legumele pe jos.<\/p>\n<p>Filmarea integral\u0103 \u0219i informa\u021biile ap\u0103rute ulterior contureaz\u0103 \u00eens\u0103 o situa\u021bie considerabil diferit\u0103.<\/p>\n<h2>Legumele nu sunt aruncate gratuit de poli\u021bist<\/h2>\n<p>Secven\u021ba arat\u0103 c\u0103 produsele ajung pe jos \u00een timpul opozi\u021biei la confiscarea m\u0103rfii. Nu se vede un agent care, f\u0103r\u0103 motiv, r\u0103stoarn\u0103 calm \u0219i deliberat legumele unei femei lipsite de ap\u0103rare, a\u0219a cum las\u0103 s\u0103 se \u00een\u021beleag\u0103 o parte dintre titlurile ap\u0103rute \u00een pres\u0103.<\/p>\n<p>Se vede o confiscare contestat\u0103, desf\u0103\u0219urat\u0103 \u00eentr-o atmosfer\u0103 conflictual\u0103 \u0219i dezordonat\u0103.<\/p>\n<\/div>\n<p>Femeia nu este lovit\u0103, \u00eempins\u0103 sau imobilizat\u0103. Nu apare nicio agresiune fizic\u0103 asupra ei. Poate fi discutat dac\u0103 agentul a avut suficient\u0103 r\u0103bdare, dac\u0103 putea evita deteriorarea produselor sau dac\u0103 procedura putea fi executat\u0103 mai atent. Dar \u00eentre o interven\u021bie ne\u00eengrijit\u0103 \u0219i \u201ebrutalizarea unei b\u0103tr\u00e2ne\u201d exist\u0103 o diferen\u021b\u0103 jurnalistic\u0103 \u0219i juridic\u0103 esen\u021bial\u0103.<\/p>\n<p>Titlul potrivit nu este \u201epoli\u021bistul i-a aruncat legumele\u201d, ci: marfa a ajuns pe trotuar \u00een timpul unei confisc\u0103ri c\u0103reia femeia i s-a opus.<\/p>\n<h2>Filmarea \u00eencepe dup\u0103 declan\u0219area conflictului<\/h2>\n<p>Publicul nu vede \u00eenceputul interven\u021biei. Nu \u0219tim din imagini ce le-au cerut agen\u021bii celor implica\u021bi, cine a refuzat primul, cum a \u00eenceput disputa \u0219i ce s-a \u00eent\u00e2mplat exact \u00eenainte ca telefonul s\u0103 fie pornit.<\/p>\n<p>Cel care filmeaz\u0103 afirm\u0103 c\u0103 a v\u0103zut un poli\u021bist arunc\u00e2nd produsele \u0219i insist\u0103 c\u0103 momentul \u201ese vede pe filmare\u201d. \u00cenregistrarea publicat\u0103 nu ofer\u0103 \u00eens\u0103 o imagine complet\u0103 \u0219i neutr\u0103 a \u00eenceputului incidentului.<\/p>\n<p>\u00cen schimb, surprinde foarte clar atitudinea cameramanului.<\/p>\n","protected":false},"excerpt":{"rendered":"<p>[analyse_image type=&#8221;featured&#8221; src=&#8221;https:\/\/s2.ziareromania.ro\/?mmid=1799956b29ce040bfd&#8221;] Patru minute de indignare, ani de avertismente: ce nu arat\u0103 filmarea cu \u201eb\u0103tr\u00e2nica\u201d din Doroban\u021bi Autor: Amalia Florescu Luni, 31 August 2026, ora 14:43 6643 citiri Femeia, vizibil sup\u0103rat\u0103 dup\u0103 ce marfa i-a fost distrus\u0103 FOTO captur\u0103 video Facebook\/USR Sector 1 O femeie \u00een v\u00e2rst\u0103 pl\u00e2nge \u00eentr-o sta\u021bie de autobuz, printre fructe [&hellip;]<\/p>\n","protected":false},"author":1,"featured_media":0,"comment_status":"open","ping_status":"","sticky":false,"template":"","format":"standard","meta":{"footnotes":""},"categories":[89],"tags":[226,22],"class_list":["post-2121376","post","type-post","status-publish","format-standard","hentry","category-romania","tag-crawlmanager","tag-ziare-com"],"_links":{"self":[{"href":"https:\/\/analyse.optim.biz\/index.php?rest_route=\/wp\/v2\/posts\/2121376","targetHints":{"allow":["GET"]}}],"collection":[{"href":"https:\/\/analyse.optim.biz\/index.php?rest_route=\/wp\/v2\/posts"}],"about":[{"href":"https:\/\/analyse.optim.biz\/index.php?rest_route=\/wp\/v2\/types\/post"}],"author":[{"embeddable":true,"href":"https:\/\/analyse.optim.biz\/index.php?rest_route=\/wp\/v2\/users\/1"}],"replies":[{"embeddable":true,"href":"https:\/\/analyse.optim.biz\/index.php?rest_route=%2Fwp%2Fv2%2Fcomments&post=2121376"}],"version-history":[{"count":0,"href":"https:\/\/analyse.optim.biz\/index.php?rest_route=\/wp\/v2\/posts\/2121376\/revisions"}],"wp:attachment":[{"href":"https:\/\/analyse.optim.biz\/index.php?rest_route=%2Fwp%2Fv2%2Fmedia&parent=2121376"}],"wp:term":[{"taxonomy":"category","embeddable":true,"href":"https:\/\/analyse.optim.biz\/index.php?rest_route=%2Fwp%2Fv2%2Fcategories&post=2121376"},{"taxonomy":"post_tag","embeddable":true,"href":"https:\/\/analyse.optim.biz\/index.php?rest_route=%2Fwp%2Fv2%2Ftags&post=2121376"}],"curies":[{"name":"wp","href":"https:\/\/api.w.org\/{rel}","templated":true}]}}