{"id":2121374,"date":"2026-09-01T02:18:45","date_gmt":"2026-08-31T23:18:45","guid":{"rendered":"https:\/\/analyse.optim.biz\/?p=2121374"},"modified":"2026-09-01T02:18:45","modified_gmt":"2026-08-31T23:18:45","slug":"noi-date-despre-fata-ucisa-de-un-subofiter-de-la-isu-neamt-mama-fetei-il-acuza-pe-barbat-ca-o-manipula-erau-despartiti-acum-din-iunie-video","status":"publish","type":"post","link":"https:\/\/analyse.optim.biz\/?p=2121374","title":{"rendered":"Noi date despre fata ucis\u0103 de un subofi\u021ber de la ISU Neam\u021b. Mama fetei \u00eel acuz\u0103 pe b\u0103rbat c\u0103 o manipula. \u201dErau desp\u0103r\u021bi\u021bi acum din iunie\u201d VIDEO"},"content":{"rendered":"<p>[analyse_image type=&#8221;featured&#8221; src=&#8221;https:\/\/s2.ziareromania.ro\/?mmid=8855356b29d8007e1a&#8221;]<\/p>\n<div id=\"article__container\" class=\"news__container news__image__container\">\n<h1 class=\"news__title\" title=\"Noi date despre fata ucis\u0103 de un subofi\u021ber de la ISU Neam\u021b. Mama fetei \u00eel acuz\u0103 pe b\u0103rbat c\u0103 o manipula. \u201dErau desp\u0103r\u021bi\u021bi acum din iunie\u201d VIDEO\">Noi date despre fata ucis\u0103 de un subofi\u021ber de la ISU Neam\u021b. Mama fetei \u00eel acuz\u0103 pe b\u0103rbat c\u0103 o manipula. \u201dErau desp\u0103r\u021bi\u021bi acum din iunie\u201d <b><font color=\"red\">VIDEO<\/font><\/b><\/h1>\n<\/div>\n<div class=\"news__info__content d-flex\">\n<div class=\"d-flex \">\n<div class=\"news__author mar10r\"> Autor: <span><a href=\"https:\/\/ziare.com\/autor\/maria-mora\"> Maria Mora <\/a><\/span><\/div>\n<div class=\"news__publish\">Luni, 31 August 2026, ora 14:32<\/div>\n<\/div>\n<div class=\"news__views\">2128 citiri<\/div>\n<\/div>\n<div class=\"stanga_stire news__image fleft article__marker\">\n<div class=\"news-image__content news__image__item\"><a class=\"news__image\" data-href=\"https:\/\/s1.ziareromania.ro\/?mmid=8855356b29d8007e1a\" data-size=\"662x343\" title=\"Noi date despre fata ucis\u0103 de un subofi\u021ber de la ISU Neam\u021b. Mama fetei \u00eel acuz\u0103 pe b\u0103rbat c\u0103 o manipula. \u201dErau desp\u0103r\u021bi\u021bi acum din iunie\u201d VIDEO\"><img decoding=\"async\" src=\"https:\/\/tb.ziareromania.ro\/Noi-date-despre-fata-ucis---de-un-subofi--er-de-la-ISU-Neam----Mama-fetei---l-acuz---pe-b--rbat-c---o-manipula-----Erau-desp--r--i--i-acum-din-iunie------b--font-color--red--VIDEO--font---b-\/8855356b29d8007e1a\/400\/225\/2\/100\/Noi-date-despre-fata-ucis---de-un-subofi--er-de-la-ISU-Neam----Mama-fetei---l-acuz---pe-b--rbat-c---o-manipula-----Erau-desp--r--i--i-acum-din-iunie------b--font-color--red--VIDEO--font---b-.jpg\" alt=\"Noi date despre fata ucis\u0103 de un subofi\u021ber de la ISU Neam\u021b. Mama fetei \u00eel acuz\u0103 pe b\u0103rbat c\u0103 o manipula. \u201dErau desp\u0103r\u021bi\u021bi acum din iunie\u201d VIDEO\" title=\"Noi date despre fata ucis\u0103 de un subofi\u021ber de la ISU Neam\u021b. Mama fetei \u00eel acuz\u0103 pe b\u0103rbat c\u0103 o manipula. \u201dErau desp\u0103r\u021bi\u021bi acum din iunie\u201d VIDEO\" class=\"img-responsive\"><\/a><\/p>\n<div class=\"news__caption\">T\u00e2n\u0103rul a \u00eenjunghiat-o pe fat\u0103 de mai multe ori, apoi s-a sp\u00e2nzurat FOTO Facebook\/Brigada de Informa\u021bii<\/div>\n<\/div>\n<\/div>\n<div class=\"news__content descriere_main article__marker\">\n<p>T\u00e2n\u0103ra din jude\u021bul Neam\u021b ucis\u0103 pe strad\u0103 de fostul iubit era student\u0103 \u00een ultimul an la Drept, declarat mama sa. Femeia sus\u021bine c\u0103 b\u0103rbatul care a ucis-o o manipula pe fat\u0103. Tinerii ar fi avut o rela\u021bie de mai mul\u021bi ani, dar mama fetei sus\u021bine c\u0103 b\u0103rbatul o trata r\u0103u pe fat\u0103, iar cei doi se desp\u0103r\u021biser\u0103 din iunie.<\/p>\n<p>\u201eS-au desp\u0103r\u021bit \u0219i anul trecut, iar s-au \u00eemp\u0103cat, \u00ee\u0219i b\u0103tea joc de ea el, erau desp\u0103r\u021bi\u021bi acum din iunie\u201d, a povestit femeia, conform Antena 3.<\/p>\n<p>\u00cen v\u00e2rst\u0103 de 22 de ani, Andreea lucra pe timpul verii lucra la o pizzerie din localitatea Bartice\u0219ti, jude\u021bul Neam\u021b, pentru a str\u00e2nge bani. Joi a fost ultima zi ei de munc\u0103, urm\u00e2nd ca din octombrie s\u0103 \u00eenceap\u0103 din nou cursurile Facult\u0103\u021bii de Drept din Ia\u0219i.<\/p>\n<p>\u201eFoarte greu, foarte greu mi-e s\u0103 vorbesc despre ea la timpul trecut. Mi-a rupt sufletul. O copil\u0103 \u00een anul IV de facultate, la Drept, la Ia\u0219i, un copil care lucra pe vacan\u021b\u0103, s\u0103 scoat\u0103 bani ca s\u0103-i fie mai u\u0219or. O manipula \u0219i at\u00e2t\u201d, a declarat mama Andreei.<\/p>\n<p>Potrivit celor mai noi date din anchet\u0103, seara trecut\u0103, t\u00e2n\u0103rul pompier a mers la pizzeria unde lucra Andreea \u0219i i-a cerut s\u0103 ias\u0103 ca s\u0103 vorbeasc\u0103. La un moment dat, discu\u021bia dintre ei a degenerat, iar individul a \u00eenceput s\u0103 o loveasc\u0103 \u0219i a \u00eenjunghiat-o de mai multe ori.<\/p>\n<\/div>\n<p>Andreea \u0219i fostul iubit au fost \u00eempreun\u0103 timp de \u0219ase ani, \u00eens\u0103, de-a lungul rela\u021biei, s-au desp\u0103r\u021bit de mai multe ori.<\/p>\n<p>Autorul crimei era un subofi\u021ber al Inspectoratului pentru Situa\u021bii de Urgen\u021b\u0103 (ISU) Neam\u021b. Dup\u0103 ce \u0219i-a \u00eenjunghiat mortal iubita, acesta dup\u0103 care a fugit \u00eentr-o p\u0103dure \u0219i s-a sp\u00e2nzurat.<\/p>\n<p>Potrivit Inspectoratului de Poli\u021bie Jude\u021bean (IPJ) Neam\u021b, tragedia s-a produs \u00een duminic\u0103 seara.<\/p>\n<p>\u00cen acest caz a fost deschis un dosar penal pentru omor calificat.<\/p>\n<p>\u201eTotodat\u0103, s-a mai stabilit faptul c\u0103 militarul a plecat de la locul crimei la bordul unui autoturism cu care a parcurs o distan\u021b\u0103 de circa 11 km \u0219i pe care l-a abandonat \u00een apropierea satului Pildesti, comuna Cordun, jud. Neam\u021b. \u00cen acela\u0219i areal a fost identificat \u0219i corpul ne\u00eensufle\u021bit al militarului prezent\u00e2nd pe haine urme de substan\u021b\u0103 brun ro\u0219cat\u0103 (ce pare a fi s\u00e2nge) \u0219i n\u0103mol\u201d, potrivit unui comunicat transmis de Parchetul de pe l\u00e2ng\u0103 Tribunalul Militar Ia\u0219i.<\/p>\n","protected":false},"excerpt":{"rendered":"<p>[analyse_image type=&#8221;featured&#8221; src=&#8221;https:\/\/s2.ziareromania.ro\/?mmid=8855356b29d8007e1a&#8221;] Noi date despre fata ucis\u0103 de un subofi\u021ber de la ISU Neam\u021b. Mama fetei \u00eel acuz\u0103 pe b\u0103rbat c\u0103 o manipula. \u201dErau desp\u0103r\u021bi\u021bi acum din iunie\u201d VIDEO Autor: Maria Mora Luni, 31 August 2026, ora 14:32 2128 citiri T\u00e2n\u0103rul a \u00eenjunghiat-o pe fat\u0103 de mai multe ori, apoi s-a sp\u00e2nzurat FOTO Facebook\/Brigada [&hellip;]<\/p>\n","protected":false},"author":1,"featured_media":0,"comment_status":"open","ping_status":"","sticky":false,"template":"","format":"standard","meta":{"footnotes":""},"categories":[89],"tags":[226,22],"class_list":["post-2121374","post","type-post","status-publish","format-standard","hentry","category-romania","tag-crawlmanager","tag-ziare-com"],"_links":{"self":[{"href":"https:\/\/analyse.optim.biz\/index.php?rest_route=\/wp\/v2\/posts\/2121374","targetHints":{"allow":["GET"]}}],"collection":[{"href":"https:\/\/analyse.optim.biz\/index.php?rest_route=\/wp\/v2\/posts"}],"about":[{"href":"https:\/\/analyse.optim.biz\/index.php?rest_route=\/wp\/v2\/types\/post"}],"author":[{"embeddable":true,"href":"https:\/\/analyse.optim.biz\/index.php?rest_route=\/wp\/v2\/users\/1"}],"replies":[{"embeddable":true,"href":"https:\/\/analyse.optim.biz\/index.php?rest_route=%2Fwp%2Fv2%2Fcomments&post=2121374"}],"version-history":[{"count":0,"href":"https:\/\/analyse.optim.biz\/index.php?rest_route=\/wp\/v2\/posts\/2121374\/revisions"}],"wp:attachment":[{"href":"https:\/\/analyse.optim.biz\/index.php?rest_route=%2Fwp%2Fv2%2Fmedia&parent=2121374"}],"wp:term":[{"taxonomy":"category","embeddable":true,"href":"https:\/\/analyse.optim.biz\/index.php?rest_route=%2Fwp%2Fv2%2Fcategories&post=2121374"},{"taxonomy":"post_tag","embeddable":true,"href":"https:\/\/analyse.optim.biz\/index.php?rest_route=%2Fwp%2Fv2%2Ftags&post=2121374"}],"curies":[{"name":"wp","href":"https:\/\/api.w.org\/{rel}","templated":true}]}}