{"id":2121372,"date":"2026-09-01T02:17:17","date_gmt":"2026-08-31T23:17:17","guid":{"rendered":"https:\/\/analyse.optim.biz\/?p=2121372"},"modified":"2026-09-01T02:17:17","modified_gmt":"2026-08-31T23:17:17","slug":"vicepresedintele-parlamentului-european-victor-negrescu-ironizat-pentru-ca-trimite-eurodeputatilor-cani-cu-numele-sau-in-speranta-ca-va-fi-reales","status":"publish","type":"post","link":"https:\/\/analyse.optim.biz\/?p=2121372","title":{"rendered":"Vicepre\u0219edintele Parlamentului European Victor Negrescu, ironizat pentru c\u0103 trimite eurodeputa\u021bilor c\u0103ni cu numele s\u0103u \u00een speran\u021ba c\u0103 va fi reales"},"content":{"rendered":"<p>[analyse_image type=&#8221;featured&#8221; src=&#8221;https:\/\/s1.ziareromania.ro\/?mmid=052cd56a96d0800a3b&#8221;]<\/p>\n<div id=\"article__container\" class=\"news__container news__image__container\">\n<h1 class=\"news__title\" title=\"Vicepre\u0219edintele Parlamentului European Victor Negrescu, ironizat pentru c\u0103 trimite eurodeputa\u021bilor c\u0103ni cu numele s\u0103u \u00een speran\u021ba c\u0103 va fi reales\">Vicepre\u0219edintele Parlamentului European Victor Negrescu, ironizat pentru c\u0103 trimite eurodeputa\u021bilor c\u0103ni cu numele s\u0103u \u00een speran\u021ba c\u0103 va fi reales<\/h1>\n<\/div>\n<div class=\"news__info__content d-flex\">\n<div class=\"d-flex \">\n<div class=\"news__author mar10r\"> Autor: <span><a href=\"https:\/\/ziare.com\/autor\/aniela-manolea\"> Aniela Manolea <\/a><\/span><\/div>\n<div class=\"news__publish\">Luni, 31 August 2026, ora 14:26<\/div>\n<\/div>\n<div class=\"news__views\">26886 citiri<\/div>\n<\/div>\n<div class=\"stanga_stire news__image fleft article__marker\">\n<div class=\"news-image__content news__image__item\"><a class=\"news__image\" data-href=\"https:\/\/s1.ziareromania.ro\/?mmid=052cd56a96d0800a3b\" data-size=\"758x515\" title=\"Vicepre\u0219edintele Parlamentului European Victor Negrescu, ironizat pentru c\u0103 trimite eurodeputa\u021bilor c\u0103ni cu numele s\u0103u \u00een speran\u021ba c\u0103 va fi reales\"><img decoding=\"async\" src=\"https:\/\/tb.ziareromania.ro\/Vicepre--edintele-Parlamentului-European-Victor-Negrescu--ironizat-pentru-c---trimite-eurodeputa--ilor-c--ni-cu-numele-s--u---n-speran--a-c---va-fi-reales\/052cd56a96d0800a3b\/400\/225\/2\/100\/Vicepre--edintele-Parlamentului-European-Victor-Negrescu--ironizat-pentru-c---trimite-eurodeputa--ilor-c--ni-cu-numele-s--u---n-speran--a-c---va-fi-reales.jpg\" alt=\"Vicepre\u0219edintele Parlamentului European Victor Negrescu, ironizat pentru c\u0103 trimite eurodeputa\u021bilor c\u0103ni cu numele s\u0103u \u00een speran\u021ba c\u0103 va fi reales\" title=\"Vicepre\u0219edintele Parlamentului European Victor Negrescu, ironizat pentru c\u0103 trimite eurodeputa\u021bilor c\u0103ni cu numele s\u0103u \u00een speran\u021ba c\u0103 va fi reales\" class=\"img-responsive\"><\/a><\/p>\n<div class=\"news__caption\">Europarlamentarul PSD Victor Negrescu, vicepre\u0219edinte PE Foto: Facebook\/Victor Negrescu<\/div>\n<\/div>\n<\/div>\n<div class=\"news__content descriere_main article__marker\">\n<p><a href=\"https:\/\/ziare.com\/victor-negrescu\/\" title=\"Victor Negrescu\">Victor Negrescu<\/a>, eurodeputatul <a href=\"https:\/\/ziare.com\/psd\/\" title=\"PSD\">PSD<\/a> care este \u0219i unul dintre cei 14 vicepre\u0219edin\u021bi ai Parlamentului European, a \u00eenceput deja campania pentru realegerea \u00een func\u021bie, cu un cadou inedit: o can\u0103 care \u00eei poart\u0103 numele. Consultantul politic George R\u00eep\u0103 a publicat luni, 31 august, fotografii cu \u201esuvenirul\u201d trimis de Negrescu tuturor europarlamentarilor.<\/p>\n<p>\u201eToamna politic\u0103 \u00eencepe la Bucure\u0219ti cu o nou\u0103 rund\u0103 de consult\u0103ri. La Bruxelles \u00eencepe cu o \u0219mechereal\u0103 pesedist\u0103. \u201e\u00cen Parlamentul European \u00eencep negocierile pentru marea <a href=\"https:\/\/ziare.com\/politica\/remaniere\/\" title=\"remaniere\">remaniere<\/a> de la jum\u0103tatea mandatului (midterm reshuffle). Se renegociaz\u0103 14 posturi de vicepre\u0219edin\u021bi \u0219i 5 posturi de chestori. Alegerile au loc \u00een prima sesiune din ianuarie, dar negocierile se fac \u00een toamna asta. Votul va fi secret, \u00een plen\u201d, a scris George R\u00eep\u0103, analist \u0219i CEO Right Politics, pe <a href=\"https:\/\/ziare.com\/facebook\/\" title=\"Facebook\">Facebook<\/a>.<\/p>\n<\/div>\n<p>Vicepre\u0219edintele PE Victor Negrescu a \u00eenceput deja campania pentru a fi reales, prin trimiterea unor c\u0103ni care \u00eei poart\u0103 numele chiar pe buz\u0103.<\/p>\n<p>\u201eVictor Negrescu al nostru, vicepre\u0219edinte PE, a furat startul. Cum g\u0103le\u021bi cu sigla <a href=\"https:\/\/ziare.com\/politica\/psd\/\" title=\"PSD\">PSD<\/a> nu se pot da \u00een PE, ca \u00een Rom\u00e2nia anilor 90, Victor a trimis fiec\u0103rui parlamentar european o can\u0103 cu numele lui. Pentru c\u0103 ce poate fi mai pl\u0103cut dec\u00e2t s\u0103-\u021bi bei cafeaua diminea\u021b\u0103 \u0219i din spum\u0103 s\u0103 se iveasc\u0103 \u021ban\u021bo\u0219, scris mare, &#8216;Victor Negrescu &#8211; Vice-President of the European Parliament&#8217; \u201d, spune George R\u00eep\u0103.<\/p>\n<p>Cutia \u00een care vine \u201ecadoul\u201d de la Victor Negrescu prezint\u0103 \u0219i un mesaj \u00een englez\u0103. Traducerea \u00een rom\u00e2n\u0103 este: \u201eO cafea sau un ceai bun este \u00eentotdeauna binevenit la \u00eenceputul unei noi sesiuni parlamentare. Cele mai bune ur\u0103ri, Victor Negrescu\u201d.<\/p>\n<p>\u201e\u00cen PE nu merge cu \u201eaten\u021bii\u201d din astea, a\u0219a c\u0103 Negrescu va spune probabil c\u0103 astfel promoveaz\u0103 me\u0219te\u0219ugarii rom\u00e2ni. Dar, pe can\u0103 nu apare nici Rom\u00e2nia, nici vreo regiune din Rom\u00e2nia, nici numele vreunui artizan, ci doar numele lui Negrescu \u0219i func\u021bia pe care \u00eencearc\u0103 s\u0103 o p\u0103streze\u201d, a mai comentat analistul politic.<\/p>\n","protected":false},"excerpt":{"rendered":"<p>[analyse_image type=&#8221;featured&#8221; src=&#8221;https:\/\/s1.ziareromania.ro\/?mmid=052cd56a96d0800a3b&#8221;] Vicepre\u0219edintele Parlamentului European Victor Negrescu, ironizat pentru c\u0103 trimite eurodeputa\u021bilor c\u0103ni cu numele s\u0103u \u00een speran\u021ba c\u0103 va fi reales Autor: Aniela Manolea Luni, 31 August 2026, ora 14:26 26886 citiri Europarlamentarul PSD Victor Negrescu, vicepre\u0219edinte PE Foto: Facebook\/Victor Negrescu Victor Negrescu, eurodeputatul PSD care este \u0219i unul dintre cei 14 vicepre\u0219edin\u021bi [&hellip;]<\/p>\n","protected":false},"author":1,"featured_media":0,"comment_status":"open","ping_status":"","sticky":false,"template":"","format":"standard","meta":{"footnotes":""},"categories":[89],"tags":[226,22],"class_list":["post-2121372","post","type-post","status-publish","format-standard","hentry","category-romania","tag-crawlmanager","tag-ziare-com"],"_links":{"self":[{"href":"https:\/\/analyse.optim.biz\/index.php?rest_route=\/wp\/v2\/posts\/2121372","targetHints":{"allow":["GET"]}}],"collection":[{"href":"https:\/\/analyse.optim.biz\/index.php?rest_route=\/wp\/v2\/posts"}],"about":[{"href":"https:\/\/analyse.optim.biz\/index.php?rest_route=\/wp\/v2\/types\/post"}],"author":[{"embeddable":true,"href":"https:\/\/analyse.optim.biz\/index.php?rest_route=\/wp\/v2\/users\/1"}],"replies":[{"embeddable":true,"href":"https:\/\/analyse.optim.biz\/index.php?rest_route=%2Fwp%2Fv2%2Fcomments&post=2121372"}],"version-history":[{"count":0,"href":"https:\/\/analyse.optim.biz\/index.php?rest_route=\/wp\/v2\/posts\/2121372\/revisions"}],"wp:attachment":[{"href":"https:\/\/analyse.optim.biz\/index.php?rest_route=%2Fwp%2Fv2%2Fmedia&parent=2121372"}],"wp:term":[{"taxonomy":"category","embeddable":true,"href":"https:\/\/analyse.optim.biz\/index.php?rest_route=%2Fwp%2Fv2%2Fcategories&post=2121372"},{"taxonomy":"post_tag","embeddable":true,"href":"https:\/\/analyse.optim.biz\/index.php?rest_route=%2Fwp%2Fv2%2Ftags&post=2121372"}],"curies":[{"name":"wp","href":"https:\/\/api.w.org\/{rel}","templated":true}]}}