{"id":2121371,"date":"2026-09-01T02:17:19","date_gmt":"2026-08-31T23:17:19","guid":{"rendered":"https:\/\/analyse.optim.biz\/?p=2121371"},"modified":"2026-09-01T02:17:19","modified_gmt":"2026-08-31T23:17:19","slug":"sorin-grindeanu-isi-asuma-functia-de-premier-psd-va-sustine-un-guvern-minoritar-si-vrea-intai-discutii-despre-obiective-apoi-despre-functii","status":"publish","type":"post","link":"https:\/\/analyse.optim.biz\/?p=2121371","title":{"rendered":"Sorin Grindeanu \u00ee\u0219i asum\u0103 func\u021bia de premier. PSD va sus\u021bine un guvern minoritar \u0219i vrea \u00eent\u00e2i discu\u021bii despre obiective, apoi despre func\u021bii"},"content":{"rendered":"<p>[analyse_image type=&#8221;featured&#8221; src=&#8221;https:\/\/s1.ziareromania.ro\/?mmid=f600c56b29d58e70ff&#8221;]<\/p>\n<div id=\"article__container\" class=\"news__container news__image__container\">\n<h1 class=\"news__title\" title=\"Sorin Grindeanu \u00ee\u0219i asum\u0103 func\u021bia de premier. PSD va sus\u021bine un guvern minoritar \u0219i vrea \u00eent\u00e2i discu\u021bii despre obiective, apoi despre func\u021bii\">Sorin Grindeanu \u00ee\u0219i asum\u0103 func\u021bia de premier. PSD va sus\u021bine un guvern minoritar \u0219i vrea \u00eent\u00e2i discu\u021bii despre obiective, apoi despre func\u021bii<\/h1>\n<\/div>\n<div class=\"news__info__content d-flex\">\n<div class=\"d-flex \">\n<div class=\"news__author mar10r\"> Autor: <span><a href=\"https:\/\/ziare.com\/autor\/andreea-deaconescu\"> Andreea Deaconescu <\/a><\/span><\/div>\n<div class=\"news__publish\">Luni, 31 August 2026, ora 14:12<\/div>\n<\/div>\n<div class=\"news__views\">4958 citiri<\/div>\n<\/div>\n<div class=\"stanga_stire news__image fleft article__marker\">\n<div class=\"news-image__content news__image__item\"><a class=\"news__image\" data-href=\"https:\/\/s1.ziareromania.ro\/?mmid=f600c56b29d58e70ff\" data-size=\"1024x516\" title=\"Sorin Grindeanu \u00ee\u0219i asum\u0103 func\u021bia de premier. PSD va sus\u021bine un guvern minoritar \u0219i vrea \u00eent\u00e2i discu\u021bii despre obiective, apoi despre func\u021bii\"><img decoding=\"async\" src=\"https:\/\/tb.ziareromania.ro\/Sorin-Grindeanu-----i-asum---func--ia-de-premier--PSD-va-sus--ine-un-guvern-minoritar---i-vrea---nt--i-discu--ii-despre-obiective--apoi-despre-func--ii\/f600c56b29d58e70ff\/400\/225\/2\/100\/Sorin-Grindeanu-----i-asum---func--ia-de-premier--PSD-va-sus--ine-un-guvern-minoritar---i-vrea---nt--i-discu--ii-despre-obiective--apoi-despre-func--ii.jpg\" alt=\"Sorin Grindeanu \u00ee\u0219i asum\u0103 func\u021bia de premier. PSD va sus\u021bine un guvern minoritar \u0219i vrea \u00eent\u00e2i discu\u021bii despre obiective, apoi despre func\u021bii\" title=\"Sorin Grindeanu \u00ee\u0219i asum\u0103 func\u021bia de premier. PSD va sus\u021bine un guvern minoritar \u0219i vrea \u00eent\u00e2i discu\u021bii despre obiective, apoi despre func\u021bii\" class=\"img-responsive\"><\/a><\/p>\n<div class=\"news__caption\">Sorin Grindeanu FOTO Captur\u0103 de ecran PSD<\/div>\n<\/div>\n<\/div>\n<div class=\"news__content descriere_main article__marker\">\n<p><a href=\"https:\/\/ziare.com\/psd\/\" title=\"PSD\">PSD<\/a> intr\u0103 \u00een negocierile pentru formarea viitorului Guvern cu o linie ro\u0219ie clar\u0103: nu va sus\u021bine din Parlament un Executiv din care nu face parte. <a href=\"https:\/\/ziare.com\/sorin-grindeanu\/\" title=\"Sorin Grindeanu\">Sorin Grindeanu<\/a> a anun\u021bat luni, 31 august, dup\u0103 reuniunea Consiliului Politic Na\u021bional al partidului, c\u0103 social-democra\u021bii sunt preg\u0103ti\u021bi inclusiv pentru varianta unui <a href=\"https:\/\/ziare.com\/politica\/guvern\/\" title=\"guvern\">guvern<\/a> minoritar, \u00eens\u0103 condi\u021bioneaz\u0103 orice <a href=\"https:\/\/ziare.com\/politica\/acord\/\" title=\"acord\">acord<\/a> de un program cu obiective, termene \u0219i surse de finan\u021bare precise.<\/p>\n<p>\u201e<a href=\"https:\/\/ziare.com\/politica\/psd\/\" title=\"PSD\">PSD<\/a> este gata s\u0103 sus\u021bin\u0103 un guvern func\u021bional \u0219i s\u0103-\u0219i asume formarea unui guvern \u00een jurul s\u0103u, inclusiv un guvern minoritar, numai pe baza unui program clar, cu obiective precise, termene, finan\u021bare \u0219i responsabilit\u0103\u021bi asumate\u201d, a declarat Grindeanu.<\/p>\n<p>Liderul PSD a precizat \u00eens\u0103 c\u0103 partidul exclude varianta \u00een care ar acorda sprijin parlamentar unei formule guvernamentale din care social-democra\u021bii lipsesc. \u201ePartidul Social-Democrat nu va sus\u021bine nicio formul\u0103 de guvernare din care nu face parte\u201d, a spus acesta.<\/p>\n<\/div>\n<p>PSD vrea ca negocierile s\u0103 \u00eenceap\u0103 cu programul de guvernare, nu cu func\u021biile sau \u00eemp\u0103r\u021birea ministerelor. Grindeanu a anun\u021bat un acord politic construit \u00een jurul a zece priorit\u0103\u021bi pentru urm\u0103torii doi ani, care ar urma s\u0103 stea la baza viitorului program al Executivului.<\/p>\n<h2>Grindeanu: \u201eRom\u00e2nia trebuie repornit\u0103 economic\u201d<\/h2>\n<p>Relansarea produc\u021biei interne \u0219i protejarea puterii de cump\u0103rare sunt printre principalele obiective prezentate de liderul social-democrat.<\/p>\n<p>\u201eRom\u00e2nia urm\u0103torului deceniu trebuie s\u0103 fie o Rom\u00e2nie care construie\u0219te, produce \u0219i ofer\u0103 oamenilor o via\u021b\u0103 mai bun\u0103. Rom\u00e2nia trebuie repornit\u0103 economic. \u021ainta noastr\u0103 este protejarea puterii de cump\u0103rare, oprirea experimentelor fiscale \u0219i relansarea produc\u021biei \u00een Rom\u00e2nia\u201d, a declarat Sorin Grindeanu.<\/p>\n<p>Cele zece direc\u021bii propuse de PSD acoper\u0103 energia \u0219i resursele naturale, industria de ap\u0103rare, produc\u021bia rom\u00e2neasc\u0103, colectarea veniturilor la buget \u00eenaintea introducerii unor taxe noi, <a href=\"https:\/\/ziare.com\/politica\/reforma\/\" title=\"reforma\">reforma<\/a> cheltuielilor statului, salarizarea \u00een raport cu productivitatea, educa\u021bia \u0219i s\u0103n\u0103tatea, agricultura, investi\u021biile strategice \u0219i ap\u0103rarea intereselor Rom\u00e2niei \u00een UE \u0219i NATO.<\/p>\n","protected":false},"excerpt":{"rendered":"<p>[analyse_image type=&#8221;featured&#8221; src=&#8221;https:\/\/s1.ziareromania.ro\/?mmid=f600c56b29d58e70ff&#8221;] Sorin Grindeanu \u00ee\u0219i asum\u0103 func\u021bia de premier. PSD va sus\u021bine un guvern minoritar \u0219i vrea \u00eent\u00e2i discu\u021bii despre obiective, apoi despre func\u021bii Autor: Andreea Deaconescu Luni, 31 August 2026, ora 14:12 4958 citiri Sorin Grindeanu FOTO Captur\u0103 de ecran PSD PSD intr\u0103 \u00een negocierile pentru formarea viitorului Guvern cu o linie ro\u0219ie [&hellip;]<\/p>\n","protected":false},"author":1,"featured_media":0,"comment_status":"open","ping_status":"","sticky":false,"template":"","format":"standard","meta":{"footnotes":""},"categories":[89],"tags":[226,22],"class_list":["post-2121371","post","type-post","status-publish","format-standard","hentry","category-romania","tag-crawlmanager","tag-ziare-com"],"_links":{"self":[{"href":"https:\/\/analyse.optim.biz\/index.php?rest_route=\/wp\/v2\/posts\/2121371","targetHints":{"allow":["GET"]}}],"collection":[{"href":"https:\/\/analyse.optim.biz\/index.php?rest_route=\/wp\/v2\/posts"}],"about":[{"href":"https:\/\/analyse.optim.biz\/index.php?rest_route=\/wp\/v2\/types\/post"}],"author":[{"embeddable":true,"href":"https:\/\/analyse.optim.biz\/index.php?rest_route=\/wp\/v2\/users\/1"}],"replies":[{"embeddable":true,"href":"https:\/\/analyse.optim.biz\/index.php?rest_route=%2Fwp%2Fv2%2Fcomments&post=2121371"}],"version-history":[{"count":0,"href":"https:\/\/analyse.optim.biz\/index.php?rest_route=\/wp\/v2\/posts\/2121371\/revisions"}],"wp:attachment":[{"href":"https:\/\/analyse.optim.biz\/index.php?rest_route=%2Fwp%2Fv2%2Fmedia&parent=2121371"}],"wp:term":[{"taxonomy":"category","embeddable":true,"href":"https:\/\/analyse.optim.biz\/index.php?rest_route=%2Fwp%2Fv2%2Fcategories&post=2121371"},{"taxonomy":"post_tag","embeddable":true,"href":"https:\/\/analyse.optim.biz\/index.php?rest_route=%2Fwp%2Fv2%2Ftags&post=2121371"}],"curies":[{"name":"wp","href":"https:\/\/api.w.org\/{rel}","templated":true}]}}