{"id":2121361,"date":"2026-09-01T02:16:47","date_gmt":"2026-08-31T23:16:47","guid":{"rendered":"https:\/\/analyse.optim.biz\/?p=2121361"},"modified":"2026-09-01T02:16:47","modified_gmt":"2026-08-31T23:16:47","slug":"psd-a-decis-ce-fel-de-guvern-va-sustine-romania-are-nevoie-urgenta-de-un-guvern-legitim-cu-puteri-depline","status":"publish","type":"post","link":"https:\/\/analyse.optim.biz\/?p=2121361","title":{"rendered":"PSD a decis ce fel de guvern va sus\u021bine. \u201eRom\u00e2nia are nevoie urgent\u0103 de un Guvern legitim, cu puteri depline\u201d"},"content":{"rendered":"<p>[analyse_image type=&#8221;featured&#8221; src=&#8221;https:\/\/s2.ziareromania.ro\/?mmid=0abb056b1e5886dd09&#8243;]<\/p>\n<div id=\"article__container\" class=\"news__container news__image__container\">\n<h1 class=\"news__title\" title=\"PSD a decis ce fel de guvern va sus\u021bine. \u201eRom\u00e2nia are nevoie urgent\u0103 de un Guvern legitim, cu puteri depline\u201d\">PSD a decis ce fel de guvern va sus\u021bine. \u201eRom\u00e2nia are nevoie urgent\u0103 de un Guvern legitim, cu puteri depline\u201d<\/h1>\n<\/div>\n<div class=\"news__info__content d-flex\">\n<div class=\"d-flex \">\n<div class=\"news__author mar10r\"> Autor: <span><a href=\"https:\/\/ziare.com\/autor\/maria-mora\"> Maria Mora <\/a><\/span><\/div>\n<div class=\"news__publish\">Luni, 31 August 2026, ora 13:41<\/div>\n<\/div>\n<div class=\"news__views\">1706 citiri<\/div>\n<\/div>\n<div class=\"stanga_stire news__image fleft article__marker\">\n<div class=\"news-image__content news__image__item\"><a class=\"news__image\" data-href=\"https:\/\/s1.ziareromania.ro\/?mmid=0abb056b1e5886dd09\" data-size=\"960x686\" title=\"PSD a decis ce fel de guvern va sus\u021bine. \u201eRom\u00e2nia are nevoie urgent\u0103 de un Guvern legitim, cu puteri depline\u201d\"><img decoding=\"async\" src=\"https:\/\/tb.ziareromania.ro\/PSD-a-decis-ce-fel-de-guvern-va-sus--ine-----Rom--nia-are-nevoie-urgent---de-un-Guvern-legitim--cu-puteri-depline---\/0abb056b1e5886dd09\/400\/225\/2\/100\/PSD-a-decis-ce-fel-de-guvern-va-sus--ine-----Rom--nia-are-nevoie-urgent---de-un-Guvern-legitim--cu-puteri-depline---.jpg\" alt=\"PSD a decis ce fel de guvern va sus\u021bine. \u201eRom\u00e2nia are nevoie urgent\u0103 de un Guvern legitim, cu puteri depline\u201d\" title=\"PSD a decis ce fel de guvern va sus\u021bine. \u201eRom\u00e2nia are nevoie urgent\u0103 de un Guvern legitim, cu puteri depline\u201d\" class=\"img-responsive\"><\/a><\/p>\n<div class=\"news__caption\">Guvernul Rom\u00e2niei &#8211; FOTO Facebook\/Ilie Bolojan<\/div>\n<\/div>\n<\/div>\n<div class=\"news__content descriere_main article__marker\">\n<p>Conducerea <a href=\"https:\/\/ziare.com\/psd\/\" title=\"PSD\">PSD<\/a>, reunit\u0103 luni, 31 august, la Sinaia, a votat o rezolu\u021bie care prevede c\u0103 partidul va sus\u021bine dou\u0103 formule de <a href=\"https:\/\/ziare.com\/politica\/guvern\/\" title=\"guvern\">guvern<\/a>. Prima variant\u0103 este cea a unui guvern minoritar, iar a doua este a unui guvern politic mai larg \u201d\u00een jurul <a href=\"https:\/\/ziare.com\/politica\/psd\/\" title=\"PSD\">PSD<\/a>\u201d. \u00cen textul rezolu\u021biei nu este specificat explicit c\u0103 <a href=\"https:\/\/ziare.com\/sorin-grindeanu\/\" title=\"Sorin Grindeanu\">Sorin Grindeanu<\/a> trebuie s\u0103 fie premierul guvernului, de\u0219i el a fost propus ca prim-ministru de PSD \u00een urm\u0103 cu trei luni.<\/p>\n<p>\u201dConsiliul Politic Na\u021bional al Partidului Social Democrat reafirm\u0103 c\u0103 Rom\u00e2nia are nevoie urgent\u0103 de un Guvern legitim, cu puteri depline, care s\u0103 aib\u0103 capacitatea de a lua deciziile necesare \u00een actualul context economic \u0219i social. Partidul Social Democrat \u00ee\u0219i asum\u0103 pe deplin responsabilitatea de a participa la formarea \u0219i sus\u021binerea unui guvern care s\u0103 r\u0103spund\u0103 intereselor Rom\u00e2niei \u0219i ale rom\u00e2nilor\u201d, scrie \u00een rezolu\u021bia PSD.<\/p>\n<\/div>\n<p>\u00cen consecin\u021b\u0103, Partidul Social Democrat anun\u021b\u0103 c\u0103 va sus\u021bine formarea unui guvern minoritar social-democrat sau formarea unui guvern politic construit \u00een jurul PSD, \u00eempreun\u0103 cu acele for\u021be politice care sunt dispuse s\u0103 participe responsabil la guvernare.<\/p>\n<p>\u201e\u00cen acela\u0219i timp, Partidul Social Democrat nu va sus\u021bine nicio formul\u0103 de guvernare din care nu face parte. Partidul Social Democrat este preg\u0103tit s\u0103 negocieze \u0219i s\u0103 construiasc\u0103 majorit\u0103\u021bi parlamentare \u00een jurul acestor obiective, s\u0103 discute cu toate for\u021bele politice democratice din Parlament \u0219i s\u0103 g\u0103seasc\u0103 solu\u021biile necesare pentru ca Rom\u00e2nia s\u0103 dep\u0103\u0219easc\u0103 actuala criz\u0103 politic\u0103\u201d, au decis social-democra\u021bii.<\/p>\n<p>Anterior, surse apropiate situa\u021biei, citate de Adev\u0103rul spuneau c\u0103 PSD s-ar fi decis s\u0103 mearg\u0103 pe varianta Sorin <a href=\"https:\/\/ziare.com\/negocieri-guvern\/psd-sorin-grindeanu-premier-udmr-ponta-tomac-2032672\" target=\"_blank\" rel=\"nofollow\">Grindeanu<\/a>, prim-ministru, ca prim\u0103 op\u021biune, atunci c\u00e2nd Nicu\u0219or Dan o s\u0103 convoace noi discu\u021bii cu partidele.<\/p>\n","protected":false},"excerpt":{"rendered":"<p>[analyse_image type=&#8221;featured&#8221; src=&#8221;https:\/\/s2.ziareromania.ro\/?mmid=0abb056b1e5886dd09&#8243;] PSD a decis ce fel de guvern va sus\u021bine. \u201eRom\u00e2nia are nevoie urgent\u0103 de un Guvern legitim, cu puteri depline\u201d Autor: Maria Mora Luni, 31 August 2026, ora 13:41 1706 citiri Guvernul Rom\u00e2niei &#8211; FOTO Facebook\/Ilie Bolojan Conducerea PSD, reunit\u0103 luni, 31 august, la Sinaia, a votat o rezolu\u021bie care prevede c\u0103 [&hellip;]<\/p>\n","protected":false},"author":1,"featured_media":0,"comment_status":"open","ping_status":"","sticky":false,"template":"","format":"standard","meta":{"footnotes":""},"categories":[89],"tags":[226,22],"class_list":["post-2121361","post","type-post","status-publish","format-standard","hentry","category-romania","tag-crawlmanager","tag-ziare-com"],"_links":{"self":[{"href":"https:\/\/analyse.optim.biz\/index.php?rest_route=\/wp\/v2\/posts\/2121361","targetHints":{"allow":["GET"]}}],"collection":[{"href":"https:\/\/analyse.optim.biz\/index.php?rest_route=\/wp\/v2\/posts"}],"about":[{"href":"https:\/\/analyse.optim.biz\/index.php?rest_route=\/wp\/v2\/types\/post"}],"author":[{"embeddable":true,"href":"https:\/\/analyse.optim.biz\/index.php?rest_route=\/wp\/v2\/users\/1"}],"replies":[{"embeddable":true,"href":"https:\/\/analyse.optim.biz\/index.php?rest_route=%2Fwp%2Fv2%2Fcomments&post=2121361"}],"version-history":[{"count":0,"href":"https:\/\/analyse.optim.biz\/index.php?rest_route=\/wp\/v2\/posts\/2121361\/revisions"}],"wp:attachment":[{"href":"https:\/\/analyse.optim.biz\/index.php?rest_route=%2Fwp%2Fv2%2Fmedia&parent=2121361"}],"wp:term":[{"taxonomy":"category","embeddable":true,"href":"https:\/\/analyse.optim.biz\/index.php?rest_route=%2Fwp%2Fv2%2Fcategories&post=2121361"},{"taxonomy":"post_tag","embeddable":true,"href":"https:\/\/analyse.optim.biz\/index.php?rest_route=%2Fwp%2Fv2%2Ftags&post=2121361"}],"curies":[{"name":"wp","href":"https:\/\/api.w.org\/{rel}","templated":true}]}}