{"id":2121290,"date":"2026-09-01T01:21:08","date_gmt":"2026-08-31T22:21:08","guid":{"rendered":"https:\/\/analyse.optim.biz\/?p=2121290"},"modified":"2026-09-01T01:21:08","modified_gmt":"2026-08-31T22:21:08","slug":"merg-la-o-echipa-importanta-cu-istorie-foarte-mare-ce-a-spus-florin-tanase-la-plecarea-din-romania-dupa-despartirea-cu-scandal-de-fcsb","status":"publish","type":"post","link":"https:\/\/analyse.optim.biz\/?p=2121290","title":{"rendered":"\u201dMerg la o echip\u0103 important\u0103, cu istorie foarte mare\u201d. Ce-a spus Florin T\u0103nase la plecarea din Rom\u00e2nia dup\u0103 desp\u0103r\u021birea cu scandal de FCSB"},"content":{"rendered":"<p>[analyse_image type=&#8221;featured&#8221; src=&#8221;https:\/\/s1.ziareromania.ro\/?mmid=93e3456ac6b9872553&#8243;]<\/p>\n<div id=\"article__container\" class=\"news__container news__image__container\">\n<h1 class=\"news__title\" title=\"\u201dMerg la o echip\u0103 important\u0103, cu istorie foarte mare\u201d. Ce-a spus Florin T\u0103nase la plecarea din Rom\u00e2nia dup\u0103 desp\u0103r\u021birea cu scandal de FCSB\">\u201dMerg la o echip\u0103 important\u0103, cu istorie foarte mare\u201d. Ce-a spus Florin T\u0103nase la plecarea din Rom\u00e2nia dup\u0103 desp\u0103r\u021birea cu scandal de FCSB<\/h1>\n<\/div>\n<div class=\"news__info__content d-flex\">\n<div class=\"d-flex \">\n<div class=\"news__author mar10r\"> Autor: <span><a href=\"https:\/\/ziare.com\/autor\/teodor-serban\"> Teodor Serban <\/a><\/span><\/div>\n<div class=\"news__publish\">Luni, 31 August 2026, ora 10:12<\/div>\n<\/div>\n<div class=\"news__views\">1543 citiri<\/div>\n<\/div>\n<div class=\"stanga_stire news__image fleft article__marker\">\n<div class=\"news-image__content news__image__item\"><a class=\"news__image\" data-href=\"https:\/\/s2.ziareromania.ro\/?mmid=93e3456ac6b9872553\" data-size=\"687x433\" title=\"\u201dMerg la o echip\u0103 important\u0103, cu istorie foarte mare\u201d. Ce-a spus Florin T\u0103nase la plecarea din Rom\u00e2nia dup\u0103 desp\u0103r\u021birea cu scandal de FCSB\"><img decoding=\"async\" src=\"https:\/\/tb.ziareromania.ro\/---Merg-la-o-echip---important----cu-istorie-foarte-mare-----Ce-a-spus-Florin-T--nase-la-plecarea-din-Rom--nia-dup---desp--r--irea-cu-scandal-de-FCSB\/93e3456ac6b9872553\/400\/225\/2\/100\/---Merg-la-o-echip---important----cu-istorie-foarte-mare-----Ce-a-spus-Florin-T--nase-la-plecarea-din-Rom--nia-dup---desp--r--irea-cu-scandal-de-FCSB.jpg\" alt=\"\u201dMerg la o echip\u0103 important\u0103, cu istorie foarte mare\u201d. Ce-a spus Florin T\u0103nase la plecarea din Rom\u00e2nia dup\u0103 desp\u0103r\u021birea cu scandal de FCSB\" title=\"\u201dMerg la o echip\u0103 important\u0103, cu istorie foarte mare\u201d. Ce-a spus Florin T\u0103nase la plecarea din Rom\u00e2nia dup\u0103 desp\u0103r\u021birea cu scandal de FCSB\" class=\"img-responsive\"><\/a><\/p>\n<div class=\"news__caption\">Florin T\u0103nase FOTO FRF<\/div>\n<\/div>\n<\/div>\n<div class=\"news__content descriere_main article__marker\">\n<p>Interna\u021bionalul rom\u00e2n Florin T\u0103nase (31 de ani) a plecat luni din Rom\u00e2nia dup\u0103 desp\u0103r\u021birea cu scandal de <a href=\"https:\/\/ziare.com\/fcsb\/\" title=\"FCSB\">FCSB<\/a>, el urm\u00e2nd s\u0103 joace \u00een Cipru, la echipa Omonia Nicosia.<\/p>\n<p>Florin T\u0103nase a plecat de la <a href=\"https:\/\/ziare.com\/fotbal\/fcsb\/\" title=\"FCSB\">FCSB<\/a> dup\u0103 ce s-a spus c\u0103 a avut un conflict at\u00e2t cu antrenorul principal Marius Baciu, c\u00e2t \u0219i cu secundul Lucian Filip. Ca urmare, T\u0103nase n-a f\u0103cut parte din lotul FCSB-ului la meciul cu UTA, 1-3, de duminic\u0103 sear\u0103.<\/p>\n<p>\u201dDa, merg la o echip\u0103 important\u0103, cu istorie foarte mare. Acum merg s\u0103 fac vizita medical\u0103. E o echip\u0103 care joac\u0103 \u00een cupele europene. Sunt fericit. Despre cele \u00eent\u00e2mplate \u00een ultimele zile nu prea a\u0219 vrea s\u0103 vorbesc acum. O voi face \u00een viitorul apropiat.<\/p>\n<p>Sunt entuziasmat, pentru c\u0103 altfel nu plecam. \u0218ti\u021bi c\u0103 <a href=\"https:\/\/ziare.com\/steaua\/\" title=\"Steaua\">Steaua<\/a> e \u00een sufletul meu. Nu regret c\u0103 nu am mers \u00een China. A fost alegerea mea. Am preferat s\u0103 r\u0103m\u00e2n acas\u0103. Acum e ceva diferit, pentru c\u0103 am \u0219ansa s\u0103 joc \u00een cupele europene. Am vorbit \u0219i cu Elias (n.r. Charalambous). Mi-a spus foarte multe lucruri despre echip\u0103.<\/p>\n<\/div>\n<p>\u00cen ultimul timp s-au \u00eent\u00e2mplat anumite lucruri \u0219i aceasta a fost decizia mea. Nu plec cu inima str\u00e2ns\u0103. Plec cu inima deschis\u0103 \u0219i sunt ner\u0103bd\u0103tor s\u0103 \u00eencep treaba.<\/p>\n<p>Nu a fost niciun conflict cu Marius Baciu. A fost ceva artificial. Eu am spus dup\u0103 meciul cu Auda c\u0103 nu am jucat nimic \u0219i nu meritam s\u0103 ne calific\u0103m. De unde p\u00e2n\u0103 unde conflict? Problema e c\u0103 nimeni din club nu a clarificat situa\u021bia. Au fost multe plec\u0103ri de la echip\u0103. E greu&#8230;Dar sper s\u0103 se redreseze echipa\u201d, a declarat Florin T\u0103nase.<\/p>\n","protected":false},"excerpt":{"rendered":"<p>[analyse_image type=&#8221;featured&#8221; src=&#8221;https:\/\/s1.ziareromania.ro\/?mmid=93e3456ac6b9872553&#8243;] \u201dMerg la o echip\u0103 important\u0103, cu istorie foarte mare\u201d. Ce-a spus Florin T\u0103nase la plecarea din Rom\u00e2nia dup\u0103 desp\u0103r\u021birea cu scandal de FCSB Autor: Teodor Serban Luni, 31 August 2026, ora 10:12 1543 citiri Florin T\u0103nase FOTO FRF Interna\u021bionalul rom\u00e2n Florin T\u0103nase (31 de ani) a plecat luni din Rom\u00e2nia dup\u0103 desp\u0103r\u021birea [&hellip;]<\/p>\n","protected":false},"author":1,"featured_media":0,"comment_status":"open","ping_status":"","sticky":false,"template":"","format":"standard","meta":{"footnotes":""},"categories":[89],"tags":[226,22],"class_list":["post-2121290","post","type-post","status-publish","format-standard","hentry","category-romania","tag-crawlmanager","tag-ziare-com"],"_links":{"self":[{"href":"https:\/\/analyse.optim.biz\/index.php?rest_route=\/wp\/v2\/posts\/2121290","targetHints":{"allow":["GET"]}}],"collection":[{"href":"https:\/\/analyse.optim.biz\/index.php?rest_route=\/wp\/v2\/posts"}],"about":[{"href":"https:\/\/analyse.optim.biz\/index.php?rest_route=\/wp\/v2\/types\/post"}],"author":[{"embeddable":true,"href":"https:\/\/analyse.optim.biz\/index.php?rest_route=\/wp\/v2\/users\/1"}],"replies":[{"embeddable":true,"href":"https:\/\/analyse.optim.biz\/index.php?rest_route=%2Fwp%2Fv2%2Fcomments&post=2121290"}],"version-history":[{"count":0,"href":"https:\/\/analyse.optim.biz\/index.php?rest_route=\/wp\/v2\/posts\/2121290\/revisions"}],"wp:attachment":[{"href":"https:\/\/analyse.optim.biz\/index.php?rest_route=%2Fwp%2Fv2%2Fmedia&parent=2121290"}],"wp:term":[{"taxonomy":"category","embeddable":true,"href":"https:\/\/analyse.optim.biz\/index.php?rest_route=%2Fwp%2Fv2%2Fcategories&post=2121290"},{"taxonomy":"post_tag","embeddable":true,"href":"https:\/\/analyse.optim.biz\/index.php?rest_route=%2Fwp%2Fv2%2Ftags&post=2121290"}],"curies":[{"name":"wp","href":"https:\/\/api.w.org\/{rel}","templated":true}]}}