{"id":212129,"date":"2014-02-13T14:34:58","date_gmt":"2014-02-13T11:34:58","guid":{"rendered":"https:\/\/analyse.optim.biz\/?p=212129"},"modified":"2014-02-13T14:34:58","modified_gmt":"2014-02-13T11:34:58","slug":"cristian-bodea-senator-pnl-eu-zic-sa-iesim-de-la-guvernare-prea-mult-se-impauneaza-cu-cei-40-ca-sa-arate-cat-se-pricep","status":"publish","type":"post","link":"https:\/\/analyse.optim.biz\/?p=212129","title":{"rendered":"Cristian Bodea, senator PNL: Eu zic s\u0103 ie\u0219im de la guvernare. Prea mult se \u00eemp\u0103uneaz\u0103 cu cei 40% ca s\u0103 arate c\u00e2t se pricep"},"content":{"rendered":"<div class=\"entry data-app-meta data-app-meta-article\" data-embed-base-url-canonical=\"https:\/\/www.digi24.ro\/embed\/stiri\/actualitate\/politica\/cristian-bodea-senator-pnl-eu-zic-sa-iesim-de-la-guvernare-prea-mult-se-impauneaza-cu-cei-40-ca-sa-arate-cat-se-pricep-199831\">\n<p data-index=\"1\"><img decoding=\"async\" src=\"https:\/\/analyse.optim.biz\/wp-content\/uploads\/2024\/09\/lmpwzyz3ptgwmczoyxnopwi2oddhogriotqymwiwmjg4mwjhogy2mti0zmyznznm-thumb_.jpg\" data-skip-htmlfix=\"1\" title=\"lmpwzyz3ptgwmczoyxnopwi2oddhogriotqymwiwmjg4mwjhogy2mti0zmyznznm-thumb_\">\u201eDar noi nu suntem la guvernare \u00een condi\u021biile acestea, eu zic s\u0103 ie\u0219im de la guvernare, c\u0103 prea mult se \u00eemp\u0103uneaza cu ace\u0219ti 40 la sut\u0103, ca sa arate c\u00e2t se pricep\u201d, a spus <strong>Cristian Bodea<\/strong>, la <strong>Digi24<\/strong>. \u201eNoi st\u0103m foarte bine \u00een opozi\u021bie\u201d, a completat el.<\/p>\n<p data-index=\"2\">\u201eEi au plusat, ei sunt cei ce blocheaz\u0103 negocierile, ei au venit \u0219i vor al doilea vicepremier, \u00eel vor pe al patrulea vicepremier de la PC, ca un premiu pentru fidelitate, ei au blocat negocierile\u201d, a continuat liberalul \u0219irul de acuze la adresa social-democra\u021bilor.<\/p>\n<p data-index=\"3\">\u201ePentru ei guvernarea cu noi nu mai este rentabil\u0103, din moment ce trebuie s\u0103 negocieze cu noi la greu\u201d, a ar\u0103tat senatorul PNL.<\/p>\n<p data-index=\"4\">Cristian Bodea a confirmat, de asemenea, c\u0103 mini\u0219trii liberali care au fost schimba\u021bi erau prea apropia\u021bi de premierul Victor Ponta. \u201ePSD-lui nu-i mai convine un PNL care s\u0103 vorbeasc\u0103 \u00een guvern \u0219i s\u0103 spun\u0103: domnul Ponta, nu suntem de acord cu sute de OUG pe an, nu suntem de acord cu un cod rutier la comand\u0103, numai ca s\u0103 str\u00e2ngem amenzi ca s\u0103 aducem bani la buget. (&#8230;) V\u0103 aduc aminte c\u0103 dl. Antonescu a spus la o televiziune c\u0103 el a aflat din pres\u0103 de noul cod rutier \u0219i l-a certat pe Radu Stroe\u201d.<\/p>\n<p data-index=\"5\">\u00cen schimb, senatorul liberal este convins c\u0103 primarul Klaus Iohannis, propus pentru Interne, nu va face la fel. \u201eNu cred c\u0103 va accepta un Iohannis \u00een guvern care va face concuren\u021b\u0103 de imagine domnului viitor preziden\u021biabil\u201d, a mai spus Cristian Bodea, \u00eentr-o aluzie la Victor Ponta.<\/p>\n<p data-index=\"6\">\u00centrebat dac\u0103, \u00een cazul \u00een care ar ie\u0219i de la guvernare, liberalii se vor \u00een\u021belege cu cei de la opozi\u021bie, senatorul a spus: \u201eDeocamdat\u0103 noi suntem singura opozi\u021bie. Noi am fost \u015fi p\u00e2n\u0103 acum\u201d. Urm\u0103ri\u0163i-i declara\u021biile senatorului de Bihor \u00een \u00eenregistrarea de mai jos:<\/p>\n<\/div>\n<p> Source URL: https:\/\/www.digi24.ro\/stiri\/actualitate\/politica\/cristian-bodea-senator-pnl-eu-zic-sa-iesim-de-la-guvernare-prea-mult-se-impauneaza-cu-cei-40-ca-sa-arate-cat-se-pricep-199831<\/p>\n","protected":false},"excerpt":{"rendered":"<p>\u201eDar noi nu suntem la guvernare \u00een condi\u021biile acestea, eu zic s\u0103 ie\u0219im de la guvernare, c\u0103 prea mult se \u00eemp\u0103uneaza cu ace\u0219ti 40 la sut\u0103, ca sa arate c\u00e2t se pricep\u201d, a spus Cristian Bodea, la Digi24. \u201eNoi st\u0103m foarte bine \u00een opozi\u021bie\u201d, a completat el. \u201eEi au plusat, ei sunt cei ce blocheaz\u0103 [&hellip;]<\/p>\n","protected":false},"author":1,"featured_media":212130,"comment_status":"open","ping_status":"","sticky":false,"template":"","format":"standard","meta":{"footnotes":""},"categories":[2],"tags":[11],"class_list":["post-212129","post","type-post","status-publish","format-standard","has-post-thumbnail","hentry","category-politics","tag-digi24"],"_links":{"self":[{"href":"https:\/\/analyse.optim.biz\/index.php?rest_route=\/wp\/v2\/posts\/212129","targetHints":{"allow":["GET"]}}],"collection":[{"href":"https:\/\/analyse.optim.biz\/index.php?rest_route=\/wp\/v2\/posts"}],"about":[{"href":"https:\/\/analyse.optim.biz\/index.php?rest_route=\/wp\/v2\/types\/post"}],"author":[{"embeddable":true,"href":"https:\/\/analyse.optim.biz\/index.php?rest_route=\/wp\/v2\/users\/1"}],"replies":[{"embeddable":true,"href":"https:\/\/analyse.optim.biz\/index.php?rest_route=%2Fwp%2Fv2%2Fcomments&post=212129"}],"version-history":[{"count":0,"href":"https:\/\/analyse.optim.biz\/index.php?rest_route=\/wp\/v2\/posts\/212129\/revisions"}],"wp:featuredmedia":[{"embeddable":true,"href":"https:\/\/analyse.optim.biz\/index.php?rest_route=\/wp\/v2\/media\/212130"}],"wp:attachment":[{"href":"https:\/\/analyse.optim.biz\/index.php?rest_route=%2Fwp%2Fv2%2Fmedia&parent=212129"}],"wp:term":[{"taxonomy":"category","embeddable":true,"href":"https:\/\/analyse.optim.biz\/index.php?rest_route=%2Fwp%2Fv2%2Fcategories&post=212129"},{"taxonomy":"post_tag","embeddable":true,"href":"https:\/\/analyse.optim.biz\/index.php?rest_route=%2Fwp%2Fv2%2Ftags&post=212129"}],"curies":[{"name":"wp","href":"https:\/\/api.w.org\/{rel}","templated":true}]}}