{"id":2121246,"date":"2026-09-01T00:20:54","date_gmt":"2026-08-31T21:20:54","guid":{"rendered":"https:\/\/analyse.optim.biz\/?p=2121246"},"modified":"2026-09-01T00:20:54","modified_gmt":"2026-08-31T21:20:54","slug":"dimian-cere-parlamentului-sa-decida-cat-mai-rapid-asupra-examenului-de-admitere-la-liceu-regulile-trebuie-clarificate-cat-mai-devreme","status":"publish","type":"post","link":"https:\/\/analyse.optim.biz\/?p=2121246","title":{"rendered":"Dimian cere Parlamentului s\u0103 decid\u0103 c\u00e2t mai rapid asupra examenului de admitere la liceu: \u201dRegulile trebuie clarificate c\u00e2t mai devreme\u201d"},"content":{"rendered":"<p>[analyse_image type=&#8221;featured&#8221; src=&#8221;https:\/\/s1.ziareromania.ro\/?mmid=a395d56b0651074b4c&#8221;]<\/p>\n<div id=\"article__container\" class=\"news__container news__image__container\">\n<h1 class=\"news__title\" title=\"Dimian cere Parlamentului s\u0103 decid\u0103 c\u00e2t mai rapid asupra examenului de admitere la liceu: \u201dRegulile trebuie clarificate c\u00e2t mai devreme\u201d\">Dimian cere Parlamentului s\u0103 decid\u0103 c\u00e2t mai rapid asupra examenului de admitere la liceu: \u201dRegulile trebuie clarificate c\u00e2t mai devreme\u201d<\/h1>\n<\/div>\n<div class=\"news__info__content d-flex\">\n<div class=\"d-flex \">\n<div class=\"news__author mar10r\"> Autor: <span><a href=\"https:\/\/ziare.com\/autor\/aniela-manolea\"> Aniela Manolea <\/a><\/span><\/div>\n<div class=\"news__publish\">Luni, 31 August 2026, ora 08:11<\/div>\n<\/div>\n<div class=\"news__views\">729 citiri<\/div>\n<\/div>\n<div class=\"stanga_stire news__image fleft article__marker\">\n<div class=\"news-image__content news__image__item\"><a class=\"news__image\" data-href=\"https:\/\/s2.ziareromania.ro\/?mmid=a395d56b0651074b4c\" data-size=\"1024x705\" title=\"Dimian cere Parlamentului s\u0103 decid\u0103 c\u00e2t mai rapid asupra examenului de admitere la liceu: \u201dRegulile trebuie clarificate c\u00e2t mai devreme\u201d\"><img decoding=\"async\" src=\"https:\/\/tb.ziareromania.ro\/Dimian-cere-Parlamentului-s---decid---c--t-mai-rapid-asupra-examenului-de-admitere-la-liceu-----Regulile-trebuie-clarificate-c--t-mai-devreme---\/a395d56b0651074b4c\/400\/225\/2\/100\/Dimian-cere-Parlamentului-s---decid---c--t-mai-rapid-asupra-examenului-de-admitere-la-liceu-----Regulile-trebuie-clarificate-c--t-mai-devreme---.jpg\" alt=\"Dimian cere Parlamentului s\u0103 decid\u0103 c\u00e2t mai rapid asupra examenului de admitere la liceu: \u201dRegulile trebuie clarificate c\u00e2t mai devreme\u201d\" title=\"Dimian cere Parlamentului s\u0103 decid\u0103 c\u00e2t mai rapid asupra examenului de admitere la liceu: \u201dRegulile trebuie clarificate c\u00e2t mai devreme\u201d\" class=\"img-responsive\"><\/a><\/p>\n<div class=\"news__caption\">Mihai Dimian, ministrul Educa\u021biei \u0219i Cercet\u0103rii FOTO Facebook \/Mihai Dimian<\/div>\n<\/div>\n<\/div>\n<div class=\"news__content descriere_main article__marker\">\n<p>Ministrul interimar al Educa\u021biei, <a href=\"https:\/\/ziare.com\/mihai-dimian\/\" title=\"Mihai Dimian\">Mihai Dimian<\/a>, solicit\u0103 Parlamentului care revine \u00een sesiune mar\u021bi, 1 august, s\u0103 decid\u0103 c\u00e2t mai rapid asupra organiz\u0103rii examenului de <a href=\"https:\/\/ziare.com\/scoala\/admitere\/\" title=\"admitere\">admitere<\/a> la liceu, care ar putea afecta elevii din anul \u0219colar 2026-2027, \u00een lipsa unei derog\u0103ri explicite.<\/p>\n<p>Dimian spune c\u0103 propunerea legislativ\u0103 privind abrogarea sau prorogarea prevederilor referitoare la posibilitatea organiz\u0103rii, de c\u0103tre anumite <a href=\"https:\/\/ziare.com\/scoala\/licee\/\" title=\"licee\">licee<\/a> \u0219i pentru anumite specializ\u0103ri, a unui concurs separat de admitere pentru maximum 50% dintre locuri a avut, s\u0103pt\u0103m\u00e2na trecut\u0103, un \u201etraseu sinuos\u201d \u00een Parlament.<\/p>\n<p>Dezbaterea urmeaz\u0103 s\u0103 fie reluat\u0103 mar\u021bi, \u00een comisia de specialitate a Senatului, a anun\u021bat ministrul.<\/p>\n<p>\u201eEste \u00eens\u0103 necesar\u0103 o clarificare important\u0103. Dac\u0103 Parlamentul dore\u0219te ca abrogarea sau prorogarea s\u0103 produc\u0103 efecte \u00eenc\u0103 din anul \u0219colar 2026-2027, propunerea legislativ\u0103 trebuie s\u0103 con\u021bin\u0103 \u0219i o derogare explicit\u0103 de la art. 10 alin. (2) din Legea \u00eenv\u0103\u021b\u0103m\u00e2ntului <a href=\"https:\/\/ziare.com\/scoala\/preuniversitar\/\" title=\"preuniversitar\">preuniversitar<\/a>. \u00cen lipsa unei asemenea derog\u0103ri, modific\u0103rile aduse Legii \u00eenv\u0103\u021b\u0103m\u00e2ntului preuniversitar intr\u0103 \u00een vigoare, potrivit acestui articol, \u00eencep\u00e2nd cu prima zi a anului \u0219colar urm\u0103tor celui \u00een care sunt adoptate, ceea ce ar \u00eensemna anul \u0219colar 2027-2028. P\u00e2n\u0103 la modificarea \u0219i intrarea \u00een vigoare a legii, Ministerul Educa\u021biei \u0219i Cercet\u0103rii are obliga\u021bia de a aplica legea aflat\u0103 \u00een vigoare\u201d, a precizat Dimian.<\/p>\n<\/div>\n<p>\u00cen acest sens, MEC trebuie s\u0103 publice calendarul repartiz\u0103rii \u0219i admiterii \u0219i metodologia-cadru corespunz\u0103toare.<\/p>\n<p>Potrivit acestuia, de luni vor fi discutate \u00een Comisia de dialog social, metodologia revizuit\u0103 \u0219i calendarul admiterii.<\/p>\n<h2>Supravegherea audio-video \u0219i secretizarea lucr\u0103rilor<\/h2>\n<p>\u201eDac\u0103 Parlamentul va decide abrogarea sau prorogarea prevederilor privind concursul separat de admitere, iar noua lege va intra \u00een vigoare pentru anul \u0219colar 2026-2027, Ministerul va modifica \u00een consecin\u021b\u0103 metodologia \u0219i calendarul. P\u00e2n\u0103 atunci, este necesar s\u0103 preg\u0103tim aplicarea legii existente. \u00cen acela\u0219i timp, analiz\u00e2nd \u0219i propunerile primite \u00een procesul de consultare public\u0103, se propune ca, dac\u0103 se va ajunge la organizarea acestor concursuri, regulile generale s\u0103 ofere garan\u021bii c\u00e2t mai puternice de transparen\u021b\u0103, obiectivitate, echitate \u0219i nediscriminare. Varianta ini\u021bial\u0103 a metodologiei prevedea deja c\u0103 procedura elaborat\u0103 de fiecare liceu trebuie s\u0103 respecte aceste principii, iar inspectoratele \u0219colare trebuie s\u0103 verifice respectarea lor \u00een procesul de avizare\u201d, a subliniat el.<\/p>\n","protected":false},"excerpt":{"rendered":"<p>[analyse_image type=&#8221;featured&#8221; src=&#8221;https:\/\/s1.ziareromania.ro\/?mmid=a395d56b0651074b4c&#8221;] Dimian cere Parlamentului s\u0103 decid\u0103 c\u00e2t mai rapid asupra examenului de admitere la liceu: \u201dRegulile trebuie clarificate c\u00e2t mai devreme\u201d Autor: Aniela Manolea Luni, 31 August 2026, ora 08:11 729 citiri Mihai Dimian, ministrul Educa\u021biei \u0219i Cercet\u0103rii FOTO Facebook \/Mihai Dimian Ministrul interimar al Educa\u021biei, Mihai Dimian, solicit\u0103 Parlamentului care revine \u00een [&hellip;]<\/p>\n","protected":false},"author":1,"featured_media":0,"comment_status":"open","ping_status":"","sticky":false,"template":"","format":"standard","meta":{"footnotes":""},"categories":[89],"tags":[226,22],"class_list":["post-2121246","post","type-post","status-publish","format-standard","hentry","category-romania","tag-crawlmanager","tag-ziare-com"],"_links":{"self":[{"href":"https:\/\/analyse.optim.biz\/index.php?rest_route=\/wp\/v2\/posts\/2121246","targetHints":{"allow":["GET"]}}],"collection":[{"href":"https:\/\/analyse.optim.biz\/index.php?rest_route=\/wp\/v2\/posts"}],"about":[{"href":"https:\/\/analyse.optim.biz\/index.php?rest_route=\/wp\/v2\/types\/post"}],"author":[{"embeddable":true,"href":"https:\/\/analyse.optim.biz\/index.php?rest_route=\/wp\/v2\/users\/1"}],"replies":[{"embeddable":true,"href":"https:\/\/analyse.optim.biz\/index.php?rest_route=%2Fwp%2Fv2%2Fcomments&post=2121246"}],"version-history":[{"count":0,"href":"https:\/\/analyse.optim.biz\/index.php?rest_route=\/wp\/v2\/posts\/2121246\/revisions"}],"wp:attachment":[{"href":"https:\/\/analyse.optim.biz\/index.php?rest_route=%2Fwp%2Fv2%2Fmedia&parent=2121246"}],"wp:term":[{"taxonomy":"category","embeddable":true,"href":"https:\/\/analyse.optim.biz\/index.php?rest_route=%2Fwp%2Fv2%2Fcategories&post=2121246"},{"taxonomy":"post_tag","embeddable":true,"href":"https:\/\/analyse.optim.biz\/index.php?rest_route=%2Fwp%2Fv2%2Ftags&post=2121246"}],"curies":[{"name":"wp","href":"https:\/\/api.w.org\/{rel}","templated":true}]}}