{"id":2121233,"date":"2026-08-31T14:47:10","date_gmt":"2026-08-31T11:47:10","guid":{"rendered":"https:\/\/analyse.optim.biz\/?p=2121233"},"modified":"2026-08-31T14:47:10","modified_gmt":"2026-08-31T11:47:10","slug":"grindeanu-evita-sa-comenteze-cazul-pahontu","status":"publish","type":"post","link":"https:\/\/analyse.optim.biz\/?p=2121233","title":{"rendered":"Grindeanu evit\u0103 s\u0103 comenteze cazul Pahon\u021bu"},"content":{"rendered":"<p>[analyse_image type=&#8221;featured&#8221; src=&#8221;https:\/\/ziardesuceava.ro\/wp-content\/uploads\/2026\/08\/79873-1024&#215;576.png&#8221;]<\/p>\n<div class=\"post-content clearfix\">\n<div class=\"blog-post-thumb\"><img loading=\"lazy\" decoding=\"async\" width=\"1140\" height=\"694\" src=\"https:\/\/ziardesuceava.ro\/wp-content\/uploads\/2026\/08\/79873-1140x694.png\" class=\"attachment-inhype-blog-thumb size-inhype-blog-thumb wp-post-image\" alt><\/div>\n<div class=\"entry-content\">\n<div>\n<p class=\"fara-orfani lead\">Cred c\u0103 domnul Pahon\u021bu trebuie s\u0103-\u0219i clarifice acele aspecte care sunt semnalate \u00een ancheta jurnalistic\u0103, a spus Sorin Grindeanu, dup\u0103 care a trecut la alte subiecte \u0219i a \u00eencheiat conferin\u021ba de pres\u0103 de la Sinaia.<\/p>\n<div class=\"continut-articol\">\n<p>\u201cCred c\u0103 domnul Pahon\u021bu trebuie s\u0103-\u0219i clarifice acele aspecte care sunt semnalate \u00een ancheta jurnalistic\u0103. Ceea ce pot eu s\u0103 v\u0103 spun din experien\u021ba mea personal\u0103 este c\u0103 serviciul de protec\u021bie \u0219i paz\u0103 este un serviciu de paz\u0103 extrem de profesionist \u0219i este apreciat inclusiv de c\u0103tre partenerii externi. Mai departe, cred c\u0103 trebuie s\u0103-i \u00eentreba\u021bi pe fo\u0219tii pre\u0219edin\u021bi B\u0103sescu \u0219i Iohannis, pe Nicu\u0219or Dan \u0219i chiar pe domnul Bolojan, care a fost pre\u0219edinte interimar, a\u0219a cum bine \u0219tim, vreo jum\u0103tate de an\u201d, a declarat pre\u0219edintele PSD, \u00eentrebat de cazul Lucian Pahon\u021bu.<\/p>\n<p>El a mai spus c\u0103 nu va \u201cachiesa la corul de aplaudaci la comand\u0103\u201d. <\/p>\n<p>\u201cLa 36 de ani de la Revolu\u021bie avem astfel de revela\u021bii? Exist\u0103 astfel de descoperiri \u00een Rom\u00e2nia? Dar c\u00e2nd am avut un procuror general ca Augustin Lazar, procuror comunist, care a trimis la Aiud diver\u0219i condamna\u021bi politici, sau c\u00e2nd am avut un ministru al justi\u021biei, fost procuror comunist ca Monica Macovei, am mai avut asemenea revela\u021bii, cum le avem acum? Dar c\u00e2nd rom\u00e2nii au ales de dou\u0103 ori un fost turn\u0103tor la securitate, am avut asemenea revela\u021bii noi \u00een Rom\u00e2nia? Eu s\u0103 \u0219ti\u021bi c\u0103 aceast\u0103 ipocrizie nu gust o absolut deloc\u201d, a mai spus Grindeanu, \u00eencheiind conferin\u021ba de pres\u0103.<\/p>\n<p>\u0218i pre\u0219edintele Nicu\u0219or Dan e evocat \u00een ap\u0103rarea lui Pahon\u021bu p\u0103rerea bun\u0103 pe care o au parteneri interna\u021bionali despre SPP \u0219i faptul c\u0103 a trecut mult timp de la Revolu\u021bie \u0219i e greu de crezut c\u0103 se va da un verdict\u00a0 \u00een instan\u021b\u0103.<\/p>\n<\/div>\n<\/div>\n<\/div>\n<div class=\"inhype-social-share-fixed sidebar-position-right\">\n<div class=\"post-social-wrapper\">\n<div class=\"post-social-title\"><span class=\"post-social-title-text\">Share<\/span><\/div>\n<\/div>\n<\/div>\n<\/div>\n<p>[analyse_source url=&#8221;https:\/\/ziardesuceava.ro\/grindeanu-evita-sa-comenteze-cazul-pahontu\/&#8221;]<\/p>\n","protected":false},"excerpt":{"rendered":"<p>[analyse_image type=&#8221;featured&#8221; src=&#8221;https:\/\/ziardesuceava.ro\/wp-content\/uploads\/2026\/08\/79873-1024&#215;576.png&#8221;] Cred c\u0103 domnul Pahon\u021bu trebuie s\u0103-\u0219i clarifice acele aspecte care sunt semnalate \u00een ancheta jurnalistic\u0103, a spus Sorin Grindeanu, dup\u0103 care a trecut la alte subiecte \u0219i a \u00eencheiat conferin\u021ba de pres\u0103 de la Sinaia. \u201cCred c\u0103 domnul Pahon\u021bu trebuie s\u0103-\u0219i clarifice acele aspecte care sunt semnalate \u00een ancheta jurnalistic\u0103. Ceea ce [&hellip;]<\/p>\n","protected":false},"author":1,"featured_media":0,"comment_status":"open","ping_status":"","sticky":false,"template":"","format":"standard","meta":{"footnotes":""},"categories":[89],"tags":[226,171],"class_list":["post-2121233","post","type-post","status-publish","format-standard","hentry","category-romania","tag-crawlmanager","tag-ziardesuceava-ro"],"_links":{"self":[{"href":"https:\/\/analyse.optim.biz\/index.php?rest_route=\/wp\/v2\/posts\/2121233","targetHints":{"allow":["GET"]}}],"collection":[{"href":"https:\/\/analyse.optim.biz\/index.php?rest_route=\/wp\/v2\/posts"}],"about":[{"href":"https:\/\/analyse.optim.biz\/index.php?rest_route=\/wp\/v2\/types\/post"}],"author":[{"embeddable":true,"href":"https:\/\/analyse.optim.biz\/index.php?rest_route=\/wp\/v2\/users\/1"}],"replies":[{"embeddable":true,"href":"https:\/\/analyse.optim.biz\/index.php?rest_route=%2Fwp%2Fv2%2Fcomments&post=2121233"}],"version-history":[{"count":0,"href":"https:\/\/analyse.optim.biz\/index.php?rest_route=\/wp\/v2\/posts\/2121233\/revisions"}],"wp:attachment":[{"href":"https:\/\/analyse.optim.biz\/index.php?rest_route=%2Fwp%2Fv2%2Fmedia&parent=2121233"}],"wp:term":[{"taxonomy":"category","embeddable":true,"href":"https:\/\/analyse.optim.biz\/index.php?rest_route=%2Fwp%2Fv2%2Fcategories&post=2121233"},{"taxonomy":"post_tag","embeddable":true,"href":"https:\/\/analyse.optim.biz\/index.php?rest_route=%2Fwp%2Fv2%2Ftags&post=2121233"}],"curies":[{"name":"wp","href":"https:\/\/api.w.org\/{rel}","templated":true}]}}