{"id":2121231,"date":"2026-08-31T12:08:19","date_gmt":"2026-08-31T09:08:19","guid":{"rendered":"https:\/\/analyse.optim.biz\/?p=2121231"},"modified":"2026-08-31T12:08:19","modified_gmt":"2026-08-31T09:08:19","slug":"grindeanu-evident-ca-imi-asum-functia-de-prim-ministru-insa-presedintele-e-cel-care-face-desemnarea","status":"publish","type":"post","link":"https:\/\/analyse.optim.biz\/?p=2121231","title":{"rendered":"Grindeanu: Evident c\u0103 \u00eemi asum func\u0163ia de prim-ministru, \u00eens\u0103 pre\u015fedintele e cel care face desemnarea."},"content":{"rendered":"<p>[analyse_image type=&#8221;featured&#8221; src=&#8221;https:\/\/ziardesuceava.ro\/wp-content\/uploads\/2026\/08\/gindi.webp&#8221;]<\/p>\n<div class=\"post-content clearfix\">\n<div class=\"blog-post-thumb\"><img loading=\"lazy\" decoding=\"async\" width=\"887\" height=\"586\" src=\"https:\/\/ziardesuceava.ro\/wp-content\/uploads\/2026\/08\/gindi.webp\" class=\"attachment-inhype-blog-thumb size-inhype-blog-thumb wp-post-image\" alt><\/div>\n<div class=\"entry-content\">\n<p class=\"first-paragraph\">Pre\u015fedintele PSD, Sorin Grindeanu, a declarat luni, la Sinaia, c\u0103 el \u00ee\u015fi asum\u0103 func\u0163ia de prim-ministru, \u00eens\u0103 pre\u015fedintele e cel care face desemnarea \u015fi, \u00een func\u0163ie de asta, vor exista discu\u0163iile politice necesare. El a men\u0163ionat c\u0103 \u015fi-ar dori s\u0103 avem un guvern p\u00e2n\u0103 \u00een 15 septembrie.<\/p>\n<p>\u201dPropunerea PSD pentru func\u0163ia de prim-ministru este luat\u0103 de acum 3 luni. Nu s-a schimbat nimic. Noi nu ne schimb\u0103m deciziile dup\u0103 cum bate v\u00e2ntul. Evident c\u0103 \u00eemi asum func\u0163ia de prim-ministru, \u00eens\u0103 v\u0103 reamintesc c\u0103 pre\u015fedintele e cel care face desemnarea. \u00cen func\u0163ie de asta, vor exista discu\u0163iile politice necesare. Este clar, \u00een schimb, c\u0103 este nevoie de o desemnare c\u00e2t mai repede\u201d, a spus pre\u015fedintele PSD, Sorin Grindeanu, la Sinaia, citat de news.ro.<\/p>\n<p>El a men\u0163ionat c\u0103 ceea ce au stabilit ast\u0103zi, la Sinaia, cei din conducerea PSD, este cadrul politic \u00een care PSD va sus\u0163ine viitorul guvern. \u201dVariantele sunt fie guvern minoritar PSD, fie un guvern \u00een jurul PSD. Spre deosebire de al\u0163ii, care confund\u0103 guvernul cu o prim\u0103rie, eu \u015ftiu ce \u00eenseamn\u0103 s\u0103 fii premier. Am avut \u00een acele \u015fase luni, dac\u0103 adun \u015fi cele \u015fase luni ale lui Tudose, am avut \u00een acel an, \u00een 2017, o cre\u015ftere economic\u0103 de 7% \u015fi un deficit de sub 3%\u201d, a mai spus Grindeanu.<\/p>\n<p>Potrivit liderului PSD, azi, partidul a setat cadrul de negociere \u015fi de discu\u0163ii cu ceilal\u0163i actori politici. Sorin Grindeanu a mai spus c\u0103 el crede c\u0103 va fi o desemnare destul de repede de premier.<\/p>\n<p>\u201dEu cred c\u0103 Rom\u00e2nia trebuie s\u0103 intre rapid \u00een acest calendar. Dar au fost aceste luni de var\u0103 \u00een care era destul de greu s\u0103 voteze un nou guvern. (..) Eu cred c\u0103 lucrurile trebuie s\u0103 intre rapid \u00eentr-un calendar.<\/p>\n<p>Eu mi-a\u015f dori s\u0103 avem un guvern atunci c\u00e2nd, dup\u0103 15 septembrie, cred c\u0103 a mai r\u0103mas Standard and Poors. Oricum, \u00een jum\u0103tatea lunii septembrie ar fi bine s\u0103 avem un guvern cu puteri depline, astfel \u00eenc\u00e2t partenerii de dialog s\u0103 fie unii legitima\u0163i, unii da\u0163i de un vot al Parlamentului. Deci, da, mi-a\u015f dori s\u0103 avem un guvern p\u00e2n\u0103 \u00een 15 septembrie\u201d, a mai spus el.<\/p>\n<\/div>\n<div class=\"inhype-social-share-fixed sidebar-position-right\">\n<div class=\"post-social-wrapper\">\n<div class=\"post-social-title\"><span class=\"post-social-title-text\">Share<\/span><\/div>\n<\/div>\n<\/div>\n<\/div>\n<p>[analyse_source url=&#8221;https:\/\/ziardesuceava.ro\/grindeanu-evident-ca-imi-asum-functia-de-prim-ministru-insa-presedintele-e-cel-care-face-desemnarea\/&#8221;]<\/p>\n","protected":false},"excerpt":{"rendered":"<p>[analyse_image type=&#8221;featured&#8221; src=&#8221;https:\/\/ziardesuceava.ro\/wp-content\/uploads\/2026\/08\/gindi.webp&#8221;] Pre\u015fedintele PSD, Sorin Grindeanu, a declarat luni, la Sinaia, c\u0103 el \u00ee\u015fi asum\u0103 func\u0163ia de prim-ministru, \u00eens\u0103 pre\u015fedintele e cel care face desemnarea \u015fi, \u00een func\u0163ie de asta, vor exista discu\u0163iile politice necesare. El a men\u0163ionat c\u0103 \u015fi-ar dori s\u0103 avem un guvern p\u00e2n\u0103 \u00een 15 septembrie. \u201dPropunerea PSD pentru func\u0163ia de [&hellip;]<\/p>\n","protected":false},"author":1,"featured_media":0,"comment_status":"open","ping_status":"","sticky":false,"template":"","format":"standard","meta":{"footnotes":""},"categories":[89],"tags":[226,171],"class_list":["post-2121231","post","type-post","status-publish","format-standard","hentry","category-romania","tag-crawlmanager","tag-ziardesuceava-ro"],"_links":{"self":[{"href":"https:\/\/analyse.optim.biz\/index.php?rest_route=\/wp\/v2\/posts\/2121231","targetHints":{"allow":["GET"]}}],"collection":[{"href":"https:\/\/analyse.optim.biz\/index.php?rest_route=\/wp\/v2\/posts"}],"about":[{"href":"https:\/\/analyse.optim.biz\/index.php?rest_route=\/wp\/v2\/types\/post"}],"author":[{"embeddable":true,"href":"https:\/\/analyse.optim.biz\/index.php?rest_route=\/wp\/v2\/users\/1"}],"replies":[{"embeddable":true,"href":"https:\/\/analyse.optim.biz\/index.php?rest_route=%2Fwp%2Fv2%2Fcomments&post=2121231"}],"version-history":[{"count":0,"href":"https:\/\/analyse.optim.biz\/index.php?rest_route=\/wp\/v2\/posts\/2121231\/revisions"}],"wp:attachment":[{"href":"https:\/\/analyse.optim.biz\/index.php?rest_route=%2Fwp%2Fv2%2Fmedia&parent=2121231"}],"wp:term":[{"taxonomy":"category","embeddable":true,"href":"https:\/\/analyse.optim.biz\/index.php?rest_route=%2Fwp%2Fv2%2Fcategories&post=2121231"},{"taxonomy":"post_tag","embeddable":true,"href":"https:\/\/analyse.optim.biz\/index.php?rest_route=%2Fwp%2Fv2%2Ftags&post=2121231"}],"curies":[{"name":"wp","href":"https:\/\/api.w.org\/{rel}","templated":true}]}}