{"id":2121230,"date":"2026-08-31T12:45:15","date_gmt":"2026-08-31T09:45:15","guid":{"rendered":"https:\/\/analyse.optim.biz\/?p=2121230"},"modified":"2026-08-31T12:45:15","modified_gmt":"2026-08-31T09:45:15","slug":"grindeanu-psd-nu-va-sustine-nicio-formula-de-guvernare-din-care-nu-face-parte","status":"publish","type":"post","link":"https:\/\/analyse.optim.biz\/?p=2121230","title":{"rendered":"Grindeanu: PSD nu va sus\u021bine nicio formul\u0103 de guvernare din care nu face parte"},"content":{"rendered":"<p>[analyse_image type=&#8221;featured&#8221; src=&#8221;https:\/\/ziardesuceava.ro\/wp-content\/uploads\/2026\/08\/79872-1024&#215;576.png&#8221;]<\/p>\n<div class=\"post-content clearfix\">\n<div class=\"blog-post-thumb\"><img loading=\"lazy\" decoding=\"async\" width=\"1140\" height=\"694\" src=\"https:\/\/ziardesuceava.ro\/wp-content\/uploads\/2026\/08\/79872-1140x694.png\" class=\"attachment-inhype-blog-thumb size-inhype-blog-thumb wp-post-image\" alt><\/div>\n<div class=\"entry-content\">\n<div>\n<p class=\"fara-orfani lead\">PSD nu va sus\u021bine nicio formul\u0103 de guvernare din care nu face parte, a declarat luni, dup\u0103 Consiliul Politic Na\u021bional, pre\u0219edintele Sorin Grindeanu.<\/p>\n<div class=\"continut-articol\">\n<p>\u201cAst\u0103zi, Consiliul Politic Na\u021bional al Partidului Social Democrat a luat o serie de decizii responsabile, asumate intern, sub forma unor rezolu\u021bii politice. \u0218i anume, conducerea politic\u0103 a PSD a fost mandatat\u0103 s\u0103 negocieze \u00een plan politic urm\u0103toarele: PSD este gata s\u0103 sus\u021bin\u0103 un guvern func\u021bional \u0219i s\u0103-\u0219i asume formarea unui guvern \u00een jurul s\u0103u, inclusiv un guvern minoritar, numai pe baza unui program clar, cu obiective precise, termene, finan\u021bare \u0219i responsabilit\u0103\u021bi asumate. \u00cen acela\u0219i timp, pentru a fi f\u0103r\u0103 echivoc, PSD nu va sus\u021bine nicio formul\u0103 de guvernare din care nu face parte\u201d, a declarat pre\u0219edintele PSD.<\/p>\n<p>\u201cEu \u0219tiu ce \u00eenseamn\u0103 s\u0103 fii premier\u201d, a afirmat Grindeanu, care crede c\u0103 va fi o desemnare \u201cdestul de repede\u201d a unui premier.<\/p>\n<p>PSD propune ca nicio disput\u0103 politic\u0103 s\u0103 nu fie externalizat\u0103 la nivel european.<\/p>\n<p>\u201cRom\u00e2nia este \u00eenaintea intereselor de partid, prin urmare PSD propune tuturor partidelor democratice din Rom\u00e2nia asumarea unui principiu simplu: nici o disput\u0103 politic\u0103 intern\u0103 nu trebuie a fi externalizat\u0103 la nivel european \u00eentr-o manier\u0103 care poate prejudicia interesele economice, financiare sau strategice ale Rom\u00e2niei\u201d, a spus el, ad\u0103ug\u00e2nd c\u0103 \u021binta social-democra\u021bilor este \u201cprotejarea puterii de cump\u0103rare, oprirea experimentelor fiscale \u0219i relansarea produc\u021biei \u00een Rom\u00e2nia\u201d.<\/p>\n<p>Grindeanu sus\u021bine c\u0103 PSD va vota mai \u00eent\u00e2i obiective, apoi func\u021bii. El a prezentat draftul unui acord politic cu 10 priorit\u0103\u021bi pentru urm\u0103torii doi ani, acordul fiind baza pentru programul de guvernare.<\/p>\n<p>Pe de alt\u0103 parte, el a sus\u021binut c\u0103 un guvern PSD va duce Rom\u00e2nia \u00een OECD \u0219i \u00een zona euro.<\/p>\n<\/div>\n<\/div>\n<\/div>\n<div class=\"inhype-social-share-fixed sidebar-position-right\">\n<div class=\"post-social-wrapper\">\n<div class=\"post-social-title\"><span class=\"post-social-title-text\">Share<\/span><\/div>\n<\/div>\n<\/div>\n<\/div>\n<p>[analyse_source url=&#8221;https:\/\/ziardesuceava.ro\/grindeanu-psd-nu-va-sustine-nicio-formula-de-guvernare-din-care-nu-face-parte\/&#8221;]<\/p>\n","protected":false},"excerpt":{"rendered":"<p>[analyse_image type=&#8221;featured&#8221; src=&#8221;https:\/\/ziardesuceava.ro\/wp-content\/uploads\/2026\/08\/79872-1024&#215;576.png&#8221;] PSD nu va sus\u021bine nicio formul\u0103 de guvernare din care nu face parte, a declarat luni, dup\u0103 Consiliul Politic Na\u021bional, pre\u0219edintele Sorin Grindeanu. \u201cAst\u0103zi, Consiliul Politic Na\u021bional al Partidului Social Democrat a luat o serie de decizii responsabile, asumate intern, sub forma unor rezolu\u021bii politice. \u0218i anume, conducerea politic\u0103 a PSD a [&hellip;]<\/p>\n","protected":false},"author":1,"featured_media":0,"comment_status":"open","ping_status":"","sticky":false,"template":"","format":"standard","meta":{"footnotes":""},"categories":[89],"tags":[226,171],"class_list":["post-2121230","post","type-post","status-publish","format-standard","hentry","category-romania","tag-crawlmanager","tag-ziardesuceava-ro"],"_links":{"self":[{"href":"https:\/\/analyse.optim.biz\/index.php?rest_route=\/wp\/v2\/posts\/2121230","targetHints":{"allow":["GET"]}}],"collection":[{"href":"https:\/\/analyse.optim.biz\/index.php?rest_route=\/wp\/v2\/posts"}],"about":[{"href":"https:\/\/analyse.optim.biz\/index.php?rest_route=\/wp\/v2\/types\/post"}],"author":[{"embeddable":true,"href":"https:\/\/analyse.optim.biz\/index.php?rest_route=\/wp\/v2\/users\/1"}],"replies":[{"embeddable":true,"href":"https:\/\/analyse.optim.biz\/index.php?rest_route=%2Fwp%2Fv2%2Fcomments&post=2121230"}],"version-history":[{"count":0,"href":"https:\/\/analyse.optim.biz\/index.php?rest_route=\/wp\/v2\/posts\/2121230\/revisions"}],"wp:attachment":[{"href":"https:\/\/analyse.optim.biz\/index.php?rest_route=%2Fwp%2Fv2%2Fmedia&parent=2121230"}],"wp:term":[{"taxonomy":"category","embeddable":true,"href":"https:\/\/analyse.optim.biz\/index.php?rest_route=%2Fwp%2Fv2%2Fcategories&post=2121230"},{"taxonomy":"post_tag","embeddable":true,"href":"https:\/\/analyse.optim.biz\/index.php?rest_route=%2Fwp%2Fv2%2Ftags&post=2121230"}],"curies":[{"name":"wp","href":"https:\/\/api.w.org\/{rel}","templated":true}]}}