{"id":2121229,"date":"2026-08-31T10:32:00","date_gmt":"2026-08-31T07:32:00","guid":{"rendered":"https:\/\/analyse.optim.biz\/?p=2121229"},"modified":"2026-08-31T10:32:00","modified_gmt":"2026-08-31T07:32:00","slug":"1-100-de-mame-si-nou-nascuti-din-medii-vulnerabile-din-judetul-suceava-primesc-cutia-bebelusului","status":"publish","type":"post","link":"https:\/\/analyse.optim.biz\/?p=2121229","title":{"rendered":"1.100 de mame \u0219i nou-n\u0103scu\u021bi din medii vulnerabile din jude\u021bul Suceava primesc \u201eCutia Bebelu\u0219ului\u201d"},"content":{"rendered":"<p>[analyse_image type=&#8221;featured&#8221; src=&#8221;https:\/\/blogger.googleusercontent.com\/img\/b\/R29vZ2xl\/AVvXsEhbBWN5VFswtLK_W8o81wCyh_DhkEagLVaQ6uw83JVJB-uZapM8HawZT6JcHcgRq2xJUD0yVLlmiAKJld-sdvkjzao2iaI7pV1Djb8EnpjVtHLBHCikw7_0BdQVCL9C_kRUomteghNZc4xime2OnD34gI4pancr20n4y0Ql8AuqVP8PvLMiGDoTcEJKuHo\/w1600\/cutia-bebelusului.jpg&#8221;]<\/p>\n<div class=\"post-body entry-content\" id=\"post-body\">\n<div class=\"separator\"><a href=\"https:\/\/blogger.googleusercontent.com\/img\/b\/R29vZ2xl\/AVvXsEhbBWN5VFswtLK_W8o81wCyh_DhkEagLVaQ6uw83JVJB-uZapM8HawZT6JcHcgRq2xJUD0yVLlmiAKJld-sdvkjzao2iaI7pV1Djb8EnpjVtHLBHCikw7_0BdQVCL9C_kRUomteghNZc4xime2OnD34gI4pancr20n4y0Ql8AuqVP8PvLMiGDoTcEJKuHo\/s1381\/cutia-bebelusului.jpg\"><img decoding=\"async\" alt=\"1.100 de mame \u0219i nou-n\u0103scu\u021bi din medii vulnerabile din jude\u021bul Suceava primesc \u201eCutia Bebelu\u0219ului\u201d\" border=\"0\" height=\"362\" loading=\"lazy\" src=\"https:\/\/blogger.googleusercontent.com\/img\/b\/R29vZ2xl\/AVvXsEhbBWN5VFswtLK_W8o81wCyh_DhkEagLVaQ6uw83JVJB-uZapM8HawZT6JcHcgRq2xJUD0yVLlmiAKJld-sdvkjzao2iaI7pV1Djb8EnpjVtHLBHCikw7_0BdQVCL9C_kRUomteghNZc4xime2OnD34gI4pancr20n4y0Ql8AuqVP8PvLMiGDoTcEJKuHo\/w640-h362-rw\/cutia-bebelusului.jpg\" title=\"1.100 de mame \u0219i nou-n\u0103scu\u021bi din medii vulnerabile din jude\u021bul Suceava primesc \u201eCutia Bebelu\u0219ului\u201d\" width=\"640\"><\/a><\/div>\n<p><strong>\u00cen cea de-a patra edi\u021bie a programului \u201eCutia Bebelu\u0219ului\u201d, 1.100 de mame \u0219i nou-n\u0103scu\u021bii lor din comunit\u0103\u021bi vulnerabile aflate \u00een jude\u021bul Suceava vor beneficia de sprijin material \u0219i consiliere de specialitate. Programul urm\u0103re\u0219te reducerea ratei mortalit\u0103\u021bii infantile \u0219i faciliteaz\u0103 crearea unei leg\u0103turi \u00eentre familiile vulnerabile \u0219i profesioni\u0219ti.<\/strong><\/p>\n<h2>Impactul programului \u00een jude\u021bul Suceava<\/h2>\n<p>P\u00e2n\u0103 la finalul celor patru edi\u021bii ale programului, un num\u0103r total de 3.725 de mame \u0219i nou-n\u0103scu\u021bi din jude\u021bul Suceava vor fi beneficiat de acest sprijin. \u00cen edi\u021bia curent\u0103, sprijinul ajunge la 1.100 de familii, fiind distribuit astfel:<\/p>\n<ul>\n<li>400 de familii primesc sprijin prin intermediul Organiza\u021biei Salva\u021bi Copiii Rom\u00e2nia.<\/li>\n<li>700 de familii beneficiaz\u0103 de program prin intermediul Asocia\u021biei SAMAS.<\/li>\n<\/ul>\n<p>\u00cen jude\u021bul Suceava, interven\u021biile sunt realizate cu ajutorul a 81 de speciali\u0219ti. Mai exact, 6 medici de familie colaboratori ai Salva\u021bi Copiii Rom\u00e2nia ac\u021bioneaz\u0103 \u00een 40 de comunit\u0103\u021bi, \u00een timp ce 75 de asisten\u021bi medicali comunitari din re\u021beaua SAMAS intervin \u00een alte 75 de comunit\u0103\u021bi.<\/p>\n<h2>Ce con\u021bine \u201eCutia Bebelu\u0219ului\u201d \u0219i de ce este important\u0103<\/h2>\n<p>Pachetul oferit mamelor este g\u00e2ndit pentru a asigura un start sigur \u00een via\u021b\u0103 \u0219i include 65 de produse utile pentru primele luni ale bebelu\u0219ului. Printre acestea se num\u0103r\u0103 produse de igien\u0103 pentru nou-n\u0103scut \u0219i mam\u0103, articole pentru hr\u0103nire, h\u0103inu\u021be \u0219i produse necesare somnului. Un aspect esen\u021bial este faptul c\u0103 \u00eens\u0103\u0219i cutia, av\u00e2nd integrat\u0103 o saltelu\u021b\u0103, poate fi utilizat\u0103 ca un loc sigur de dormit, prevenind astfel riscul de moarte subit\u0103 a sugarului. Acest detaliu este vital mai ales pentru familiile numeroase care sunt nevoite s\u0103 \u00eempart\u0103 acela\u0219i spa\u021biu de dormit.<\/p>\n<p>Pe l\u00e2ng\u0103 ajutorul material, mamele primesc consiliere fa\u021b\u0103 \u00een fa\u021b\u0103 din partea speciali\u0219tilor. De exemplu, asistentul medical comunitar Viorica Ni\u021bu (Schipor) din Vicovu de Sus, care a distribuit deja peste 100 de cutii, a explicat c\u0103 le \u00eenva\u021b\u0103 pe tinerele mame (multe dintre ele fiind minore) cum s\u0103 \u00eengrijeasc\u0103 bebelu\u0219ul, cum s\u0103 foloseasc\u0103 produsele \u0219i cum s\u0103 gestioneze al\u0103ptarea. Impactul pozitiv este confirmat \u0219i de medicul de familie Dan L\u0103pu\u0219an din Voitinel, care a observat c\u0103, \u00een timp, datorit\u0103 programului, mamele au devenit mai bine informate \u0219i se prezint\u0103 mai constant la controalele medicale.<\/p>\n<h2>Un proiect na\u021bional cu o finan\u021bare de 5 milioane de euro<\/h2>\n<p>La nivel na\u021bional, edi\u021bia a patra a programului vizeaz\u0103 10.000 de mame \u0219i nou-n\u0103scu\u021bi din 1.135 de comunit\u0103\u021bi vulnerabile aflate \u00een 24 de jude\u021be. Programul beneficiaz\u0103 de o finan\u021bare de 5 milioane de euro asigurat\u0103 de Funda\u021bia OMV Petrom \u0219i este implementat de Salva\u021bi Copiii Rom\u00e2nia \u00eempreun\u0103 cu Asocia\u021bia SAMAS.<\/p>\n<p>Ini\u021biativa este un r\u0103spuns direct la statisticile \u00eengrijor\u0103toare privind accesul inegal la resurse din Rom\u00e2nia. Datele provizorii ale Institutului Na\u021bional de Statistic\u0103 pentru anul 2025 indic\u0103 o rat\u0103 medie a mortalit\u0103\u021bii infantile de 6 decese la 1.000 de n\u0103scu\u021bi-vii, inciden\u021ba fiind \u0219i mai mare \u00een mediul rural, unde ajunge la 6,8 la mie. Totodat\u0103, \u00een 2025, 28,35% dintre na\u0219teri au avut loc f\u0103r\u0103 ca mamele s\u0103 fi beneficiat de un control prenatal, situa\u021bia fiind \u0219i mai grav\u0103 \u00een r\u00e2ndul mamelor minore.<\/p>\n<\/div>\n<div class=\"post-body entry-content\" id=\"post-body\">\n<div class=\"separator\"><a href=\"https:\/\/blogger.googleusercontent.com\/img\/b\/R29vZ2xl\/AVvXsEhbBWN5VFswtLK_W8o81wCyh_DhkEagLVaQ6uw83JVJB-uZapM8HawZT6JcHcgRq2xJUD0yVLlmiAKJld-sdvkjzao2iaI7pV1Djb8EnpjVtHLBHCikw7_0BdQVCL9C_kRUomteghNZc4xime2OnD34gI4pancr20n4y0Ql8AuqVP8PvLMiGDoTcEJKuHo\/s1381\/cutia-bebelusului.jpg\"><img decoding=\"async\" alt=\"1.100 de mame \u0219i nou-n\u0103scu\u021bi din medii vulnerabile din jude\u021bul Suceava primesc \u201eCutia Bebelu\u0219ului\u201d\" border=\"0\" height=\"362\" loading=\"lazy\" src=\"https:\/\/blogger.googleusercontent.com\/img\/b\/R29vZ2xl\/AVvXsEhbBWN5VFswtLK_W8o81wCyh_DhkEagLVaQ6uw83JVJB-uZapM8HawZT6JcHcgRq2xJUD0yVLlmiAKJld-sdvkjzao2iaI7pV1Djb8EnpjVtHLBHCikw7_0BdQVCL9C_kRUomteghNZc4xime2OnD34gI4pancr20n4y0Ql8AuqVP8PvLMiGDoTcEJKuHo\/w640-h362-rw\/cutia-bebelusului.jpg\" title=\"1.100 de mame \u0219i nou-n\u0103scu\u021bi din medii vulnerabile din jude\u021bul Suceava primesc \u201eCutia Bebelu\u0219ului\u201d\" width=\"640\"><\/a><\/div>\n<p><strong>\u00cen cea de-a patra edi\u021bie a programului \u201eCutia Bebelu\u0219ului\u201d, 1.100 de mame \u0219i nou-n\u0103scu\u021bii lor din comunit\u0103\u021bi vulnerabile aflate \u00een jude\u021bul Suceava vor beneficia de sprijin material \u0219i consiliere de specialitate. Programul urm\u0103re\u0219te reducerea ratei mortalit\u0103\u021bii infantile \u0219i faciliteaz\u0103 crearea unei leg\u0103turi \u00eentre familiile vulnerabile \u0219i profesioni\u0219ti.<\/strong><\/p>\n<h2>Impactul programului \u00een jude\u021bul Suceava<\/h2>\n<p>P\u00e2n\u0103 la finalul celor patru edi\u021bii ale programului, un num\u0103r total de 3.725 de mame \u0219i nou-n\u0103scu\u021bi din jude\u021bul Suceava vor fi beneficiat de acest sprijin. \u00cen edi\u021bia curent\u0103, sprijinul ajunge la 1.100 de familii, fiind distribuit astfel:<\/p>\n<ul>\n<li>400 de familii primesc sprijin prin intermediul Organiza\u021biei Salva\u021bi Copiii Rom\u00e2nia.<\/li>\n<li>700 de familii beneficiaz\u0103 de program prin intermediul Asocia\u021biei SAMAS.<\/li>\n<\/ul>\n<p>\u00cen jude\u021bul Suceava, interven\u021biile sunt realizate cu ajutorul a 81 de speciali\u0219ti. Mai exact, 6 medici de familie colaboratori ai Salva\u021bi Copiii Rom\u00e2nia ac\u021bioneaz\u0103 \u00een 40 de comunit\u0103\u021bi, \u00een timp ce 75 de asisten\u021bi medicali comunitari din re\u021beaua SAMAS intervin \u00een alte 75 de comunit\u0103\u021bi.<\/p>\n<h2>Ce con\u021bine \u201eCutia Bebelu\u0219ului\u201d \u0219i de ce este important\u0103<\/h2>\n<p>Pachetul oferit mamelor este g\u00e2ndit pentru a asigura un start sigur \u00een via\u021b\u0103 \u0219i include 65 de produse utile pentru primele luni ale bebelu\u0219ului. Printre acestea se num\u0103r\u0103 produse de igien\u0103 pentru nou-n\u0103scut \u0219i mam\u0103, articole pentru hr\u0103nire, h\u0103inu\u021be \u0219i produse necesare somnului. Un aspect esen\u021bial este faptul c\u0103 \u00eens\u0103\u0219i cutia, av\u00e2nd integrat\u0103 o saltelu\u021b\u0103, poate fi utilizat\u0103 ca un loc sigur de dormit, prevenind astfel riscul de moarte subit\u0103 a sugarului. Acest detaliu este vital mai ales pentru familiile numeroase care sunt nevoite s\u0103 \u00eempart\u0103 acela\u0219i spa\u021biu de dormit.<\/p>\n<p>Pe l\u00e2ng\u0103 ajutorul material, mamele primesc consiliere fa\u021b\u0103 \u00een fa\u021b\u0103 din partea speciali\u0219tilor. De exemplu, asistentul medical comunitar Viorica Ni\u021bu (Schipor) din Vicovu de Sus, care a distribuit deja peste 100 de cutii, a explicat c\u0103 le \u00eenva\u021b\u0103 pe tinerele mame (multe dintre ele fiind minore) cum s\u0103 \u00eengrijeasc\u0103 bebelu\u0219ul, cum s\u0103 foloseasc\u0103 produsele \u0219i cum s\u0103 gestioneze al\u0103ptarea. Impactul pozitiv este confirmat \u0219i de medicul de familie Dan L\u0103pu\u0219an din Voitinel, care a observat c\u0103, \u00een timp, datorit\u0103 programului, mamele au devenit mai bine informate \u0219i se prezint\u0103 mai constant la controalele medicale.<\/p>\n<h2>Un proiect na\u021bional cu o finan\u021bare de 5 milioane de euro<\/h2>\n<p>La nivel na\u021bional, edi\u021bia a patra a programului vizeaz\u0103 10.000 de mame \u0219i nou-n\u0103scu\u021bi din 1.135 de comunit\u0103\u021bi vulnerabile aflate \u00een 24 de jude\u021be. Programul beneficiaz\u0103 de o finan\u021bare de 5 milioane de euro asigurat\u0103 de Funda\u021bia OMV Petrom \u0219i este implementat de Salva\u021bi Copiii Rom\u00e2nia \u00eempreun\u0103 cu Asocia\u021bia SAMAS.<\/p>\n<p>Ini\u021biativa este un r\u0103spuns direct la statisticile \u00eengrijor\u0103toare privind accesul inegal la resurse din Rom\u00e2nia. Datele provizorii ale Institutului Na\u021bional de Statistic\u0103 pentru anul 2025 indic\u0103 o rat\u0103 medie a mortalit\u0103\u021bii infantile de 6 decese la 1.000 de n\u0103scu\u021bi-vii, inciden\u021ba fiind \u0219i mai mare \u00een mediul rural, unde ajunge la 6,8 la mie. Totodat\u0103, \u00een 2025, 28,35% dintre na\u0219teri au avut loc f\u0103r\u0103 ca mamele s\u0103 fi beneficiat de un control prenatal, situa\u021bia fiind \u0219i mai grav\u0103 \u00een r\u00e2ndul mamelor minore.<\/p>\n<\/div>\n<p>[analyse_source url=&#8221;https:\/\/www.stirisuceava.net\/2026\/08\/1100-de-mame-si-nou-nascuti-din-medii.html&#8221;]<\/p>\n","protected":false},"excerpt":{"rendered":"<p>[analyse_image type=&#8221;featured&#8221; src=&#8221;https:\/\/blogger.googleusercontent.com\/img\/b\/R29vZ2xl\/AVvXsEhbBWN5VFswtLK_W8o81wCyh_DhkEagLVaQ6uw83JVJB-uZapM8HawZT6JcHcgRq2xJUD0yVLlmiAKJld-sdvkjzao2iaI7pV1Djb8EnpjVtHLBHCikw7_0BdQVCL9C_kRUomteghNZc4xime2OnD34gI4pancr20n4y0Ql8AuqVP8PvLMiGDoTcEJKuHo\/w1600\/cutia-bebelusului.jpg&#8221;] \u00cen cea de-a patra edi\u021bie a programului \u201eCutia Bebelu\u0219ului\u201d, 1.100 de mame \u0219i nou-n\u0103scu\u021bii lor din comunit\u0103\u021bi vulnerabile aflate \u00een jude\u021bul Suceava vor beneficia de sprijin material \u0219i consiliere de specialitate. Programul urm\u0103re\u0219te reducerea ratei mortalit\u0103\u021bii infantile \u0219i faciliteaz\u0103 crearea unei leg\u0103turi \u00eentre familiile vulnerabile \u0219i profesioni\u0219ti. Impactul programului \u00een jude\u021bul Suceava [&hellip;]<\/p>\n","protected":false},"author":1,"featured_media":0,"comment_status":"open","ping_status":"","sticky":false,"template":"","format":"standard","meta":{"footnotes":""},"categories":[89],"tags":[226,172],"class_list":["post-2121229","post","type-post","status-publish","format-standard","hentry","category-romania","tag-crawlmanager","tag-stirisuceava-net"],"_links":{"self":[{"href":"https:\/\/analyse.optim.biz\/index.php?rest_route=\/wp\/v2\/posts\/2121229","targetHints":{"allow":["GET"]}}],"collection":[{"href":"https:\/\/analyse.optim.biz\/index.php?rest_route=\/wp\/v2\/posts"}],"about":[{"href":"https:\/\/analyse.optim.biz\/index.php?rest_route=\/wp\/v2\/types\/post"}],"author":[{"embeddable":true,"href":"https:\/\/analyse.optim.biz\/index.php?rest_route=\/wp\/v2\/users\/1"}],"replies":[{"embeddable":true,"href":"https:\/\/analyse.optim.biz\/index.php?rest_route=%2Fwp%2Fv2%2Fcomments&post=2121229"}],"version-history":[{"count":0,"href":"https:\/\/analyse.optim.biz\/index.php?rest_route=\/wp\/v2\/posts\/2121229\/revisions"}],"wp:attachment":[{"href":"https:\/\/analyse.optim.biz\/index.php?rest_route=%2Fwp%2Fv2%2Fmedia&parent=2121229"}],"wp:term":[{"taxonomy":"category","embeddable":true,"href":"https:\/\/analyse.optim.biz\/index.php?rest_route=%2Fwp%2Fv2%2Fcategories&post=2121229"},{"taxonomy":"post_tag","embeddable":true,"href":"https:\/\/analyse.optim.biz\/index.php?rest_route=%2Fwp%2Fv2%2Ftags&post=2121229"}],"curies":[{"name":"wp","href":"https:\/\/api.w.org\/{rel}","templated":true}]}}