{"id":2121227,"date":"2026-08-31T11:55:00","date_gmt":"2026-08-31T08:55:00","guid":{"rendered":"https:\/\/analyse.optim.biz\/?p=2121227"},"modified":"2026-08-31T11:55:00","modified_gmt":"2026-08-31T08:55:00","slug":"islandezii-au-spus-nu-bruxelles-ului-locuitorii-insulei-nordice-au-respins-prin-referendum-reluarea-negocierilor-de-aderare-la-ue","status":"publish","type":"post","link":"https:\/\/analyse.optim.biz\/?p=2121227","title":{"rendered":"Islandezii au spus NU Bruxelles-ului. Locuitorii insulei nordice au respins prin referendum reluarea negocierilor de aderare la UE"},"content":{"rendered":"<p>[analyse_image type=&#8221;featured&#8221; src=&#8221;https:\/\/radiogoldfm.ro\/wp-content\/uploads\/2026\/08\/referendum_islanda_300826.jpghttps:\/\/radiogoldfm.ro\/wp-content\/uploads\/2026\/08\/referendum_islanda_300826.jpg&#8221;]<\/p>\n<div class=\"qt-the-content\">\n<p>Islandezii au votat \u00eempotriva relu\u0103rii negocierilor pentru aderarea insulei la Uniunea European\u0103, potrivit rezultatelor aproape finale prezentate ast\u0103zi de postul public de televiziune RUV. Ini\u021biativa guvernului de a redeschide discu\u021biile cu Bruxellesul a fost respins\u0103 de aleg\u0103tori, care au preferat s\u0103 p\u0103streze \u00een afara UE una dintre cele mai importante resurse ale \u021b\u0103rii \u2013 apele sale de pescuit, relateaz\u0103 Reuters \u0219i AFP.<\/p>\n<p>Pe m\u0103sur\u0103 ce num\u0103rarea voturilor se apropia de final, tab\u0103ra \u201eNu\u201d avea un avans de cinci puncte procentuale. Potrivit num\u0103r\u0103torii \u00een direct prezentate de RUV, 52,5% dintre aleg\u0103tori s-au pronun\u021bat \u00eempotriva relu\u0103rii negocierilor, \u00een timp ce 47,5% au votat \u201eDa\u201d. Mai r\u0103m\u0103seser\u0103 de num\u0103rat doar o parte dintre buletinele dintr-o circumscrip\u021bie electoral\u0103 care \u00eenclina deja spre \u201eNu\u201d.<\/p>\n<p>\u201ePoporul respinge negocierile de aderare la UE\u201d, a concluzionat RUV pe site-ul s\u0103u.<\/p>\n<p>Un rezultat negativ reprezint\u0103 o dezam\u0103gire pentru Bruxelles, \u00een condi\u021biile \u00een care unii oficiali europeni au prezentat Islanda drept un candidat cu risc sc\u0103zut la aderare. \u00cen opinia acestora, reluarea procesului ar fi putut contribui la diminuarea scepticismului privind extinderea UE \u0219i la consolidarea strategic\u0103 a blocului comunitar, \u00eentr-un moment \u00een care securitatea \u00een regiunea arctic\u0103 a devenit o preocupare major\u0103.<\/p>\n<p>Guvernul islandez \u0219i-a prezentat ini\u021biativa drept un moment de tip \u201eacum sau niciodat\u0103\u201d. Prim-ministrul Kristrun Frostadottir le-a spus aleg\u0103torilor \u00een luna august c\u0103 un vot \u201eNu\u201d ar pune cap\u0103t tuturor specula\u021biilor privind aderarea Islandei la Uniunea European\u0103.<\/p>\n<p>Sus\u021bin\u0103torii ader\u0103rii au argumentat c\u0103 intrarea \u00een UE ar putea contribui la reducerea ratelor ridicate ale dob\u00e2nzilor \u0219i ar oferi Islandei un plus de securitate \u00eentr-un context interna\u021bional marcat de r\u0103zboiul din Ucraina \u0219i de declara\u021biile pre\u0219edintelui american Donald Trump privind anexarea unei alte insule arctice, Groenlanda.<\/p>\n<p>De cealalt\u0103 parte, sus\u021bin\u0103torii taberei \u201eNu\u201d au avertizat c\u0103 aderarea la UE ar pune \u00een pericol suveranitatea Islandei \u0219i controlul asupra apelor sale de pescuit.<\/p>\n<p>Campania pentru referendum a alimentat dezbaterea privind locul Islandei \u00een lume, a declarat prim-ministrul Kristrun Frostadottir reporterilor dup\u0103 ce \u0219i-a exprimat votul, s\u00e2mb\u0103t\u0103, \u00een capitala Reykjavik.<\/p>\n<p>\u201eEste o zi minunat\u0103. Am a\u0219teptat asta de ani de zile pentru a putea vota\u201d, a spus Frostadottir, preciz\u00e2nd c\u0103 guvernul s\u0103u \u00ee\u0219i va continua activitatea indiferent de rezultatul referendumului.<\/p>\n<p>Islanda a depus prima cerere de aderare la Uniunea European\u0103 \u00een 2009, \u00een perioada \u00een care o criz\u0103 financiar\u0103 a afectat puternic economia mic\u0103 \u0219i expus\u0103 a \u021b\u0103rii. \u00cen 2013, un guvern eurosceptic a decis s\u0103 pun\u0103 cap\u0103t negocierilor.<\/p>\n<p>\u00centre timp, schimb\u0103rile geopolitice, inclusiv r\u0103zboiul din Orientul Mijlociu \u0219i tarifele de import impuse de Statele Unite, au amplificat presiunea asupra unei chestiuni pe care islandezii o dezbat, cu intermiten\u021be, de zeci de ani.<\/p>\n<p>\u00cen urma rezultatului referendumului, orice discu\u021bie privind aderarea Islandei la UE ar urma s\u0103 fie \u00eenghe\u021bat\u0103 cel pu\u021bin p\u00e2n\u0103 \u00een 2028.<\/p>\n<p>\u00cen prezent, Islanda este str\u00e2ns asociat\u0103 cu Uniunea European\u0103 prin apartenen\u021ba la Spa\u021biul Economic European (SEE) \u0219i la Spa\u021biul Schengen, printre altele. Aceste leg\u0103turi cu UE ar urma s\u0103 r\u0103m\u00e2n\u0103 neschimbate.<\/p>\n<p><em><strong>surs\u0103: <a href=\"https:\/\/ziua.md\/islandezii-au-spus-nu-bruxelles-ului-locuitorii-insulei-nordice-au-respins-prin-referendum-reluarea-negocierilor-de-aderare-la-ue\/\">ziua.md<\/a><\/strong><\/em><\/p>\n<div class=\"tagcloud qt-spacer-m\"><span class=\"qt-title\">Tagged as <\/span><a href=\"https:\/\/radiogoldfm.ro\/tag\/europa\/\" rel=\"tag\">europa<\/a><a href=\"https:\/\/radiogoldfm.ro\/tag\/gold-fm\/\" rel=\"tag\">GOLD FM<\/a><a href=\"https:\/\/radiogoldfm.ro\/tag\/islanda\/\" rel=\"tag\">islanda<\/a><a href=\"https:\/\/radiogoldfm.ro\/tag\/referendum\/\" rel=\"tag\">referendum<\/a><a href=\"https:\/\/radiogoldfm.ro\/tag\/romania\/\" rel=\"tag\">romania<\/a><a href=\"https:\/\/radiogoldfm.ro\/tag\/uniunea-europeana\/\" rel=\"tag\">uniunea europeana<\/a><\/div>\n<div class=\"qt-post-author qt-card\">\n<div class=\"row\">\n<div class=\"qt-post-author-data col s10 m7 l7\">\n<h6>Profil<\/h6>\n<h4><a href=\"https:\/\/radiogoldfm.ro\/islandezii-au-spus-nu-bruxelles-ului-locuitorii-insulei-nordice-au-respins-prin-referendum-reluarea-negocierilor-de-aderare-la-ue\/#author_page\">Gold FM Radio<\/a><\/h4>\n<\/div>\n<div class=\"qt-post-author-link col s12 m3 l4 \"><a href=\"https:\/\/radiogoldfm.ro\/author\/gold-fm\/\" class=\"qt-btn qt-btn-large qt-btn-primary aligncenter\">Arhiva postari<\/a><\/div>\n<\/div>\n<\/div>\n<\/div>\n<p>[analyse_source url=&#8221;https:\/\/radiogoldfm.ro\/islandezii-au-spus-nu-bruxelles-ului-locuitorii-insulei-nordice-au-respins-prin-referendum-reluarea-negocierilor-de-aderare-la-ue\/&#8221;]<\/p>\n","protected":false},"excerpt":{"rendered":"<p>[analyse_image type=&#8221;featured&#8221; src=&#8221;https:\/\/radiogoldfm.ro\/wp-content\/uploads\/2026\/08\/referendum_islanda_300826.jpghttps:\/\/radiogoldfm.ro\/wp-content\/uploads\/2026\/08\/referendum_islanda_300826.jpg&#8221;] Islandezii au votat \u00eempotriva relu\u0103rii negocierilor pentru aderarea insulei la Uniunea European\u0103, potrivit rezultatelor aproape finale prezentate ast\u0103zi de postul public de televiziune RUV. Ini\u021biativa guvernului de a redeschide discu\u021biile cu Bruxellesul a fost respins\u0103 de aleg\u0103tori, care au preferat s\u0103 p\u0103streze \u00een afara UE una dintre cele mai importante resurse ale [&hellip;]<\/p>\n","protected":false},"author":1,"featured_media":0,"comment_status":"open","ping_status":"","sticky":false,"template":"","format":"standard","meta":{"footnotes":""},"categories":[89],"tags":[226,96],"class_list":["post-2121227","post","type-post","status-publish","format-standard","hentry","category-romania","tag-crawlmanager","tag-radiogoldfm-ro"],"_links":{"self":[{"href":"https:\/\/analyse.optim.biz\/index.php?rest_route=\/wp\/v2\/posts\/2121227","targetHints":{"allow":["GET"]}}],"collection":[{"href":"https:\/\/analyse.optim.biz\/index.php?rest_route=\/wp\/v2\/posts"}],"about":[{"href":"https:\/\/analyse.optim.biz\/index.php?rest_route=\/wp\/v2\/types\/post"}],"author":[{"embeddable":true,"href":"https:\/\/analyse.optim.biz\/index.php?rest_route=\/wp\/v2\/users\/1"}],"replies":[{"embeddable":true,"href":"https:\/\/analyse.optim.biz\/index.php?rest_route=%2Fwp%2Fv2%2Fcomments&post=2121227"}],"version-history":[{"count":0,"href":"https:\/\/analyse.optim.biz\/index.php?rest_route=\/wp\/v2\/posts\/2121227\/revisions"}],"wp:attachment":[{"href":"https:\/\/analyse.optim.biz\/index.php?rest_route=%2Fwp%2Fv2%2Fmedia&parent=2121227"}],"wp:term":[{"taxonomy":"category","embeddable":true,"href":"https:\/\/analyse.optim.biz\/index.php?rest_route=%2Fwp%2Fv2%2Fcategories&post=2121227"},{"taxonomy":"post_tag","embeddable":true,"href":"https:\/\/analyse.optim.biz\/index.php?rest_route=%2Fwp%2Fv2%2Ftags&post=2121227"}],"curies":[{"name":"wp","href":"https:\/\/api.w.org\/{rel}","templated":true}]}}