{"id":2121212,"date":"2026-08-31T15:47:56","date_gmt":"2026-08-31T12:47:56","guid":{"rendered":"https:\/\/analyse.optim.biz\/?p=2121212"},"modified":"2026-08-31T15:47:56","modified_gmt":"2026-08-31T12:47:56","slug":"vertijul-de-ce-apare-cum-il-recunoastem-si-cand-devine-o-urgenta-2","status":"publish","type":"post","link":"https:\/\/analyse.optim.biz\/?p=2121212","title":{"rendered":"VERTIJUL: DE CE APARE, CUM \u00ceL RECUNOA\u0218TEM \u0218I C\u00c2ND DEVINE O URGEN\u021a\u0102?"},"content":{"rendered":"<p>[analyse_image type=&#8221;featured&#8221; src=&#8221;https:\/\/revistaverde.ro\/wp-content\/uploads\/2026\/08\/vertij_560.jpg&#8221;]<\/p>\n<article id=\"post-15902\" class=\"post-15902 post type-post status-publish format-standard has-post-thumbnail hentry category-evnimente category-international category-sanatate\">\n<header class=\"entry-header mh-clearfix\">\n<h1 class=\"entry-title\">VERTIJUL: DE CE APARE, CUM \u00ceL RECUNOA\u0218TEM \u0218I C\u00c2ND DEVINE O URGEN\u021a\u0102?<\/h1>\n<p class=\"mh-meta entry-meta\"><span class=\"entry-meta-date updated\"><a href=\"https:\/\/revistaverde.ro\/2026\/08\/\">august 31, 2026<\/a><\/span><span class=\"entry-meta-author author vcard\"><a class=\"fn\" href=\"https:\/\/revistaverde.ro\/author\/revistaverdefrumoasa2017\/\">M\u0103rg\u0103rit GROSU<\/a><\/span><span class=\"entry-meta-categories\"><a href=\"https:\/\/revistaverde.ro\/category\/local\/evnimente\/\" rel=\"category tag\">Evenimente<\/a>, <a href=\"https:\/\/revistaverde.ro\/category\/international\/\" rel=\"category tag\">international<\/a>, <a href=\"https:\/\/revistaverde.ro\/category\/sanatate\/\" rel=\"category tag\">SANATATE<\/a><\/span><span class=\"entry-meta-comments\"><a class=\"mh-comment-scroll\" href=\"https:\/\/revistaverde.ro\/2026\/08\/31\/vertijul-de-ce-apare-cum-il-recunoastem-si-cand-devine-o-urgenta\/#mh-comments\">0<\/a><\/span><\/p>\n<\/header>\n<div class=\"entry-content mh-clearfix\">\n<figure class=\"entry-thumbnail\"><img decoding=\"async\" src=\"https:\/\/revistaverde.ro\/wp-content\/uploads\/2026\/08\/vertij_560-560x381.jpg\" alt title=\"vertij_560\"><\/figure>\n<p>\u00a0Vertijul este unul dintre simptomele care \u00eei \u00eengrijoreaz\u0103 cel mai mult pe pacien\u021bi \u0219i reprezint\u0103 un motiv frecvent de prezentare la medic, inclusiv la camera de gard\u0103. De\u0219i, \u00een multe situa\u021bii, cauza este una benign\u0103 \u0219i tratabil\u0103, vertijul poate avea origini diverse \u0219i, uneori, poate semnala o afec\u021biune care necesit\u0103 evaluare medical\u0103 rapid\u0103.<\/p>\n<p>Pentru a \u00een\u021belege mai bine ce \u00eenseamn\u0103 vertijul, cum \u00eel recunoa\u0219tem, care sunt cauzele, c\u00e2nd este necesar consultul medical \u0219i ce op\u021biuni de tratament exist\u0103, am discutat cu dr. Simona Vlad, medic specialist O.R.L \u00een cadrul Spitalului Jude\u021bean de Urgen\u021b\u0103 Buz\u0103u.<\/p>\n<p><strong>Ce este vertijul \u0219i cum \u00eel recunoa\u0219tem?<\/strong><\/p>\n<p><strong>Dr. Simona Vlad<\/strong>: \u201eVertijul este un simptom caracterizat prin senza\u021bia fals\u0103 c\u0103 dumneavoastr\u0103 sau mediul \u00eenconjur\u0103tor se \u00eenv\u00e2rte, de\u0219i corpul este nemi\u0219cat. Este adesea \u00eenso\u021bit de grea\u021b\u0103, v\u0103rs\u0103turi, transpira\u021bii \u0219i dezechilibru.\u201d<\/p>\n<p><strong>Care sunt cele mai frecvente cauze ale vertijului?<\/strong><\/p>\n<p><strong>Dr. Simona Vlad<\/strong>: ,,Exist\u0103 dou\u0103 tipuri principale de vertij: periferic \u0219i central.<\/p>\n<p>Vertijul periferic are originea la nivelul urechii interne, organul responsabil de echilibru. Cele mai frecvente cauze sunt: vertijul paroxistic pozi\u021bional benign, boala Meniere, neurnita vestibular\u0103.<\/p>\n<p>Vertijul central este \u00eent\u00e2lnit \u00een afec\u021biuni neurologice, precum accidentul vascular cerebral.\u201d<\/p>\n<p><strong>C\u00e2nd ar trebui un pacient s\u0103 se prezinte la medic?<\/strong><\/p>\n<p><strong>Dr. Simona Vlad<\/strong>: ,,Orice episod de vertij sever sau persistent necesit\u0103 evaluare medical\u0103. \u00cens\u0103, prezentarea de urgen\u021b\u0103 la medic este recomandat\u0103 dac\u0103 vertijul este \u00eenso\u021bit de semne neurologice, precum sl\u0103biciune la nivelul unui membru, tulbur\u0103ri de vorbire, vedere dubl\u0103, cefalee intens\u0103, dificult\u0103\u021bi importante de mers.\u201d<\/p>\n<p><strong>Ce investiga\u021bii sunt necesare pentru stabilirea diagnosticului?<\/strong><\/p>\n<p><strong>Dr. Simona Vlad<\/strong>: ,,Diagnosticul \u00eencepe cu o discu\u021bie detaliat\u0103 despre simptome \u0219i un examen clinic atent. Se pot efectua teste specifice pentru evaluarea echilibrului \u0219i a mi\u0219c\u0103rilor ochilor. \u00cen func\u021bie de suspiciunea clinic\u0103, se pot recomanda analize de s\u00e2nge, audiogram\u0103 sau imagistic\u0103 cerebral\u0103, atunci c\u00e2nd exist\u0103 suspiciunea unei cauze neurologice.\u201d<\/p>\n<p><strong>Care sunt op\u021biunile de tratament?<\/strong><\/p>\n<p><strong>Dr. Simona Vlad<\/strong>: \u201eTratamentul depinde de cauza vertijului. Cea mai frecvent\u0103 cauz\u0103 de vertij periferic este vertijul paroxistic pozi\u021bional benign. \u00cen acest caz, de cele mai multe ori sunt suficiente manevrele de repozi\u021bionare a otolitilor, care pot rezolva problema din prima \u0219edin\u021b\u0103.<\/p>\n<p>\u00cen alte situa\u021bii, tratamentul poate include:<\/p>\n<p>Recomandari privind stilul de via\u021b\u0103 \u0219i alimenta\u021bia, exerci\u021bii de reabilitare vestibular\u0103, medicamente pentru controlul simptomelor \u00een faza acut\u0103 sau tratamentul bolii care a provocat vertijul.\u201d<\/p>\n<p><strong>Se poate vindeca vertijul complet?<\/strong><\/p>\n<p><strong>Dr. Simona Vlad<\/strong>: ,,\u00cen multe cazuri, da. Exista afec\u021biuni, precum VPPB, cu prognostic bun \u0219i recuperare rapid\u0103. \u00cens\u0103, alte afec\u021biuni pot necesita tratament pe termen lung \u0219i monitorizare. Majoritatea pacien\u021bilor \u00ee\u0219i pot relua activit\u0103\u021bile normale cu un tratament adecvat.\u201d<\/p>\n<p><strong>Ce recomand\u0103ri ave\u021bi pentru prevenirea recidivelor?<\/strong><\/p>\n<p><strong>Dr. Simona Vlad<\/strong>: ,,Preven\u021bia depinde de cauza vertijului, \u00eens\u0103 exista c\u00e2teva recomand\u0103ri generale:<\/p>\n<ul>\n<li>Respectarea tratamentului;<\/li>\n<li>Hidratare;<\/li>\n<li>Somn suficient;<\/li>\n<li>Evitarea consumului de alcool sau cafea;<\/li>\n<li>Controlul factorilor de risc cardiovasculari.\u201d<\/li>\n<\/ul>\n<p><strong>Poate vertijul ascunde o afec\u021biune grav\u0103?<\/strong><\/p>\n<p><strong>Dr. Simona Vlad<\/strong>: \u201eDe\u0219i majoritatea episoadelor de vertij sunt determinate de afec\u021biuni benigne ale urechii interne, \u00een anumite situa\u021bii vertijul poate fi manifestarea unei afec\u021biuni neurologice grave, mai ales la persoanele \u00een v\u00e2rst\u0103 sau cu factori de risc cardiovasculari.<\/p>\n<p>De aceea, este important ca vertijul s\u0103 fie evaluat de un medic, mai ales c\u00e2nd apar \u0219i alte simptome neurologice.\u201d<\/p>\n<p><strong>Sunt mul\u021bi pacien\u021bi care se prezint\u0103 la camera de gard\u0103 cu vertij?<\/strong><\/p>\n<p><strong>Dr. Simona Vlad<\/strong>: \u201eDa, vertijul reprezint\u0103 unul dintre motivele frecvente de prezentare \u00een serviciile de urgen\u021b\u0103. Rolul medicului este s\u0103 identifice rapid cazurile \u00een care vertijul ascunde o problem\u0103 neurologic\u0103 sau vascular\u0103 grav\u0103. Tocmai de aceea, evaluarea atent\u0103 \u0219i diferen\u021bierea \u00eentre cauzele periferice \u0219i cele centrale sunt esen\u021biale.\u201d<\/p>\n<p>Compartiment Rela\u021bii Publice,<br \/>Adriana Bunil\u0103<\/p>\n<div class=\"col-md-2 col-sm-4 col-xs-4\"> .col-md-2 { float:left; width: 16.6667%; } <\/div>\n<div class=\"col-md-2 col-sm-4 col-xs-4\"> .col-md-2 { float:left; width: 16.6667%; } <\/p>\n<div class=\"fb-share-button\" data-href=\"https:\/\/revistaverde.ro\/2026\/08\/31\/vertijul-de-ce-apare-cum-il-recunoastem-si-cand-devine-o-urgenta\/\" data-layout=\"button\" data-size=\"large\" data-mobile-iframe=\"true\"><a class=\"fb-xfbml-parse-ignore\" target=\"_blank\" href=\"https:\/\/www.facebook.com\/sharer\/sharer.php?u=https%3A%2F%2Frevistaverde.ro%2F2026%2F08%2F31%2Fvertijul-de-ce-apare-cum-il-recunoastem-si-cand-devine-o-urgenta%2F&amp;src=sdkpreparse\">Share<\/a><\/div>\n<\/div>\n<div class=\"col-md-2 col-sm-4 col-xs-4\"> .col-md-2 { float:left; width: 16.6667%; } <\/div>\n<\/div>\n<\/article>\n<div class=\"entry-content mh-clearfix\">\n<figure class=\"entry-thumbnail\"><img decoding=\"async\" src=\"https:\/\/revistaverde.ro\/wp-content\/uploads\/2026\/08\/vertij_560-560x381.jpg\" alt title=\"vertij_560\"><\/figure>\n<p>\u00a0Vertijul este unul dintre simptomele care \u00eei \u00eengrijoreaz\u0103 cel mai mult pe pacien\u021bi \u0219i reprezint\u0103 un motiv frecvent de prezentare la medic, inclusiv la camera de gard\u0103. De\u0219i, \u00een multe situa\u021bii, cauza este una benign\u0103 \u0219i tratabil\u0103, vertijul poate avea origini diverse \u0219i, uneori, poate semnala o afec\u021biune care necesit\u0103 evaluare medical\u0103 rapid\u0103.<\/p>\n<p>Pentru a \u00een\u021belege mai bine ce \u00eenseamn\u0103 vertijul, cum \u00eel recunoa\u0219tem, care sunt cauzele, c\u00e2nd este necesar consultul medical \u0219i ce op\u021biuni de tratament exist\u0103, am discutat cu dr. Simona Vlad, medic specialist O.R.L \u00een cadrul Spitalului Jude\u021bean de Urgen\u021b\u0103 Buz\u0103u.<\/p>\n<p><strong>Ce este vertijul \u0219i cum \u00eel recunoa\u0219tem?<\/strong><\/p>\n<p><strong>Dr. Simona Vlad<\/strong>: \u201eVertijul este un simptom caracterizat prin senza\u021bia fals\u0103 c\u0103 dumneavoastr\u0103 sau mediul \u00eenconjur\u0103tor se \u00eenv\u00e2rte, de\u0219i corpul este nemi\u0219cat. Este adesea \u00eenso\u021bit de grea\u021b\u0103, v\u0103rs\u0103turi, transpira\u021bii \u0219i dezechilibru.\u201d<\/p>\n<p><strong>Care sunt cele mai frecvente cauze ale vertijului?<\/strong><\/p>\n<p><strong>Dr. Simona Vlad<\/strong>: ,,Exist\u0103 dou\u0103 tipuri principale de vertij: periferic \u0219i central.<\/p>\n<p>Vertijul periferic are originea la nivelul urechii interne, organul responsabil de echilibru. Cele mai frecvente cauze sunt: vertijul paroxistic pozi\u021bional benign, boala Meniere, neurnita vestibular\u0103.<\/p>\n<p>Vertijul central este \u00eent\u00e2lnit \u00een afec\u021biuni neurologice, precum accidentul vascular cerebral.\u201d<\/p>\n<p><strong>C\u00e2nd ar trebui un pacient s\u0103 se prezinte la medic?<\/strong><\/p>\n<p><strong>Dr. Simona Vlad<\/strong>: ,,Orice episod de vertij sever sau persistent necesit\u0103 evaluare medical\u0103. \u00cens\u0103, prezentarea de urgen\u021b\u0103 la medic este recomandat\u0103 dac\u0103 vertijul este \u00eenso\u021bit de semne neurologice, precum sl\u0103biciune la nivelul unui membru, tulbur\u0103ri de vorbire, vedere dubl\u0103, cefalee intens\u0103, dificult\u0103\u021bi importante de mers.\u201d<\/p>\n<p><strong>Ce investiga\u021bii sunt necesare pentru stabilirea diagnosticului?<\/strong><\/p>\n<p><strong>Dr. Simona Vlad<\/strong>: ,,Diagnosticul \u00eencepe cu o discu\u021bie detaliat\u0103 despre simptome \u0219i un examen clinic atent. Se pot efectua teste specifice pentru evaluarea echilibrului \u0219i a mi\u0219c\u0103rilor ochilor. \u00cen func\u021bie de suspiciunea clinic\u0103, se pot recomanda analize de s\u00e2nge, audiogram\u0103 sau imagistic\u0103 cerebral\u0103, atunci c\u00e2nd exist\u0103 suspiciunea unei cauze neurologice.\u201d<\/p>\n<p><strong>Care sunt op\u021biunile de tratament?<\/strong><\/p>\n<p><strong>Dr. Simona Vlad<\/strong>: \u201eTratamentul depinde de cauza vertijului. Cea mai frecvent\u0103 cauz\u0103 de vertij periferic este vertijul paroxistic pozi\u021bional benign. \u00cen acest caz, de cele mai multe ori sunt suficiente manevrele de repozi\u021bionare a otolitilor, care pot rezolva problema din prima \u0219edin\u021b\u0103.<\/p>\n<p>\u00cen alte situa\u021bii, tratamentul poate include:<\/p>\n<p>Recomandari privind stilul de via\u021b\u0103 \u0219i alimenta\u021bia, exerci\u021bii de reabilitare vestibular\u0103, medicamente pentru controlul simptomelor \u00een faza acut\u0103 sau tratamentul bolii care a provocat vertijul.\u201d<\/p>\n<p><strong>Se poate vindeca vertijul complet?<\/strong><\/p>\n<p><strong>Dr. Simona Vlad<\/strong>: ,,\u00cen multe cazuri, da. Exista afec\u021biuni, precum VPPB, cu prognostic bun \u0219i recuperare rapid\u0103. \u00cens\u0103, alte afec\u021biuni pot necesita tratament pe termen lung \u0219i monitorizare. Majoritatea pacien\u021bilor \u00ee\u0219i pot relua activit\u0103\u021bile normale cu un tratament adecvat.\u201d<\/p>\n<p><strong>Ce recomand\u0103ri ave\u021bi pentru prevenirea recidivelor?<\/strong><\/p>\n<p><strong>Dr. Simona Vlad<\/strong>: ,,Preven\u021bia depinde de cauza vertijului, \u00eens\u0103 exista c\u00e2teva recomand\u0103ri generale:<\/p>\n<ul>\n<li>Respectarea tratamentului;<\/li>\n<li>Hidratare;<\/li>\n<li>Somn suficient;<\/li>\n<li>Evitarea consumului de alcool sau cafea;<\/li>\n<li>Controlul factorilor de risc cardiovasculari.\u201d<\/li>\n<\/ul>\n<p><strong>Poate vertijul ascunde o afec\u021biune grav\u0103?<\/strong><\/p>\n<p><strong>Dr. Simona Vlad<\/strong>: \u201eDe\u0219i majoritatea episoadelor de vertij sunt determinate de afec\u021biuni benigne ale urechii interne, \u00een anumite situa\u021bii vertijul poate fi manifestarea unei afec\u021biuni neurologice grave, mai ales la persoanele \u00een v\u00e2rst\u0103 sau cu factori de risc cardiovasculari.<\/p>\n<p>De aceea, este important ca vertijul s\u0103 fie evaluat de un medic, mai ales c\u00e2nd apar \u0219i alte simptome neurologice.\u201d<\/p>\n<p><strong>Sunt mul\u021bi pacien\u021bi care se prezint\u0103 la camera de gard\u0103 cu vertij?<\/strong><\/p>\n<p><strong>Dr. Simona Vlad<\/strong>: \u201eDa, vertijul reprezint\u0103 unul dintre motivele frecvente de prezentare \u00een serviciile de urgen\u021b\u0103. Rolul medicului este s\u0103 identifice rapid cazurile \u00een care vertijul ascunde o problem\u0103 neurologic\u0103 sau vascular\u0103 grav\u0103. Tocmai de aceea, evaluarea atent\u0103 \u0219i diferen\u021bierea \u00eentre cauzele periferice \u0219i cele centrale sunt esen\u021biale.\u201d<\/p>\n<p>Compartiment Rela\u021bii Publice,<br \/>Adriana Bunil\u0103<\/p>\n<div class=\"col-md-2 col-sm-4 col-xs-4\"> .col-md-2 { float:left; width: 16.6667%; } <\/div>\n<div class=\"col-md-2 col-sm-4 col-xs-4\"> .col-md-2 { float:left; width: 16.6667%; } <\/p>\n<div class=\"fb-share-button\" data-href=\"https:\/\/revistaverde.ro\/2026\/08\/31\/vertijul-de-ce-apare-cum-il-recunoastem-si-cand-devine-o-urgenta\/\" data-layout=\"button\" data-size=\"large\" data-mobile-iframe=\"true\"><a class=\"fb-xfbml-parse-ignore\" target=\"_blank\" href=\"https:\/\/www.facebook.com\/sharer\/sharer.php?u=https%3A%2F%2Frevistaverde.ro%2F2026%2F08%2F31%2Fvertijul-de-ce-apare-cum-il-recunoastem-si-cand-devine-o-urgenta%2F&amp;src=sdkpreparse\">Share<\/a><\/div>\n<\/div>\n<div class=\"col-md-2 col-sm-4 col-xs-4\"> .col-md-2 { float:left; width: 16.6667%; } <\/div>\n<\/div>\n<p>[analyse_source url=&#8221;https:\/\/revistaverde.ro\/2026\/08\/31\/vertijul-de-ce-apare-cum-il-recunoastem-si-cand-devine-o-urgenta\/&#8221;]<\/p>\n","protected":false},"excerpt":{"rendered":"<p>[analyse_image type=&#8221;featured&#8221; src=&#8221;https:\/\/revistaverde.ro\/wp-content\/uploads\/2026\/08\/vertij_560.jpg&#8221;] VERTIJUL: DE CE APARE, CUM \u00ceL RECUNOA\u0218TEM \u0218I C\u00c2ND DEVINE O URGEN\u021a\u0102? august 31, 2026M\u0103rg\u0103rit GROSUEvenimente, international, SANATATE0 \u00a0Vertijul este unul dintre simptomele care \u00eei \u00eengrijoreaz\u0103 cel mai mult pe pacien\u021bi \u0219i reprezint\u0103 un motiv frecvent de prezentare la medic, inclusiv la camera de gard\u0103. De\u0219i, \u00een multe situa\u021bii, cauza este una [&hellip;]<\/p>\n","protected":false},"author":1,"featured_media":0,"comment_status":"open","ping_status":"","sticky":false,"template":"","format":"standard","meta":{"footnotes":""},"categories":[2],"tags":[226,57],"class_list":["post-2121212","post","type-post","status-publish","format-standard","hentry","category-politics","tag-crawlmanager","tag-revistaverde-ro"],"_links":{"self":[{"href":"https:\/\/analyse.optim.biz\/index.php?rest_route=\/wp\/v2\/posts\/2121212","targetHints":{"allow":["GET"]}}],"collection":[{"href":"https:\/\/analyse.optim.biz\/index.php?rest_route=\/wp\/v2\/posts"}],"about":[{"href":"https:\/\/analyse.optim.biz\/index.php?rest_route=\/wp\/v2\/types\/post"}],"author":[{"embeddable":true,"href":"https:\/\/analyse.optim.biz\/index.php?rest_route=\/wp\/v2\/users\/1"}],"replies":[{"embeddable":true,"href":"https:\/\/analyse.optim.biz\/index.php?rest_route=%2Fwp%2Fv2%2Fcomments&post=2121212"}],"version-history":[{"count":0,"href":"https:\/\/analyse.optim.biz\/index.php?rest_route=\/wp\/v2\/posts\/2121212\/revisions"}],"wp:attachment":[{"href":"https:\/\/analyse.optim.biz\/index.php?rest_route=%2Fwp%2Fv2%2Fmedia&parent=2121212"}],"wp:term":[{"taxonomy":"category","embeddable":true,"href":"https:\/\/analyse.optim.biz\/index.php?rest_route=%2Fwp%2Fv2%2Fcategories&post=2121212"},{"taxonomy":"post_tag","embeddable":true,"href":"https:\/\/analyse.optim.biz\/index.php?rest_route=%2Fwp%2Fv2%2Ftags&post=2121212"}],"curies":[{"name":"wp","href":"https:\/\/api.w.org\/{rel}","templated":true}]}}