{"id":2121211,"date":"2026-08-31T17:12:24","date_gmt":"2026-08-31T14:12:24","guid":{"rendered":"https:\/\/analyse.optim.biz\/?p=2121211"},"modified":"2026-08-31T17:12:24","modified_gmt":"2026-08-31T14:12:24","slug":"p-asa-a-fost-sarbatoarea-vinului-in-podgoria-dealu-mare","status":"publish","type":"post","link":"https:\/\/analyse.optim.biz\/?p=2121211","title":{"rendered":"(P) A\u0219a a fost s\u0103rb\u0103toarea vinului, \u00een Podgoria Dealu Mare"},"content":{"rendered":"<p>[analyse_image type=&#8221;featured&#8221; src=&#8221;https:\/\/buzaulinreportaje.ro\/wp-content\/uploads\/2026\/08\/Wine-3.jpghttps:\/\/buzaulinreportaje.ro\/wp-content\/uploads\/2026\/08\/Wine-3.jpg&#8221;]<\/p>\n<div class=\"entry-content herald-entry-content\">\n<p class=\"has-large-font-size wp-block-paragraph\"><strong>Buz\u0103u Wine Fest: vinul, tradi\u021biile \u0219i istoria<\/strong><strong>s-au \u00eent\u00e2lnit la Pietroasele \u00een prima edi\u021bie a festivalului<\/strong><\/p>\n<p class=\"has-large-font-size wp-block-paragraph\">Timp de trei zile, \u00een perioada 28-30 august, Zona Tezaur din Pietroasele a g\u0103zduit prima edi\u021bie a <strong>Buz\u0103u Wine Fest<\/strong>, un eveniment dedicat vinului buzoian, muzicii, tradi\u021biilor \u0219i patrimoniului local. Festivalul a adus \u00een acela\u0219i loc mai multe crame din jude\u021b, arti\u0219ti, me\u0219te\u0219ugari, buzoieni din toate col\u021burile jude\u021bului, al\u0103turi de al\u021bi vizitatori dornici s\u0103 descopere o parte important\u0103 din identitatea Buz\u0103ului.<\/p>\n<figure class=\"wp-block-gallery has-nested-images columns-default is-cropped wp-block-gallery-1 is-layout-flex wp-block-gallery-is-layout-flex\">\n<figure class=\"wp-block-image size-large\"><img loading=\"lazy\" decoding=\"async\" width=\"1024\" height=\"683\" src=\"https:\/\/buzaulinreportaje.ro\/wp-content\/uploads\/2026\/08\/Wine-2-1-1024x683.jpg\" alt class=\"wp-image-29231\"><\/figure>\n<figure class=\"wp-block-image size-large\"><img decoding=\"async\" loading=\"lazy\" width=\"681\" height=\"1024\" src=\"https:\/\/buzaulinreportaje.ro\/wp-content\/uploads\/2026\/08\/Wine-1-1-681x1024.jpg\" alt class=\"wp-image-29232\"><\/figure>\n<\/figure>\n<p class=\"has-large-font-size wp-block-paragraph\">Organizat de Consiliul Jude\u021bean Buz\u0103u, \u00eempreun\u0103 cu Organiza\u021bia de Management al Destina\u021biei Jude\u021bul Buz\u0103u, Centrul Jude\u021bean pentru Artele Spectacolului \u0219i Cultur\u0103 \u201eGeorge Ciprian\u201d \u0219i Prim\u0103ria Comunei Pietroasele, festivalul a avut ca punct central vinul \u0219i a pus \u00een valoare locul \u00een care este produs, oamenii din spatele etichetelor, precum \u0219i patrimoniul cultural \u0219i istoric bogat al zonei.<\/p>\n<figure class=\"wp-block-gallery has-nested-images columns-default is-cropped wp-block-gallery-2 is-layout-flex wp-block-gallery-is-layout-flex\">\n<figure class=\"wp-block-image size-large\"><img decoding=\"async\" loading=\"lazy\" width=\"1024\" height=\"683\" src=\"https:\/\/buzaulinreportaje.ro\/wp-content\/uploads\/2026\/08\/Wine-4-1024x683.jpg\" alt class=\"wp-image-29228\"><\/figure>\n<figure class=\"wp-block-image size-large\"><img decoding=\"async\" loading=\"lazy\" width=\"1024\" height=\"683\" src=\"https:\/\/buzaulinreportaje.ro\/wp-content\/uploads\/2026\/08\/Wine-3-1024x683.jpg\" alt class=\"wp-image-29227\"><\/figure>\n<\/figure>\n<p class=\"has-large-font-size wp-block-paragraph\">Pe parcursul celor trei zile, crame de renume precum Sta\u021biunea de Cercetare Pietroasa \u0219i Pepiniera Istri\u021ba, Crama Domeniile Ro\u0219ca, Domeniile Blaga, Crama Copaci, Crama MOUSEEOS, Crama Lupu, Vinurile \u201eDe 10\u201d \u0219i Crama Budureasca \u0219i-au prezentat selec\u021biile de vinuri \u0219i au oferit vizitatorilor ocazia de a descoperi comunitatea de viticultori \u0219i soiurile reprezentative ale zonei.<\/p>\n<figure class=\"wp-block-gallery has-nested-images columns-default is-cropped wp-block-gallery-3 is-layout-flex wp-block-gallery-is-layout-flex\">\n<figure class=\"wp-block-image size-large\"><img decoding=\"async\" loading=\"lazy\" width=\"1024\" height=\"684\" src=\"https:\/\/buzaulinreportaje.ro\/wp-content\/uploads\/2026\/08\/Wine-6-1024x684.jpg\" alt class=\"wp-image-29229\"><\/figure>\n<figure class=\"wp-block-image size-large\"><img decoding=\"async\" loading=\"lazy\" width=\"1024\" height=\"683\" src=\"https:\/\/buzaulinreportaje.ro\/wp-content\/uploads\/2026\/08\/Wine-5-1024x683.jpg\" alt class=\"wp-image-29230\"><\/figure>\n<\/figure>\n<p class=\"has-large-font-size wp-block-paragraph\">Programul festivalului a fost completat de momente artistice, spectacole folclorice \u0219i me\u0219te\u0219uguri tradi\u021bionale. Pe scen\u0103 au urcat nume consacrate precum Zdob \u0219i Zdub, Taraful Ionel Tudorache \u0219i AMNA, al\u0103turi de ansambluri folclorice \u0219i creatori locali. \u00cen ultima zi, Garda Apulum a adus la Pietroasele reconstituiri istorice, demonstra\u021bii militare \u0219i ateliere educative, oferind o perspectiv\u0103 interactiv\u0103 asupra istoriei daco-romane.<\/p>\n<figure class=\"wp-block-gallery has-nested-images columns-default is-cropped wp-block-gallery-4 is-layout-flex wp-block-gallery-is-layout-flex\">\n<figure class=\"wp-block-image size-large\"><img decoding=\"async\" loading=\"lazy\" width=\"683\" height=\"1024\" src=\"https:\/\/buzaulinreportaje.ro\/wp-content\/uploads\/2026\/08\/Wine-8-683x1024.jpg\" alt class=\"wp-image-29233\"><\/figure>\n<figure class=\"wp-block-image size-large\"><img decoding=\"async\" loading=\"lazy\" width=\"1024\" height=\"683\" src=\"https:\/\/buzaulinreportaje.ro\/wp-content\/uploads\/2026\/08\/Wine-7-1024x683.jpg\" alt class=\"wp-image-29234\"><\/figure>\n<\/figure>\n<p class=\"has-large-font-size wp-block-paragraph\">Prima edi\u021bie Buz\u0103u Wine Fest a ar\u0103tat c\u0103 tradi\u021bia viticol\u0103 este un punct de plecare excelent pentru promovarea unui teritoriu \u00een care patrimoniul, cultura, gastronomia \u0219i turismul se completeaz\u0103 firesc. Organizatorii mul\u021bumesc cramelor, produc\u0103torilor locali, arti\u0219tilor, me\u0219te\u0219ugarilor, partenerilor \u0219i tuturor celor care au ales s\u0103 descopere, \u00een aceste zile, vinul \u0219i pove\u0219tile Buz\u0103ului.<\/p>\n<figure class=\"wp-block-gallery has-nested-images columns-default is-cropped wp-block-gallery-5 is-layout-flex wp-block-gallery-is-layout-flex\">\n<figure class=\"wp-block-image size-large\"><img decoding=\"async\" loading=\"lazy\" width=\"1024\" height=\"684\" src=\"https:\/\/buzaulinreportaje.ro\/wp-content\/uploads\/2026\/08\/Wine-10-1024x684.jpg\" alt class=\"wp-image-29236\"><\/figure>\n<figure class=\"wp-block-image size-large\"><img decoding=\"async\" loading=\"lazy\" width=\"1024\" height=\"683\" src=\"https:\/\/buzaulinreportaje.ro\/wp-content\/uploads\/2026\/08\/Wine-9-1024x683.jpg\" alt class=\"wp-image-29235\"><\/figure>\n<\/figure>\n<div class=\"herald-share-content\">\n<div class=\"meks_ess layout-5-1 transparent no-labels solid\"><a href=\"https:\/\/buzaulinreportaje.ro\/p-asa-a-fost-sarbatoarea-vinului-in-podgoria-dealu-mare\/\" class=\"meks_ess-item socicon-facebook\" data-url=\"http:\/\/www.facebook.com\/sharer\/sharer.php?u=https%3A%2F%2Fbuzaulinreportaje.ro%2Fp-asa-a-fost-sarbatoarea-vinului-in-podgoria-dealu-mare%2F&amp;t=%28P%29%20A%C8%99a%20a%20fost%20s%C4%83rb%C4%83toarea%20vinului%2C%20%C3%AEn%20Podgoria%20Dealu%20Mare\"><span>Facebook<\/span><\/a><a href=\"https:\/\/api.whatsapp.com\/send?text=%28P%29%20A%C8%99a%20a%20fost%20s%C4%83rb%C4%83toarea%20vinului%2C%20%C3%AEn%20Podgoria%20Dealu%20Mare%20https%3A%2F%2Fbuzaulinreportaje.ro%2Fp-asa-a-fost-sarbatoarea-vinului-in-podgoria-dealu-mare%2F\" class=\"meks_ess-item socicon-whatsapp prevent-share-popup\"><span>WhatsApp<\/span><\/a><a href=\"https:\/\/buzaulinreportaje.ro\/p-asa-a-fost-sarbatoarea-vinului-in-podgoria-dealu-mare\/\" class=\"meks_ess-item socicon-twitter\" data-url=\"http:\/\/twitter.com\/intent\/tweet?url=https%3A%2F%2Fbuzaulinreportaje.ro%2Fp-asa-a-fost-sarbatoarea-vinului-in-podgoria-dealu-mare%2F&amp;text=%28P%29%20A%C8%99a%20a%20fost%20s%C4%83rb%C4%83toarea%20vinului%2C%20%C3%AEn%20Podgoria%20Dealu%20Mare\"><span>X<\/span><\/a><\/div>\n<\/div>\n<\/div>\n<p>[analyse_source url=&#8221;https:\/\/buzaulinreportaje.ro\/p-asa-a-fost-sarbatoarea-vinului-in-podgoria-dealu-mare\/&#8221;]<\/p>\n","protected":false},"excerpt":{"rendered":"<p>[analyse_image type=&#8221;featured&#8221; src=&#8221;https:\/\/buzaulinreportaje.ro\/wp-content\/uploads\/2026\/08\/Wine-3.jpghttps:\/\/buzaulinreportaje.ro\/wp-content\/uploads\/2026\/08\/Wine-3.jpg&#8221;] Buz\u0103u Wine Fest: vinul, tradi\u021biile \u0219i istorias-au \u00eent\u00e2lnit la Pietroasele \u00een prima edi\u021bie a festivalului Timp de trei zile, \u00een perioada 28-30 august, Zona Tezaur din Pietroasele a g\u0103zduit prima edi\u021bie a Buz\u0103u Wine Fest, un eveniment dedicat vinului buzoian, muzicii, tradi\u021biilor \u0219i patrimoniului local. Festivalul a adus \u00een acela\u0219i loc mai [&hellip;]<\/p>\n","protected":false},"author":1,"featured_media":0,"comment_status":"open","ping_status":"","sticky":false,"template":"","format":"standard","meta":{"footnotes":""},"categories":[2],"tags":[59,226],"class_list":["post-2121211","post","type-post","status-publish","format-standard","hentry","category-politics","tag-buzaulinreportaje-ro","tag-crawlmanager"],"_links":{"self":[{"href":"https:\/\/analyse.optim.biz\/index.php?rest_route=\/wp\/v2\/posts\/2121211","targetHints":{"allow":["GET"]}}],"collection":[{"href":"https:\/\/analyse.optim.biz\/index.php?rest_route=\/wp\/v2\/posts"}],"about":[{"href":"https:\/\/analyse.optim.biz\/index.php?rest_route=\/wp\/v2\/types\/post"}],"author":[{"embeddable":true,"href":"https:\/\/analyse.optim.biz\/index.php?rest_route=\/wp\/v2\/users\/1"}],"replies":[{"embeddable":true,"href":"https:\/\/analyse.optim.biz\/index.php?rest_route=%2Fwp%2Fv2%2Fcomments&post=2121211"}],"version-history":[{"count":0,"href":"https:\/\/analyse.optim.biz\/index.php?rest_route=\/wp\/v2\/posts\/2121211\/revisions"}],"wp:attachment":[{"href":"https:\/\/analyse.optim.biz\/index.php?rest_route=%2Fwp%2Fv2%2Fmedia&parent=2121211"}],"wp:term":[{"taxonomy":"category","embeddable":true,"href":"https:\/\/analyse.optim.biz\/index.php?rest_route=%2Fwp%2Fv2%2Fcategories&post=2121211"},{"taxonomy":"post_tag","embeddable":true,"href":"https:\/\/analyse.optim.biz\/index.php?rest_route=%2Fwp%2Fv2%2Ftags&post=2121211"}],"curies":[{"name":"wp","href":"https:\/\/api.w.org\/{rel}","templated":true}]}}