{"id":2121189,"date":"2026-08-31T20:45:38","date_gmt":"2026-08-31T17:45:38","guid":{"rendered":"https:\/\/analyse.optim.biz\/?p=2121189"},"modified":"2026-08-31T20:45:38","modified_gmt":"2026-08-31T17:45:38","slug":"vreau-sa-muncesc-cu-demnitate-marturiile-adolescentelor-care-si-au-riscat-viata-pentru-a-ajunge-in-ceuta","status":"publish","type":"post","link":"https:\/\/analyse.optim.biz\/?p=2121189","title":{"rendered":"\u201eVreau s\u0103 muncesc cu demnitate\u201d. M\u0103rturiile adolescentelor care \u0219i-au riscat via\u021ba pentru a ajunge \u00een Ceuta"},"content":{"rendered":"<p>[analyse_image type=&#8221;featured&#8221; src=&#8221;https:\/\/s.iw.ro\/gateway\/g\/ZmlsZVNvdXJjZT1odHRwJTNBJTJGJTJG\/c3RvcmFnZTA4dHJhbnNjb2Rlci5yY3Mt\/cmRzLnJvJTJGc3RvcmFnZSUyRjIwMjYl\/MkYwOCUyRjMxJTJGMjkzMjc1MF8yOTMy\/NzUwX3Bob3RvLWNvbGxhZ2VfcG5nLTIw\/MjYtMDgtMzFUMjMzNjMyXzg2Ni5wbmcm\/dz0xMjAwJmg9NjMwJnpjPTEmaGFzaD0w\/ZWJlZWE1YWUwZjQ3OWFiZGYwMjk3YzAzMmFhMDk0YQ==.thumb.jpg&#8221;]<\/p>\n<div class=\"entry data-app-meta data-app-meta-article\" data-embed-base-url-canonical=\"https:\/\/www.digi24.ro\/embed\/stiri\/externe\/vrem-sa-ne-decidem-singure-viitorul-marturiile-adolescentelor-care-si-au-riscat-viata-pentru-a-ajunge-in-ceuta-3929581\">\n<p data-index=\"1\"><strong>Peste dou\u0103zeci de adolescente care au participat, la sf\u00e2r\u0219itul lunii iulie, la traversarea extrem de periculoas\u0103 din Maroc c\u0103tre Ceuta au povestit de ce \u0219i-au p\u0103r\u0103sit \u021bara. R\u0103mase blocate \u00eentr-o tab\u0103r\u0103 improvizat\u0103 din enclava spaniol\u0103, f\u0103r\u0103 s\u0103 \u0219tie dac\u0103 vor putea r\u0103m\u00e2ne \u00een Spania sau vor fi trimise \u00eenapoi, fetele spun c\u0103 \u00ee\u0219i doresc s\u0103-\u0219i continue studiile, s\u0103 munceasc\u0103 \u0219i s\u0103 aib\u0103 dreptul de a decide asupra propriului viitor, relateaz\u0103 <a href=\"https:\/\/www.theguardian.com\/global-development\/ng-interactive\/2026\/aug\/31\/we-want-to-find-a-better-future-teenage-girls-on-why-they-risked-their-lives-to-reach-spain\" target=\"_blank\" rel=\"noopener\" data-skip-linkfix=\"1\">The Guardian<\/a>.<\/strong><\/p>\n<p data-index=\"2\">Pentru Fatin, una dintre adolescentele care tr\u0103iesc acum \u00eentr-o stare de incertitudine \u00eentr-o tab\u0103r\u0103 improvizat\u0103 din Ceuta, decizia de a-\u0219i p\u0103r\u0103si casa din Maroc a \u00eenceput s\u0103 prind\u0103 contur atunci c\u00e2nd a fost nevoit\u0103 s\u0103 renun\u021be la \u0219coal\u0103.<\/p>\n<p data-index=\"3\">Adolescenta spune c\u0103 \u00ee\u0219i dorea s\u0103-\u0219i continue studiile, \u00eens\u0103 familia se a\u0219tepta ca ea s\u0103 se ocupe de treburile gospod\u0103re\u0219ti. Pe m\u0103sur\u0103 ce orele de curs \u0219i \u00eenv\u0103\u021batul au fost \u00eenlocuite de responsabilit\u0103\u021bile casnice, viitorul pe care \u0219i-l imaginase a \u00eenceput s\u0103 par\u0103 tot mai \u00eendep\u0103rtat.<\/p>\n<p data-index=\"4\">Fatin este una dintre cele 29 de fete care au vorbit pentru The Guardian despre trecutul lor \u0219i despre ceea ce \u00ee\u0219i doresc de la viitor. Toate au participat la traversarea \u00een mas\u0103 din Maroc c\u0103tre Ceuta, de la sf\u00e2r\u0219itul lunii iulie, care a ajuns \u00een aten\u021bia presei interna\u021bionale.<\/p>\n<p data-index=\"5\">La aproape o lun\u0103 de la traversare, adolescentele se num\u0103r\u0103 printre sutele de tineri marocani care dorm \u00eentr-o tab\u0103r\u0103 improvizat\u0103 din El Pr\u00edncipe, unul dintre cele mai s\u0103race cartiere din Ceuta. Ele nu \u0219tiu dac\u0103 li se va permite s\u0103 r\u0103m\u00e2n\u0103 \u00een Spania sau dac\u0103 vor fi trimise \u00eenapoi \u00een Maroc.<\/p>\n<h2 id=\"highlight-3929581-1\">Tinerele vor s\u0103 \u00eenve\u021be, s\u0103 munceasc\u0103 \u0219i s\u0103-\u0219i decid\u0103 singure viitorul<\/h2>\n<p data-index=\"6\">Fetele \u0219i-au exprimat g\u00e2ndurile \u00een arab\u0103 \u0219i darija, dialectul arab vorbit \u00een Maroc, dar \u0219i \u00een spaniol\u0103, francez\u0103 \u0219i englez\u0103. Din m\u0103rturiile lor se desprind acelea\u0219i aspira\u021bii: s\u0103-\u0219i termine studiile, s\u0103 munceasc\u0103, s\u0103-\u0219i c\u00e2\u0219tige singure banii \u0219i s\u0103 aib\u0103 mai mult\u0103 putere de decizie asupra propriului viitor.<\/p>\n<p data-index=\"7\">Multe au vorbit despre profesiile pe care viseaz\u0103 s\u0103 le urmeze. O t\u00e2n\u0103r\u0103 vrea s\u0103 devin\u0103 asistent\u0103 medical\u0103, alta psiholog, \u00een timp ce alte adolescente \u00ee\u0219i imagineaz\u0103 un viitor ca buc\u0103t\u0103rese, fotbaliste sau antrenoare sportive. Unele sper\u0103 c\u0103, dac\u0103 vor reu\u0219i s\u0103-\u0219i construiasc\u0103 o via\u021b\u0103 \u00een Spania, \u00ee\u0219i vor putea ajuta financiar p\u0103rin\u021bii.<\/p>\n<p data-index=\"8\">Altele vorbesc despre conflicte \u00een familie, studii \u00eentrerupte sau restric\u021bii pe care nu au vrut s\u0103 le accepte. Ceea ce le une\u0219te pe multe dintre ele nu este at\u00e2t respingerea Marocului, c\u00e2t dorin\u021ba de a avea mai mult control asupra propriului destin.<\/p>\n<p data-index=\"9\">Malak, \u00een v\u00e2rst\u0103 de 17 ani, spune c\u0103 problemele din familie au \u00eempiedicat-o s\u0103-\u0219i continue studiile. \u0218tia \u00eenc\u0103 din copil\u0103rie ce \u00ee\u0219i dore\u0219te s\u0103 fac\u0103: s\u0103 lucreze \u00een serviciile de informa\u021bii. Pentru ea, ajungerea \u00een Spania a reprezentat, \u00een parte, o \u00eencercare de a recupera un viitor despre care sim\u021bea c\u0103 \u00eei fusese refuzat.<\/p>\n<p data-index=\"10\">Alte adolescente vorbesc despre presiuni diferite. Una dintre ele spune c\u0103 nu vrea ca familia sau altcineva s\u0103 decid\u0103 cu cine se va c\u0103s\u0103tori, ci vrea s\u0103 poat\u0103 alege singur\u0103. O alta vorbe\u0219te despre dificultatea de a-\u0219i imagina independen\u021ba financiar\u0103 \u00eentr-un loc \u00een care vede pu\u021bine oportunit\u0103\u021bi de angajare.<\/p>\n<p data-index=\"11\">Diferen\u021ba dintre participarea femeilor \u0219i cea a b\u0103rba\u021bilor pe pia\u021ba muncii din Maroc r\u0103m\u00e2ne uria\u0219\u0103. \u00cen al doilea trimestru al anului 2026, doar 18,1% dintre femeile de v\u00e2rst\u0103 activ\u0103 f\u0103ceau parte din for\u021ba de munc\u0103, \u00een compara\u021bie cu 66,5% dintre b\u0103rba\u021bi, potrivit \u00cenaltului Comisariat pentru Planificare din Maroc.<\/p>\n<p data-index=\"12\">Dezechilibrul apare \u00eens\u0103 cu mult \u00eenainte de intrarea pe pia\u021ba muncii. Femeile \u0219i fetele din Maroc cu v\u00e2rsta de cel pu\u021bin 15 ani \u00ee\u0219i petrec 20,8% din timp desf\u0103\u0219ur\u00e2nd activit\u0103\u021bi neremunerate de \u00eengrijire \u0219i munc\u0103 domestic\u0103. \u00cen cazul b\u0103rba\u021bilor \u0219i b\u0103ie\u021bilor, procentul este de 3%, potrivit datelor Organiza\u021biei pentru Cooperare \u0219i Dezvoltare Economic\u0103.<\/p>\n<h2 id=\"highlight-3929581-2\">\u201eS\u0103 mai iau pu\u021bin din povara de pe umerii p\u0103rin\u021bilor mei\u201d<\/h2>\n<p data-index=\"13\">Pentru Wiam, \u00een v\u00e2rst\u0103 de 16 ani, ambi\u021biile profesionale se \u00eempletesc cu un puternic sentiment de responsabilitate fa\u021b\u0103 de familia pe care a l\u0103sat-o \u00een urm\u0103. Adolescenta provine dintr-un ora\u0219 de pe coasta mediteraneean\u0103 a Marocului \u0219i spune c\u0103 vrea s\u0103-\u0219i continue studiile \u0219i s\u0103 urmeze o carier\u0103 \u00een fotbal \u00een Spania.<\/p>\n<p data-index=\"14\">\u201e\u0218i, de asemenea, s\u0103 mai iau pu\u021bin din povara de pe umerii p\u0103rin\u021bilor mei\u201d, a scris ea. \u201eCu voia lui Dumnezeu, sper s\u0103 reu\u0219esc tot ceea ce am venit s\u0103 fac.\u201d<\/p>\n<p data-index=\"15\">Alte visuri sunt exprimate \u00een doar c\u00e2teva cuvinte. Soraya are 16 ani, provine dintr-un ora\u0219 aflat \u00een apropierea grani\u021bei cu Ceuta \u0219i spune c\u0103 vrea s\u0103 devin\u0103 asistent\u0103 medical\u0103.<\/p>\n<p data-index=\"16\">Unele dintre fete \u00ee\u0219i descriu aspira\u021biile \u00een termeni mai generali. O adolescent\u0103 spune c\u0103 \u00ee\u0219i dore\u0219te \u201eo via\u021b\u0103 s\u0103n\u0103toas\u0103 \u0219i stabil\u0103\u201d. O alta, \u00een v\u00e2rst\u0103 de 16 ani, afirm\u0103 c\u0103 a venit \u00een c\u0103utarea \u201eunui viitor mai bun \u0219i a unei vie\u021bi demne\u201d \u0219i sper\u0103 s\u0103 lucreze \u00een industria restaurantelor.<\/p>\n<p data-index=\"17\">\u201eVreau s\u0103 muncesc cu demnitate \u0219i s\u0103 contribui la societate\u201d, a scris ea.<\/p>\n<h2 id=\"highlight-3929581-3\">13 pl\u00e2ngeri privind agresiuni sexuale, \u00eenregistrate \u00een Ceuta<\/h2>\n<p data-index=\"18\">Deocamdat\u0103, nevoile imediate ale adolescentelor sunt mult mai elementare dec\u00e2t viitorul pe care \u0219i-l descriu pe h\u00e2rtie. Ele au nevoie de un loc sigur \u00een care s\u0103 stea, de acces la servicii medicale, intimitate, educa\u021bie \u0219i informa\u021bii clare despre ceea ce li se va \u00eent\u00e2mpla.<\/p>\n<p data-index=\"19\">Ahmed Enfed-dal, pre\u0219edintele asocia\u021biei de cartier din El Pr\u00edncipe, spune c\u0103 localnicii au \u00eencercat s\u0103 creeze un spa\u021biu protejat pentru adolescente. Limitele acestei protec\u021bii sunt \u00eens\u0103 evidente.<\/p>\n<p data-index=\"20\">\u201eDac\u0103 trebuie s\u0103 mearg\u0103 la toalet\u0103 sau s\u0103 fac\u0103 du\u0219, \u00eencerc\u0103m s\u0103 ne asigur\u0103m c\u0103 sunt \u00eenso\u021bite \u0219i c\u0103 nu merg niciodat\u0103 singure\u201d, a declarat el.<\/p>\n<p data-index=\"21\">P\u00e2n\u0103 la 17 august, procurorii din Ceuta \u00eenregistraser\u0103 13 pl\u00e2ngeri oficiale privind agresiuni sexuale de la \u00eenceputul travers\u0103rii \u00een mas\u0103. Printre victime se num\u0103rau \u0219i trei minori.<\/p>\n<p> Editor : <a href=\"https:\/\/www.digi24.ro\/autor\/stefania-apostol\"> \u0218.A. <\/a><\/p>\n<\/div>\n<p>[analyse_source url=&#8221;https:\/\/www.digi24.ro\/stiri\/externe\/vrem-sa-ne-decidem-singure-viitorul-marturiile-adolescentelor-care-si-au-riscat-viata-pentru-a-ajunge-in-ceuta-3929581&#8243;]<\/p>\n","protected":false},"excerpt":{"rendered":"<p>[analyse_image type=&#8221;featured&#8221; src=&#8221;https:\/\/s.iw.ro\/gateway\/g\/ZmlsZVNvdXJjZT1odHRwJTNBJTJGJTJG\/c3RvcmFnZTA4dHJhbnNjb2Rlci5yY3Mt\/cmRzLnJvJTJGc3RvcmFnZSUyRjIwMjYl\/MkYwOCUyRjMxJTJGMjkzMjc1MF8yOTMy\/NzUwX3Bob3RvLWNvbGxhZ2VfcG5nLTIw\/MjYtMDgtMzFUMjMzNjMyXzg2Ni5wbmcm\/dz0xMjAwJmg9NjMwJnpjPTEmaGFzaD0w\/ZWJlZWE1YWUwZjQ3OWFiZGYwMjk3YzAzMmFhMDk0YQ==.thumb.jpg&#8221;] Peste dou\u0103zeci de adolescente care au participat, la sf\u00e2r\u0219itul lunii iulie, la traversarea extrem de periculoas\u0103 din Maroc c\u0103tre Ceuta au povestit de ce \u0219i-au p\u0103r\u0103sit \u021bara. R\u0103mase blocate \u00eentr-o tab\u0103r\u0103 improvizat\u0103 din enclava spaniol\u0103, f\u0103r\u0103 s\u0103 \u0219tie dac\u0103 vor putea r\u0103m\u00e2ne \u00een Spania sau vor fi trimise \u00eenapoi, fetele spun c\u0103 [&hellip;]<\/p>\n","protected":false},"author":1,"featured_media":0,"comment_status":"open","ping_status":"","sticky":false,"template":"","format":"standard","meta":{"footnotes":""},"categories":[89],"tags":[226,11],"class_list":["post-2121189","post","type-post","status-publish","format-standard","hentry","category-romania","tag-crawlmanager","tag-digi24"],"_links":{"self":[{"href":"https:\/\/analyse.optim.biz\/index.php?rest_route=\/wp\/v2\/posts\/2121189","targetHints":{"allow":["GET"]}}],"collection":[{"href":"https:\/\/analyse.optim.biz\/index.php?rest_route=\/wp\/v2\/posts"}],"about":[{"href":"https:\/\/analyse.optim.biz\/index.php?rest_route=\/wp\/v2\/types\/post"}],"author":[{"embeddable":true,"href":"https:\/\/analyse.optim.biz\/index.php?rest_route=\/wp\/v2\/users\/1"}],"replies":[{"embeddable":true,"href":"https:\/\/analyse.optim.biz\/index.php?rest_route=%2Fwp%2Fv2%2Fcomments&post=2121189"}],"version-history":[{"count":0,"href":"https:\/\/analyse.optim.biz\/index.php?rest_route=\/wp\/v2\/posts\/2121189\/revisions"}],"wp:attachment":[{"href":"https:\/\/analyse.optim.biz\/index.php?rest_route=%2Fwp%2Fv2%2Fmedia&parent=2121189"}],"wp:term":[{"taxonomy":"category","embeddable":true,"href":"https:\/\/analyse.optim.biz\/index.php?rest_route=%2Fwp%2Fv2%2Fcategories&post=2121189"},{"taxonomy":"post_tag","embeddable":true,"href":"https:\/\/analyse.optim.biz\/index.php?rest_route=%2Fwp%2Fv2%2Ftags&post=2121189"}],"curies":[{"name":"wp","href":"https:\/\/api.w.org\/{rel}","templated":true}]}}