{"id":212117,"date":"2014-02-13T14:38:12","date_gmt":"2014-02-13T11:38:12","guid":{"rendered":"https:\/\/analyse.optim.biz\/?p=212117"},"modified":"2014-02-13T14:38:12","modified_gmt":"2014-02-13T11:38:12","slug":"catalin-predoiu-victor-ponta-si-crin-antonescu-se-comporta-ca-doi-chirurgi-beti-care-se-bat-in-sala-de-operatie","status":"publish","type":"post","link":"https:\/\/analyse.optim.biz\/?p=212117","title":{"rendered":"C\u0103t\u0103lin Predoiu: Victor Ponta \u015fi Crin Antonescu se comport\u0103 ca doi chirurgi be\u0163i care se bat \u00een sala de opera\u0163ie"},"content":{"rendered":"<div class=\"entry data-app-meta data-app-meta-article\" data-embed-base-url-canonical=\"https:\/\/www.digi24.ro\/embed\/stiri\/actualitate\/politica\/catalin-predoiu-victor-ponta-si-crin-antonescu-se-comporta-ca-doi-chirurgi-beti-care-se-bat-in-sala-de-operatie-199837\">\n<p data-index=\"1\"><img decoding=\"async\" src=\"https:\/\/analyse.optim.biz\/wp-content\/uploads\/2024\/09\/ogflntvjmza2odq2nwnjywyxnwqwzmy0zgzhnmmyma-thumb_.jpg\" data-skip-htmlfix=\"1\" title=\"ogflntvjmza2odq2nwnjywyxnwqwzmy0zgzhnmmyma-thumb_\"><\/p>\n<p data-index=\"2\"><strong><em>C\u0103t\u0103lin Predoiu \/ Foto: Mediafa<\/em>x<\/strong><\/p>\n<p data-index=\"3\">\u201e<strong><span>Victor Ponta<\/span><\/strong>\u00a0\u015fi\u00a0<strong>Crin Antonescu<\/strong>\u00a0ne ofer\u0103 \u00een aceste ore un spectacol grotesc. Nu avem de-a face cu o lupt\u0103 politic\u0103, ci avem de-a face cu o b\u0103t\u0103lie a unor clanuri pe avantajele guvern\u0103rii. Nu avem de-a face cu o confruntare politic\u0103, ci o lupt\u0103 de hiene politice care au uitat de rom\u00e2ni \u015fi au grij\u0103 doar de propriile interese\u201d, a apreciat <strong>C\u0103t\u0103lin Predoiu<\/strong>.<\/p>\n<p data-index=\"4\">El a ar\u0103tat c\u0103 sunt ministere importante care \u00een acest moment \u201esunt f\u0103r\u0103 cap, f\u0103r\u0103 conducere, f\u0103r\u0103 direc\u0163ie\u201d, informeaz\u0103 Mediafax.\u00a0<\/p>\n<p data-index=\"5\">\u201ePonta \u015fi Antonescu se comport\u0103 \u00een aceste zile precum doi chirurgi be\u0163i care se bat \u00een sala de opera\u0163ie pe bisturiu, \u00een\u00a0timp\u00a0ce pacientul moare. Am\u00e2ndoi, ca oameni politici, sunt o insult\u0103 la adresa oric\u0103rui cet\u0103\u0163ean rom\u00e2n onest \u015fi demonstreaz\u0103 am\u00e2ndoi, \u015fi domnul Ponta, \u015fi domnul Antonescu, c\u0103 nimicul produce nimic\u201d, a ad\u0103ugat\u00a0C\u0103t\u0103lin Predoiu.<\/p>\n<p data-index=\"6\">Prim-vicepre\u015fedintele PDL a mai spus c\u0103 USL este poate \u201ecea mai mare \u00een\u015fel\u0103torie politic\u0103 de la alegerile trucate de comuni\u015ftid in 1947\u201d.<\/p>\n<p data-index=\"7\">\u201eAcum, aceea\u015fi oameni care au \u00een\u015felat rom\u00e2ni \u00een urm\u0103 cu un an \u015fi mai bine pun la cale o nou\u0103 p\u0103c\u0103leal\u0103 politic\u0103, o nou\u0103 impostur\u0103, o nou\u0103 \u00een\u015fel\u0103torie care se cheam\u0103 USD, pe care vor s\u0103 o construiasc\u0103 \u015fi s\u0103 o foloseasc\u0103 precum o carte m\u0103sluit\u0103 prin care s\u0103-l p\u0103c\u0103leasc\u0103 pe domnul Antonescu\u201d, a mai spus C\u0103t\u0103lin Predoiu.<\/p>\n<\/div>\n<p> Source URL: https:\/\/www.digi24.ro\/stiri\/actualitate\/politica\/catalin-predoiu-victor-ponta-si-crin-antonescu-se-comporta-ca-doi-chirurgi-beti-care-se-bat-in-sala-de-operatie-199837<\/p>\n","protected":false},"excerpt":{"rendered":"<p>C\u0103t\u0103lin Predoiu \/ Foto: Mediafax \u201eVictor Ponta\u00a0\u015fi\u00a0Crin Antonescu\u00a0ne ofer\u0103 \u00een aceste ore un spectacol grotesc. Nu avem de-a face cu o lupt\u0103 politic\u0103, ci avem de-a face cu o b\u0103t\u0103lie a unor clanuri pe avantajele guvern\u0103rii. Nu avem de-a face cu o confruntare politic\u0103, ci o lupt\u0103 de hiene politice care au uitat de rom\u00e2ni [&hellip;]<\/p>\n","protected":false},"author":1,"featured_media":212118,"comment_status":"open","ping_status":"","sticky":false,"template":"","format":"standard","meta":{"footnotes":""},"categories":[2],"tags":[11],"class_list":["post-212117","post","type-post","status-publish","format-standard","has-post-thumbnail","hentry","category-politics","tag-digi24"],"_links":{"self":[{"href":"https:\/\/analyse.optim.biz\/index.php?rest_route=\/wp\/v2\/posts\/212117","targetHints":{"allow":["GET"]}}],"collection":[{"href":"https:\/\/analyse.optim.biz\/index.php?rest_route=\/wp\/v2\/posts"}],"about":[{"href":"https:\/\/analyse.optim.biz\/index.php?rest_route=\/wp\/v2\/types\/post"}],"author":[{"embeddable":true,"href":"https:\/\/analyse.optim.biz\/index.php?rest_route=\/wp\/v2\/users\/1"}],"replies":[{"embeddable":true,"href":"https:\/\/analyse.optim.biz\/index.php?rest_route=%2Fwp%2Fv2%2Fcomments&post=212117"}],"version-history":[{"count":0,"href":"https:\/\/analyse.optim.biz\/index.php?rest_route=\/wp\/v2\/posts\/212117\/revisions"}],"wp:featuredmedia":[{"embeddable":true,"href":"https:\/\/analyse.optim.biz\/index.php?rest_route=\/wp\/v2\/media\/212118"}],"wp:attachment":[{"href":"https:\/\/analyse.optim.biz\/index.php?rest_route=%2Fwp%2Fv2%2Fmedia&parent=212117"}],"wp:term":[{"taxonomy":"category","embeddable":true,"href":"https:\/\/analyse.optim.biz\/index.php?rest_route=%2Fwp%2Fv2%2Fcategories&post=212117"},{"taxonomy":"post_tag","embeddable":true,"href":"https:\/\/analyse.optim.biz\/index.php?rest_route=%2Fwp%2Fv2%2Ftags&post=212117"}],"curies":[{"name":"wp","href":"https:\/\/api.w.org\/{rel}","templated":true}]}}