{"id":2121156,"date":"2026-08-31T19:45:21","date_gmt":"2026-08-31T16:45:21","guid":{"rendered":"https:\/\/analyse.optim.biz\/?p=2121156"},"modified":"2026-08-31T19:45:21","modified_gmt":"2026-08-31T16:45:21","slug":"guvernul-marcheaza-un-jalon-cheie-in-pnrr-electrocentrale-grup-tipografica-filaret-si-telecomunicatii","status":"publish","type":"post","link":"https:\/\/analyse.optim.biz\/?p=2121156","title":{"rendered":"Guvernul marcheaz\u0103 un jalon-cheie \u00een PNRR: Electrocentrale Grup, Tipografica Filaret \u0219i Telecomunica\u021bii&#8230;"},"content":{"rendered":"<p>[analyse_image type=&#8221;featured&#8221; src=&#8221;https:\/\/s.iw.ro\/gateway\/g\/ZmlsZVNvdXJjZT1odHRwJTNBJTJGJTJG\/c3RvcmFnZTA4dHJhbnNjb2Rlci5yY3Mt\/cmRzLnJvJTJGc3RvcmFnZSUyRjIwMjYl\/MkYwOCUyRjI1JTJGMjkyNTM5NV8yOTI1\/Mzk1X29hbmEtZ2hlb3JnaGl1LWlucXVh\/bS1vY3Rhdi1nYW5lYS5wbmcmdz0xMjAw\/Jmg9NjMwJnpjPTEmaGFzaD1kOTc1Y2Ez\/MTYzNDY4MTg3MDM4OTA3Y2JlOTUxNjBhOQ==.thumb.jpg&#8221;]<\/p>\n<div class=\"entry data-app-meta data-app-meta-article\" data-embed-base-url-canonical=\"https:\/\/www.digi24.ro\/embed\/stiri\/actualitate\/politica\/guvernul-marcheaza-un-jalon-cheie-in-pnrr-electrocentrale-grup-tipografica-filaret-si-telecomunicatii-cfr-radiate-oficial-3929511\">\n<p data-index=\"1\"><strong>Vicepremierul interimar Oana Gheorghiu anun\u0163\u0103, luni, \u00eenchiderea, \u00een ultima zi de derulare a Planului Na\u0163ional de Redresare \u015fi Rezilien\u0163\u0103 (PNRR), a jalonului aferent restructur\u0103rii a trei companii de stat. Este vorba despre Electrocentrale Grup, Societatea Tipografic\u0103 Filaret \u015fi compania Telecomunica\u0163ii CFR. Cele trei companii au fuzionat prin absorb\u0163ie cu altele, fiind radiate.<\/strong><\/p>\n<p data-index=\"2\">\u201eAst\u0103zi, 31 august, chiar \u00een ultima zi de implementare a PNRR, Guvernul Ilie Bolojan a \u00eenchis jalonul 443: restructurarea a trei companii de stat din energie \u015fi transporturi. Scopul acestui jalon a fost clar: s\u0103 punem ordine \u00een companiile de stat, pentru ca acestea s\u0103 devin\u0103 mai eficiente \u015fi mai performante economic. C\u00e2nd am venit \u00een Guvern, \u00een noiembrie 2025, jalonul 443 era \u00abmisiune imposibil\u0103\u00bb. Nimeni nu-i d\u0103dea absolut nicio \u015fans\u0103 pentru c\u0103 nimeni nu f\u0103cuse nici m\u0103car un singur pas spre restructurarea vreunei companii. (Mul\u0163umim, PSD!) C\u00e2nd i-am \u00eentrebat ce se \u00eent\u00e2mpl\u0103, pe colegii din Guvern, responsabili de acest jalon, r\u0103spunsul a fost \u00abtrebuie s\u0103 alegem 3 companii\u00bb. \u015ei de ce nu le alegem? am \u00eentrebat eu. Ce ne opre\u015fte s\u0103 alegem ca s\u0103 putem rezolva lucrurile? R\u0103spunsul nerostit era \u00abnu se dore\u015fte\u00bb. A\u015fa c\u0103 am f\u0103cut s\u0103 se doreasc\u0103\u201d, <a href=\"https:\/\/www.facebook.com\/oana.gheorghiu.58\/posts\/pfbid0CRCsNHHeDz8aKc7cFoFiyPxmN8ZsqrTAY3RHdgNX9w1FFmL6jRtJum857kfE8YKSl?__cft__%5B0%5D=AZZmZSIRAcRk6Hub-_xovlZK2OIyNmzh896FySEDk04SBKR9FT96V9ugt18CGvAks2t2jpNE-2Sdkf2Hbp-3BcSBXiObXaCCP_Yf8acTwYvsrAqKgCx6jmyROuPN1Jy4NI-4eBLVG_0Kt5QtSRyFw8FLWwOjflz4zlQkJ9TatkBCIZmfd4tNrdgsy0Mh5bU_pZQ&amp;__tn__=%2CO%2CP-R\" target=\"_blank\" rel=\"noopener\" data-skip-linkfix=\"1\">a scris Oana Gheorghiu, luni sear\u0103, pe Facebook.<\/a><\/p>\n<p>Vicepremierul interimar a amintit c\u0103, \u00een anul 2021, Rom\u00e2nia \u015fi-a asumat restructurarea sau listarea a 22 de companii. <\/p>\n<p>Una dintre companiile restructurate este Electrocentrale Grup, care a fuzionat prin absorb\u0163ie cu Societatea de Administrare a Participa\u0163iilor \u00een Energie, din portofoliul Ministerului Energiei.<\/p>\n<p>Alte dou\u0103 companii, Societatea Tipografic\u0103 Filaret \u015fi compania Telecomunica\u0163ii CFR au fuzionat prin absorb\u0163ie cu Compania Na\u0163ional\u0103 de C\u0103i Ferate, din portofoliul Ministerului Transporturilor \u015fi Infrastructurii.<\/p>\n<p>Oana Gheorghiu a precizat c\u0103 Guvernul a primit de la Registrul Comer\u0163ului deciziile privind fuziunile prin absorb\u0163ie \u015fi radierea celor trei companii.<\/p>\n<p>\u201ePentru dou\u0103 dintre ele hot\u0103r\u00e2rile s-au pronun\u0163at ast\u0103zi \u015fi vor fi comunicate oficial \u00een zilele urm\u0103toare, dar toate trei sunt admise. E o reform\u0103 de guvernan\u0163\u0103 corporativ\u0103 asumat\u0103 prin PNRR, care elimin\u0103 structuri paralele \u015fi consolideaz\u0103 administrarea companiilor de stat din aceste domenii\u201d, a ad\u0103ugat Oana Gheorghiu.<\/p>\n<p>Ea a precizat s\u0103 restructurarea celor trei companii este \u201eprimul pas\u201d \u015fi \u00eenceputul \u201eunui drum mai lung\u201d \u00een reforma companiilor de stat, \u00eens\u0103 acest pas arat\u0103 c\u0103 \u201ese poate\u201d.<\/p>\n<p>\u201eDe aici \u00eenainte, acest drum poate fi continuat acolo unde performan\u0163a economic\u0103 o cere\u201d, a ad\u0103ugat Oana Gheorghiu.<\/p>\n<p> Editor : <a href=\"https:\/\/www.digi24.ro\/autor\/bogdan-enache\"> B.E. <\/a><\/p>\n<\/div>\n<p>[analyse_source url=&#8221;https:\/\/www.digi24.ro\/stiri\/actualitate\/politica\/guvernul-marcheaza-un-jalon-cheie-in-pnrr-electrocentrale-grup-tipografica-filaret-si-telecomunicatii-cfr-radiate-oficial-3929511&#8243;]<\/p>\n","protected":false},"excerpt":{"rendered":"<p>[analyse_image type=&#8221;featured&#8221; src=&#8221;https:\/\/s.iw.ro\/gateway\/g\/ZmlsZVNvdXJjZT1odHRwJTNBJTJGJTJG\/c3RvcmFnZTA4dHJhbnNjb2Rlci5yY3Mt\/cmRzLnJvJTJGc3RvcmFnZSUyRjIwMjYl\/MkYwOCUyRjI1JTJGMjkyNTM5NV8yOTI1\/Mzk1X29hbmEtZ2hlb3JnaGl1LWlucXVh\/bS1vY3Rhdi1nYW5lYS5wbmcmdz0xMjAw\/Jmg9NjMwJnpjPTEmaGFzaD1kOTc1Y2Ez\/MTYzNDY4MTg3MDM4OTA3Y2JlOTUxNjBhOQ==.thumb.jpg&#8221;] Vicepremierul interimar Oana Gheorghiu anun\u0163\u0103, luni, \u00eenchiderea, \u00een ultima zi de derulare a Planului Na\u0163ional de Redresare \u015fi Rezilien\u0163\u0103 (PNRR), a jalonului aferent restructur\u0103rii a trei companii de stat. Este vorba despre Electrocentrale Grup, Societatea Tipografic\u0103 Filaret \u015fi compania Telecomunica\u0163ii CFR. Cele trei companii au fuzionat prin absorb\u0163ie cu altele, fiind radiate. [&hellip;]<\/p>\n","protected":false},"author":1,"featured_media":0,"comment_status":"open","ping_status":"","sticky":false,"template":"","format":"standard","meta":{"footnotes":""},"categories":[89],"tags":[11],"class_list":["post-2121156","post","type-post","status-publish","format-standard","hentry","category-romania","tag-digi24"],"_links":{"self":[{"href":"https:\/\/analyse.optim.biz\/index.php?rest_route=\/wp\/v2\/posts\/2121156","targetHints":{"allow":["GET"]}}],"collection":[{"href":"https:\/\/analyse.optim.biz\/index.php?rest_route=\/wp\/v2\/posts"}],"about":[{"href":"https:\/\/analyse.optim.biz\/index.php?rest_route=\/wp\/v2\/types\/post"}],"author":[{"embeddable":true,"href":"https:\/\/analyse.optim.biz\/index.php?rest_route=\/wp\/v2\/users\/1"}],"replies":[{"embeddable":true,"href":"https:\/\/analyse.optim.biz\/index.php?rest_route=%2Fwp%2Fv2%2Fcomments&post=2121156"}],"version-history":[{"count":0,"href":"https:\/\/analyse.optim.biz\/index.php?rest_route=\/wp\/v2\/posts\/2121156\/revisions"}],"wp:attachment":[{"href":"https:\/\/analyse.optim.biz\/index.php?rest_route=%2Fwp%2Fv2%2Fmedia&parent=2121156"}],"wp:term":[{"taxonomy":"category","embeddable":true,"href":"https:\/\/analyse.optim.biz\/index.php?rest_route=%2Fwp%2Fv2%2Fcategories&post=2121156"},{"taxonomy":"post_tag","embeddable":true,"href":"https:\/\/analyse.optim.biz\/index.php?rest_route=%2Fwp%2Fv2%2Ftags&post=2121156"}],"curies":[{"name":"wp","href":"https:\/\/api.w.org\/{rel}","templated":true}]}}