{"id":2121154,"date":"2026-08-31T16:08:26","date_gmt":"2026-08-31T13:08:26","guid":{"rendered":"https:\/\/analyse.optim.biz\/?p=2121154"},"modified":"2026-08-31T16:08:26","modified_gmt":"2026-08-31T13:08:26","slug":"prima-reactie-a-lui-lucian-pahontu-fata-de-acuzatiile-privind-participarea-la-revolutie-si-mineriada-nu","status":"publish","type":"post","link":"https:\/\/analyse.optim.biz\/?p=2121154","title":{"rendered":"Prima reac\u021bie a lui Lucian Pahon\u021bu fa\u021b\u0103 de acuza\u021biile privind participarea la Revolu\u021bie \u0219i Mineriad\u0103: \u201eNu&#8230;"},"content":{"rendered":"<p>[analyse_image type=&#8221;featured&#8221; src=&#8221;https:\/\/cdn.adh.reperio.news\/image-4\/4e5cfee5-acd1-4d36-b18d-47278d3a413f\/index.webp?p=f%3Djpeg%26w%3D1200%26h%3D630%26r%3Dcover&#8221;]<\/p>\n<article class=\"svelte-x63bga\">\n<nav>\n<ul class=\"breadcrump svelte-1pk9a69\">\n<li class=\"svelte-1pk9a69\"><a href=\"https:\/\/adevarul.ro\/\" title=\"Adev\u0103rul\" class=\"svelte-1pk9a69\">Home<\/a><\/li>\n<li class=\"svelte-1pk9a69\"><a href=\"https:\/\/adevarul.ro\/stiri-interne\" class=\"svelte-1pk9a69\">\u0218tiri Interne<\/a><\/li>\n<li class=\"svelte-1pk9a69\"><a href=\"https:\/\/adevarul.ro\/stiri-interne\/evenimente\" class=\"svelte-1pk9a69\">Evenimente<\/a><\/li>\n<li class=\"svelte-1pk9a69\"><a href=\"https:\/\/adevarul.ro\/stiri-interne\/evenimente\/spovedania-lui-pahontu-despre-revolutie-si-2553220.html\" class=\"svelte-1pk9a69\">Prima reac\u021bie a lui Lucian Pahon\u021bu fa\u021b\u0103 de acuza\u021biile privind participarea la Revolu\u021bie \u0219i Mineriad\u0103: \u201eNu exist\u0103 nicio prob\u0103\u201d<\/a><\/li>\n<\/ul>\n<\/nav>\n<p><main class=\"svelte-x63bga\"><\/p>\n<p>Generalul Lucian Pahon\u021bu, \u0219eful Serviciului de Protec\u021bie \u0219i Paz\u0103 (SPP), a transmis luni, 31 august, un punct de vedere amplu \u00een care respinge acuza\u021biile lansate \u00een spa\u021biul public privind o presupus\u0103 implicare \u00een reprimarea manifestan\u021bilor \u00een timpul Revolu\u021biei din Decembrie 1989 \u0219i al evenimentelor din iunie 1990.<\/p>\n<div class=\"container-image  svelte-1xbw4f3\"><source type=\"image\/webp\" srcset=\"https:\/\/cdn.adh.reperio.news\/image-4\/4e5cfee5-acd1-4d36-b18d-47278d3a413f\/index.webp?p=a%3D1%26co%3D1.05%26w%3D1400%26h%3D750%26r%3Dcontain%26f%3Dwebp 1400w\" media=\"(min-width: 1400px)\" \/><\/p>\n<div class=\"caption svelte-1xbw4f3\"><span class=\"captionText svelte-1xbw4f3\">Lucian Pahontu  <span class=\"source svelte-1xbw4f3\">Foto: Inquam Photos<\/span><\/span><\/div>\n<\/div>\n<p><\/p>\n<p>\u00cen mesajul s\u0103u, \u0219eful SPP afirm\u0103 c\u0103 rom\u00e2nii au dreptul s\u0103 cunoasc\u0103 adev\u0103rul despre evenimentele care au marcat istoria recent\u0103 a \u021b\u0103rii \u0219i sus\u021bine c\u0103 este dispus s\u0103 r\u0103spund\u0103 \u00eentreb\u0103rilor privind trecutul s\u0103u profesional:<\/p>\n<p><i>\u201eDecembrie 1989 \u0219i iunie 1990 sunt r\u0103ni deschise ale Rom\u00e2niei. Oamenii care au murit sau au suferit atunci, rudele lor \u015fi to\u021bi rom\u00e2nii merit\u0103 adev\u0103rul, iar cei care ocup\u0103 func\u021bii de \u00eencredere public\u0103 au datoria s\u0103 r\u0103spund\u0103 \u00eentreb\u0103rilor despre trecutul lor. De aceea r\u0103spund, cu fapte care pot fi verificate\u201d.<\/i><\/p>\n<p>Pahon\u021bu sus\u021bine c\u0103 informa\u021biile vehiculate despre activitatea sa sunt false \u0219i c\u0103 evolu\u021bia sa profesional\u0103 nu a fost niciodat\u0103 ascuns\u0103.<\/p>\n<p><i>\u201eAfirma\u021biile care m\u0103 vizeaz\u0103 sunt neadev\u0103rate \u0219i lipsite de fundament. Nu am ascuns niciodat\u0103 aspecte privind parcursul meu profesional. Datele sunt cunoscute \u00een spa\u021biul public \u0219i sunt disponibile \u00een mediul virtual de foarte mul\u021bi ani<\/i>\u201d, mai spune Pahon\u021bu<\/p>\n<h2>\u201eNu am desf\u0103\u0219urat niciodat\u0103 activit\u0103\u021bi care s\u0103 vizeze \u00eenc\u0103lcarea drepturilor \u0219i libert\u0103\u021bilor fundamentale\u201d<\/h2>\n<p>Directorul SPP afirm\u0103 c\u0103 nu a desf\u0103\u0219urat activit\u0103\u021bi care s\u0103 poat\u0103 fi \u00eencadrate \u00een categoria poli\u021biei politice \u0219i spune c\u0103 verific\u0103rile CNSAS vor clarifica aceste aspecte:<\/p>\n<p><i>\u201ePozi\u021bia mea este simpl\u0103: nu am desf\u0103\u0219urat niciodat\u0103 activit\u0103\u021bi care s\u0103 vizeze \u00eenc\u0103lcarea sau \u00eengr\u0103direa drepturilor \u0219i libert\u0103\u021bilor fundamentale \u0219i care ar putea fi \u00eencadrate \u00een categoria faptelor de &#8216;poli\u021bie politic\u0103&#8217;. Av\u00e2nd \u00een vedere ac\u021biunile mele din acea perioad\u0103, am convingerea c\u0103 acest aspect va fi eviden\u021biat de verific\u0103rile \u00eentreprinse de Consiliul Na\u021bional pentru Studierea Arhivelor Securit\u0103\u021bii, institu\u021bie care are la dispozi\u021bie toate mecanismele legale pentru a clarifica veridicitatea afirma\u021biilor mele<\/i>\u201d.<\/p>\n<p>Acesta respinge categoric acuza\u021biile privind o eventual\u0103 participare la reprimarea protestatarilor \u00een timpul Revolu\u021biei \u0219i al Mineriadei.<\/p>\n<p><i>\u201eResping cu fermitate orice acuza\u021bie de implicare \u00een reprimarea violent\u0103 a manifesta\u021biilor care au avut loc \u00een zilele de 21 \u0219i 22 decembrie 1989 \u00een Pia\u021ba Universit\u0103\u021bii \u0219i \u00een violen\u021bele \u00eempotriva protestatarilor din Pia\u021ba Universit\u0103\u021bii, din zilele de 13-14 iunie 1990<\/i>\u201d, mai sus\u021bine \u0219eful SPP<\/p>\n<h2>Cum descrie rolul s\u0103u \u00een decembrie 1989<\/h2>\n<p>Lucian Pahon\u021bu afirm\u0103 c\u0103 era ofi\u021ber de transmisiuni \u00een cadrul Trupelor de Securitate \u0219i sus\u021bine c\u0103 unitatea din care f\u0103cea parte avea rol logistic:<\/p>\n<p><i>\u201e\u00cen decembrie 1989, aveam 25 de ani, eram locotenent \u0219i comandant al unui pluton de transmisiuni \u00een compania de asigurare de lupt\u0103 \u0219i transport a UM 0305, Trupe de Securitate, din cadrul Ministerului de Interne. La momentul respectiv, Trupele de Securitate erau echivalentul Jandarmeriei Rom\u00e2ne de azi \u0219i nu trebuie confundate cu structurile de Securitate cu atribu\u021bii informativ-operative \u0219i de cercetare penal\u0103<\/i>\u201d.<\/p>\n<p>Pahon\u021bu afirm\u0103 c\u0103 \u00een noaptea de 21 spre 22 decembrie 1989 a fost prezent \u00eentr-un dispozitiv amplasat la intersec\u021bia str\u0103zilor 13 Decembrie \u0219i Academiei, f\u0103r\u0103 muni\u021bie asupra sa.<\/p>\n<p><i>\u201e\u00cen cele aproximativ patru ore \u00een care ne-am aflat \u00een dispozitivul de la intersec\u021bia str\u0103zilor 13 Decembrie \u0219i Academiei, nici eu \u0219i nici militarii afla\u021bi \u00een subordinea mea nu ne-am modificat pozi\u021bia \u0219i nu am avut vreun contact direct cu revolu\u021bionarii<\/i>\u201d, explic\u0103 \u0219eful SPP.<\/p>\n<p>Potrivit lui Lucian Pahon\u021bu, \u00een diminea\u021ba zilei de 22 decembrie militarii au fraternizat cu manifestan\u021bii:<\/p>\n<p><i>\u201e\u00cen jurul orei 10:00, la ordin, am permis accesul manifestan\u021bilor \u00een Pia\u021ba Republicii (\u00een prezent Pia\u021ba Revolu\u021biei), iar ace\u0219tia ne-au \u00eembr\u0103\u021bi\u0219at \u0219i ne-au dat flori \u0219i m\u00e2ncare. Ulterior, am primit ordin s\u0103 ne retragem c\u0103tre camioane, ne-am \u00eembarcat \u00een ele \u0219i ne-am \u00eentors la unitate. Men\u021bionez c\u0103, la sosirea \u00een unitate, muni\u021bia a fost verificat\u0103 \u0219i predat\u0103 \u0219i nu lipsea niciun cartu\u0219<\/i>\u201d.<\/p>\n<h2>\u201eNu am fost la baricada de la Intercontinental\u201d<\/h2>\n<p>Pahon\u021bu sus\u021bine c\u0103 nici el \u0219i nici subordona\u021bii s\u0103i nu au participat la confrunt\u0103rile din zona Intercontinental:<\/p>\n<p><i>\u201eReiterez, f\u0103r\u0103 echivoc: \u00een niciun moment din timpul evenimentelor din 21 \u0219i 22 decembrie 1989, nici eu, nici militarii afla\u021bi \u00een subordinea mea nu am fost la baricada de la Intercontinental \u0219i nici pe Bulevardul Nicolae B\u0103lcescu, nu am avut muni\u021bie asupra noastr\u0103 \u0219i nu am avut niciun contact cu revolu\u021bionarii, cu excep\u021bia momentului \u00een care ace\u0219tia au fraternizat cu militarii, a\u0219a cum am precizat deja. Aceasta este realitatea acelor zile, pe care am consemnat-o \u0219i \u00een declara\u021bia din martie 1990\u201d<\/i>.<\/p>\n<p>\u00cen sprijinul pozi\u021biei sale, directorul SPP citeaz\u0103 declara\u021biile fostului procuror militar C\u0103t\u0103lin Ranco Pi\u021bu.<\/p>\n<p><i>\u201eGeneralul Lucian Pahon\u021bu nu a fost cercetat personal niciodat\u0103 pe parcursul celor 36 de ani, perioad\u0103 care s-a scurs din 1989 \u00eencoace (&#8230;) Dar, nu exist\u0103 nicio prob\u0103 c\u0103 Pahon\u021bu a participat la represiune (&#8230;) Pahon\u021bu, la acea vreme, era un militar cu grad mic (&#8230;) Eu, ca anchetator, consider c\u0103 nu mi-a sc\u0103pat nicio prob\u0103 \u0219i c\u0103, \u00een ceea ce \u00eel prive\u0219te pe Pahon\u021bu, nu exist\u0103 niciun indiciu c\u0103 a participat direct la comiterea unor infrac\u021biuni!<\/i>\u201d.<\/p>\n<h2>Neag\u0103 implicarea \u00een Mineriad\u0103<\/h2>\n<p>\u0218eful SPP sus\u021bine c\u0103 nici el, nici militarii afla\u021bi \u00een subordinea sa nu au participat la violen\u021bele din 13-14 iunie 1990:<\/p>\n<p><i>\u201e\u00cen cele dou\u0103 zile, eu \u0219i militarii din subordinea mea nu am participat la evenimentele din Bucure\u0219ti. \u00cen intervalul respectiv, am r\u0103mas \u00een cazarm\u0103, conform documentelor aflate \u00een arhiva Jandarmeriei Rom\u00e2ne\u201d.<\/i><\/p>\n<p>Acesta afirm\u0103 c\u0103 a ie\u0219it din unitate abia pe 15 iunie.<\/p>\n<p><i>\u201ePotrivit acestora, nici eu, nici militarii din subordinea mea nu am p\u0103r\u0103sit cazarma p\u00e2n\u0103 \u00een data de 15 iunie 1990, c\u00e2nd am primit ordin s\u0103 particip, cu 72 de militari, la men\u021binerea ordinii publice \u00een Pia\u021ba Universit\u0103\u021bii. \u00cen acea zi nu au avut loc manifesta\u021bii \u00een Pia\u021ba Universit\u0103\u021bii, nu au fost \u00eenregistrate violen\u021be, iar minerii s-au retras din zona respectiv\u0103 \u0219i au plecat spre Valea Jiului\u201d<\/i>, a explicat Pahon\u021bu.<\/p>\n<h2>Solicit\u0103 clarificarea acuza\u021biilor<\/h2>\n<p>\u00cen \u00eencheiere, Lucian Pahon\u021bu afirm\u0103 c\u0103 activitatea sa a fost verificat\u0103 de-a lungul timpului de institu\u021biile statului \u0219i sus\u021bine c\u0103 eventualele fapte grave de care este acuzat ar fi fost descoperite dac\u0103 ar fi existat.<\/p>\n<p><i>\u201e\u00cemi doresc ca acuza\u021biile ce mi se aduc \u0219i care \u00eemi lezeaz\u0103 demnitatea \u0219i cariera de militar s\u0103 fie clarificate c\u00e2t mai cur\u00e2nd. De-a lungul carierei mele, am pus accent pe respectul fa\u021b\u0103 de oameni \u0219i mi-am ghidat ac\u021biunile dup\u0103 valori precum integritate, loialitate, respect \u0219i responsabilitate\u201d.<\/i><\/p>\n<h2>Reac\u021bia integral\u0103 a lui Lucian Pahon\u021bu<\/h2>\n<p>Red\u0103m, mai jos. punctul de vedere integral transmis de Lucian Pahon\u021bu:<\/p>\n<p><i><b>\u201ePunct de vedere<\/b><\/i><\/p>\n<p><i>Av\u00e2nd \u00een vedere acuza\u021biile lansate \u00een spa\u021biul public la adresa mea, fac urm\u0103toarele preciz\u0103ri pentru clarificarea aspectelor care \u00eemi sunt imputate \u0219i pentru o corect\u0103 informare a opiniei publice:<\/i><\/p>\n<p><i>Decembrie 1989 \u0219i iunie 1990 sunt r\u0103ni deschise ale Rom\u00e2niei. Oamenii care au murit sau au suferit atunci, rudele lor \u015fi to\u021bi rom\u00e2nii merit\u0103 adev\u0103rul, iar cei care ocup\u0103 func\u021bii de \u00eencredere public\u0103 au datoria s\u0103 r\u0103spund\u0103 \u00eentreb\u0103rilor despre trecutul lor. De aceea r\u0103spund, cu fapte care pot fi verificate.<\/i><\/p>\n<p><i>Afirma\u021biile care m\u0103 vizeaz\u0103 sunt neadev\u0103rate \u0219i lipsite de fundament. Nu am ascuns niciodat\u0103 aspecte privind parcursul meu profesional. Datele sunt cunoscute \u00een spa\u021biul public \u0219i sunt disponibile \u00een mediul virtual de foarte mul\u021bi ani<\/i>.<\/p>\n<p><i>      Pozi\u021bia mea este simpl\u0103: nu am desf\u0103\u0219urat niciodat\u0103 activit\u0103\u021bi care s\u0103 vizeze \u00eenc\u0103lcarea sau \u00eengr\u0103direa drepturilor \u0219i libert\u0103\u021bilor fundamentale \u0219i care ar putea fi \u00eencadrate \u00een categoria faptelor de \u201epoli\u021bie politic\u0103\u201d. Av\u00e2nd \u00een vedere ac\u021biunile mele din acea perioad\u0103, am convingerea c\u0103 acest aspect va fi eviden\u021biat de verific\u0103rile \u00eentreprinse de Consiliul Na\u021bional pentru Studierea Arhivelor Securit\u0103\u021bii, institu\u021bie care are la dispozi\u021bie toate mecanismele legale pentru a clarifica veridicitatea afirma\u021biilor mele.<\/i><\/p>\n<p><a class=\"related-inline svelte-78g0vl\" data-gtrack=\"{&quot;event&quot;:&quot;utm_click&quot;,&quot;data&quot;:{&quot;event_category&quot;:&quot;article_related&quot;}}\" href=\"https:\/\/adevarul.ro\/politica\/de-ce-nu-l-demite-nicusor-dan-pe-generalul-2552754.html\" title=\"Alt articol de interes pentru tine\"><span class=\"inline-title svelte-78g0vl\">De ce nu-l demite Nicu\u0219or Dan pe generalul Pahon\u021bu? \u201ePare c\u0103 exist\u0103 un soi de complicitate\u201d. C\u00e2t st\u0103 \u00een picioare ap\u0103rarea pre\u0219edintelui<\/span><\/a><\/p>\n<p><i>     Resping cu fermitate orice acuza\u021bie de implicare \u00een reprimarea violent\u0103 a manifesta\u021biilor care au avut loc \u00een zilele de 21 \u0219i 22 decembrie 1989 \u00een Pia\u021ba Universit\u0103\u021bii \u0219i \u00een violen\u021bele \u00eempotriva protestatarilor din Pia\u021ba Universit\u0103\u021bii, din zilele de 13-14 iunie 1990.<\/i><\/p>\n<p>Am absolvit cursurile Scolii Militare de Ofi\u021beri Activi de la Sibiu, specializarea transmisiuni, iar \u00een perioada 1987-1989 am fost comandant de pluton \u00een cadrul Trupelor de Securitate, av\u00e2nd atribu\u021bii exclusiv \u00een domeniul transmisiuni.<\/p>\n<p><i>\u00cen decembrie 1989, aveam 25 de ani, eram locotenent \u0219i comandant al unui pluton de transmisiuni \u00een compania de asigurare de lupt\u0103 \u0219i transport a UM 0305, Trupe de Securitate, din cadrul Ministerului de Interne. La momentul respectiv, Trupele de Securitate erau echivalentul Jandarmeriei Rom\u00e2ne de azi \u0219i nu trebuie confundate cu structurile de Securitate cu atribu\u021bii informativ-operative \u0219i de cercetare penal\u0103. Componen\u021ba companiei \u00een care activam era urm\u0103toarea: un pluton transmisiuni, un pluton de ap\u0103rare antiaerian\u0103, un pluton logistic (buc\u0103tari), un pluton conduc\u0103tori auto \u0219i un alt pluton logistic (gospod\u0103ria agroalimentar\u0103). Prin \u00eens\u0103\u0219i structura ei, compania era o subunitate de sprijin logistic, specializat\u0103 \u00een activit\u0103\u021bi de suport pentru celelalte subunit\u0103\u021bi din cadrul UM 0305.<\/i><\/p>\n<p><i>      \u00cen seara zilei de 21 decembrie 1989, compania din care f\u0103ceam parte s-a deplasat, la ordin, \u00een trei locuri: \u00een jurul orei 20:00, am primit ordin s\u0103 ne deplas\u0103m la Casa Sc\u00e2nteii (denumit\u0103 \u00een prezent Casa Presei Libere); \u00een jurul orei 21:00, am primit ordin s\u0103 ne deplas\u0103m pe platoul din fa\u021ba restaurantului Cina \u0219i, \u00een jurul orei 22:00, am primit ordin s\u0103 intr\u0103m \u00een dispozitivul de blocare de pe strada 13 Decembrie (denumit\u0103 \u00een prezent str. Ion C\u00e2mpineanu), pe care nu l-am p\u0103r\u0103sit p\u00e2n\u0103 la ora 02:00 (22 decembrie), c\u00e2nd am primit ordinul s\u0103 ne \u00eentoarcem la camioanele de transport ale unit\u0103\u021bii, \u00een care am r\u0103mas, \u00een repaos, p\u00e2n\u0103 \u00een diminea\u021ba zilei de 22 decembrie 1989.<\/i><\/p>\n<p><i>      \u00cen seara zilei de 21 decembrie 1989, dup\u0103 ce am primit ordinul \u00een jurul orei 22:00, am intrat \u00een dispozitiv pe strada 13 Decembrie la intersec\u021bia cu strada Academiei (denumire p\u0103strat\u0103 \u0219i \u00een prezent), f\u0103r\u0103 a avea asupra noastr\u0103 muni\u021bia care a r\u0103mas \u00een l\u0103zi sigilate, \u00een camioanele parcate \u00een zon\u0103. \u00cen fa\u021ba dispozitivului nostru, spre Bulevardul Nicolae B\u0103lcescu (denumire p\u0103strat\u0103 \u0219i \u00een prezent), la aproximativ 100 metri, era un cordon de Mili\u021bie. \u00cen fa\u021ba acestora, la al\u021bi 150 metri, pe trotuarul de la ie\u0219irea \u00een Bulevardul Nicolae B\u0103lcescu, era un cordon format din militari ai Ministerului Ap\u0103r\u0103rii Na\u021bionale. \u00cen fa\u021ba lor, pe bulevard, erau sta\u021bionate blindate \u0219i for\u021be ale Ministerului Ap\u0103r\u0103rii Na\u021bionale. \u00cen cele aproximativ patru ore \u00een care ne-am aflat \u00een dispozitivul de la intersec\u021bia str\u0103zilor 13 Decembrie \u0219i Academiei, nici eu \u0219i nici militarii afla\u021bi \u00een subordinea mea nu ne-am modificat pozi\u021bia \u0219i nu am avut vreun contact direct cu revolu\u021bionarii.<\/i><\/p>\n<p><i>\u00cen diminea\u021ba zilei de 22 decembrie 1989, \u00een jurul orei 09:00, la ordin, am cobor\u00e2t din camioane \u0219i am reintrat \u00een dispozitivul aflat la intersec\u021bia str\u0103zilor 13 Decembrie \u0219i Academiei, unde ac\u021bionasem \u0219i \u00een seara precedent\u0103. \u00cen acea diminea\u021b\u0103, dispozitivul din zon\u0103 era format astfel: \u00een fa\u021ba noastr\u0103 se afla un cordon de subofi\u021beri \u0219i ofi\u021beri de Mili\u021bie, iar \u00een spate dou\u0103 blindate ale M.Ap.N. \u00cen jurul orei 10:00, la ordin, am permis accesul manifestan\u021bilor \u00een Pia\u021ba Republicii (\u00een prezent Pia\u021ba Revolu\u021biei), iar ace\u0219tia ne-au \u00eembr\u0103\u021bi\u0219at \u0219i ne-au dat flori \u0219i m\u00e2ncare. Ulterior, am primit ordin s\u0103 ne retragem c\u0103tre camioane, ne-am  \u00eembarcat \u00een ele \u0219i ne-am \u00eentors la unitate. Men\u021bionez c\u0103, la sosirea \u00een unitate, muni\u021bia a fost verificat\u0103 \u0219i predat\u0103 \u0219i nu lipsea niciun cartu\u0219.<\/i><\/p>\n<p><i>     Reiterez, f\u0103r\u0103 echivoc: \u00een niciun moment din timpul evenimentelor din 21 \u0219i 22 decembrie 1989, nici eu, nici militarii afla\u021bi \u00een subordinea mea nu am fost la baricada de la Intercontinental \u0219i nici pe Bulevardul Nicolae B\u0103lcescu, nu am avut muni\u021bie asupra noastr\u0103 \u0219i nu am avut niciun contact cu revolu\u021bionarii, cu excep\u021bia momentului \u00een care ace\u0219tia au fraternizat cu militarii, a\u0219a cum am precizat deja. Aceasta este realitatea acelor zile, pe care am consemnat-o \u0219i \u00een declara\u021bia din martie 1990.<\/i><\/p>\n<p><i>Afirma\u021biile martorilor sunt demontate chiar de c\u0103tre generalul C\u0103t\u0103lin Ranco Pi\u021bu, fost procuror \u0219ef al Sec\u021biei Parchetelor Militare, care a instrumentat \u0219i semnat ultimul rechizitoriu al dosarului Revolu\u021biei. Acesta a declarat public c\u0103: \u201eGeneralul Lucian Pahon\u021bu nu a fost cercetat personal niciodat\u0103 pe parcursul celor 36 de ani, perioad\u0103 care s-a scurs din 1989 \u00eencoace. Declara\u021bia lui scris\u0103, aflat\u0103 la dosar, a fost dat\u0103 pentru c\u0103 toate cadrele trupelor fostei Securit\u0103\u021bi, USLA, Direc\u021bia a V-a etc., au fost audiate declarativ \u00een baza vechiului Cod Penal, adic\u0103 e vorba de declara\u021bie olograf\u0103 (&#8230;) Dar, nu exist\u0103 nicio prob\u0103 c\u0103 Pahon\u021bu a participat la represiune (&#8230;) Pahon\u021bu, la acea vreme, era un militar cu grad mic (&#8230;) Eu, ca anchetator, consider c\u0103 nu mi-a sc\u0103pat nicio prob\u0103 \u0219i c\u0103, \u00een ceea ce \u00eel prive\u0219te pe Pahon\u021bu, nu exist\u0103 niciun indiciu c\u0103 a participat direct la comiterea unor infrac\u021biuni!\u201d<\/i><\/p>\n<p><i>     De asemenea, resping cu fermitate orice acuza\u021bie de implicare \u00een violen\u021bele \u00eempotriva protestatarilor din Pia\u021ba Universit\u0103\u021bii, care au avut loc \u00een zilele de 13-14 iunie 1990. \u00cen cele dou\u0103 zile, eu \u0219i militarii din subordinea mea nu am participat la evenimentele din Bucure\u0219ti. \u00cen intervalul respectiv, am r\u0103mas \u00een cazarm\u0103, conform documentelor aflate \u00een arhiva Jandarmeriei Rom\u00e2ne. Potrivit regulamentelor militare, orice ac\u021biune se realizeaz\u0103 \u00een baza unui ordin care este consemnat \u00een documente ce se arhiveaz\u0103 \u0219i se p\u0103streaz\u0103. Potrivit acestora, nici eu, nici militarii din subordinea mea nu am p\u0103r\u0103sit cazarma p\u00e2n\u0103 \u00een data de 15 iunie 1990, c\u00e2nd am primit ordin s\u0103 particip, cu 72 de militari, la men\u021binerea ordinii publice \u00een Pia\u021ba Universit\u0103\u021bii. \u00cen acea zi nu au avut loc manifesta\u021bii \u00een Pia\u021ba Universit\u0103\u021bii, nu au fost \u00eenregistrate violen\u021be, iar minerii s-au retras din zona respectiv\u0103 \u0219i au plecat spre Valea Jiului.<\/i><\/p>\n<p><i>De-a lungul timpului, activitatea mea a fost verificat\u0103 \u00een repetate r\u00e2nduri de institu\u021biile abilitate, inclusiv la numirea \u00een func\u021bia actual\u0103, fiind imposibil ca faptele grave, de care sunt acuzat acum, s\u0103 fi r\u0103mas nedescoperite \u0219i nesanc\u021bionate, dac\u0103 ar fi existat. Mai mult, evenimentele din decembrie 1989 \u0219i iunie 1990 fac obiectul unor dosare penale \u00een care sunt derulate cercet\u0103ri de mai mul\u021bi ani \u0219i sunt convins c\u0103, dac\u0103 a\u0219 fi avut vreo implicare \u00een violen\u021bele petrecute \u00een timpul celor dou\u0103 evenimente, acest lucru ar fi fost identificat<\/i>.<\/p>\n<p><a class=\"related-inline svelte-78g0vl\" data-gtrack=\"{&quot;event&quot;:&quot;utm_click&quot;,&quot;data&quot;:{&quot;event_category&quot;:&quot;article_related&quot;}}\" href=\"https:\/\/adevarul.ro\/politica\/scrisoare-deschisa-catre-nicusor-dan-in-cazul-2552902.html\" title=\"Alt articol de interes pentru tine\"><span class=\"inline-title svelte-78g0vl\">Scrisoare deschis\u0103 c\u0103tre Nicu\u0219or Dan \u00een cazul Pahon\u021bu: \u201eUn pre\u0219edinte conduce, nu se ascunde\u201d<\/span><\/a><\/p>\n<p><i>De la momentul numirii \u00een func\u021bia de director al Serviciului de Protec\u021bie \u0219i Paz\u0103, eu \u0219i echipa SPP din care fac parte am stabilit parcursul institu\u021bional, av\u00e2nd un singur scop: dezvoltarea, modernizarea \u0219i cre\u0219terea gradului de profesionalism al institu\u021biei, pentru \u00eendeplinirea \u00een condi\u021bii optime a misiunii de asigurare a protec\u021biei demnitarilor statului rom\u00e2n \u0219i a celor str\u0103ini, pe timpul \u0219ederii lor \u00een Rom\u00e2nia. A fost un proces lung, construit pe principii solide de legalitate, neutralitate, echidistan\u021b\u0103 politic\u0103, eficien\u021b\u0103 \u0219i adaptabilitate, care a f\u0103cut ca acest serviciu s\u0103 devin\u0103 o institu\u021bie de prestigiu la nivel interna\u021bional. \u00cen ace\u0219ti ani, Serviciul de Protec\u021bie \u0219i Paz\u0103 s-a integrat deplin \u00een structurile euroatlantice, dezvolt\u00e2nd ample programe de cooperare \u00een domeniul protec\u021biei demnitarilor cu structuri din cadrul NATO, ONU \u0219i UE, dar \u0219i cu statele membre ale acestor organiza\u021bii \u0219i \u00een special SUA. Profesionalismul ofi\u021berilor SPP \u00een cadrul misiunilor interna\u021bionale a fost confirmat, \u00een repetate r\u00e2nduri, prin comunic\u0103rile oficiale \u0219i institu\u021bionale ale partenerilor no\u0219tri din \u00eentreaga lume.<\/i><\/p>\n<p><i>     \u00cemi doresc ca acuza\u021biile ce mi se aduc \u0219i care \u00eemi lezeaz\u0103 demnitatea \u0219i cariera de militar  s\u0103 fie clarificate c\u00e2t mai cur\u00e2nd. De-a lungul carierei mele, am pus accent pe respectul fa\u021b\u0103 de oameni \u0219i mi-am ghidat ac\u021biunile dup\u0103 valori precum integritate, loialitate, respect \u0219i responsabilitate.<\/i><\/p>\n<p><i>Lucian Pahon\u021bu\u201d.<\/i><\/p>\n<h2>Scandalul care a luat amploare<\/h2>\n<p>Amintim c\u0103<a href=\"https:\/\/adevarul.ro\/stiri-interne\/evenimente\/nicusoare-lasa-clontu-da-l-afara-pe-pahontu-2552764.html\">\u00a0scandalul a izbucnit dup\u0103 publicarea investiga\u021biei Recorder privind trecutul lui Lucian Pahon\u021bu.<\/a><\/p>\n<p>Pre\u0219edintele Nicu\u0219or Dan a declarat joi c\u0103 nu consider\u0103 c\u0103 \u0219eful SPP se afl\u0103 \u00een situa\u021bia unei persoane implicate \u00een ac\u021biuni represive la Revolu\u021bia din 1989 sau la mineriade \u0219i a afirmat:\u00a0<i>\u201eNu \u0219tiu care-i scandalul. Eu am v\u0103zut un articol de pres\u0103 care are un titlu care nu este justificat de con\u021binut. Nu \u0219tiu care este scandalul\u201d<\/i>.<\/p>\n<p>\u00centrebat dac\u0103 va solicita schimbarea lui Lucian Pahon\u021bu dup\u0103 dezv\u0103luirile Recorder,\u00a0<a href=\"https:\/\/adevarul.ro\/politica\/nicusor-dan-va-fi-in-republica-moldova-de-ziua-2552334.html\">Nicu\u0219or Dan a oferit un r\u0103spuns evaziv.<\/a><\/p>\n<p>Amintim c\u0103, pe 29 august, Alian\u021ba \u201eA Patra Putere\u201d, organiza\u021bie care reprezint\u0103 profesioni\u0219ti din domeniul jurnalismului, i-a adresat pre\u0219edintelui Nicu\u0219or Dan <a href=\"https:\/\/adevarul.ro\/politica\/scrisoare-deschisa-catre-nicusor-dan-in-cazul-2552902.html\">o scrisoare deschis\u0103<\/a> \u00een contextul controversei generate de investiga\u021bia Recorder privind \u0219eful Serviciului de Protec\u021bie \u0219i Paz\u0103 (SPP), generalul Lucian Pahon\u021bu.<\/p>\n<p><\/main><\/p>\n<footer class=\"svelte-x63bga\">\n<div class=\"related-wrap related-footer svelte-78g0vl\"><span class=\"related-label svelte-78g0vl\">Cite\u0219te \u0219i<\/span><a class=\"related svelte-78g0vl\" data-gtrack=\"{&quot;event&quot;:&quot;utm_click&quot;,&quot;data&quot;:{&quot;event_category&quot;:&quot;article_related&quot;}}\" href=\"https:\/\/adevarul.ro\/politica\/rectorul-snspa-remus-pricopie-vine-luni-de-la-2553065.html\" title=\"Alt articol de interes pentru tine\"><img decoding=\"async\" class=\"thumb svelte-78g0vl\" src=\"https:\/\/cdn.adh.reperio.news\/image-7\/797869a8-a3c6-437c-b440-a53cd764a752\/index.jpeg?p=f%3Dwebp%26w%3D120%26h%3D80%26r%3Dcover%26a%3D0\" alt loading=\"lazy\" width=\"80\" height=\"54\"><span class=\"title svelte-78g0vl\">De ce rectorul SNSPA, Remus Pricopie, consider\u0103 campania \u00eempotriva lui Lucian Pahon\u021bu un r\u0103zboi hibrid<\/span><\/a><\/div>\n<div class=\"meta svelte-x63bga\">\n<div class=\"authors svelte-x63bga\"><span class=\"names svelte-x63bga\"><a href=\"https:\/\/adevarul.ro\/author\/1228\" rel=\"author\" class=\"svelte-x63bga\">Cristina Stancu<\/a><\/span><\/p>\n<div class=\"_hydratable\" data-props=\"%7B%22showLive%22%3Atrue%7D\" data-context=\"%7B%22parentBlockColumnCount%22%3A%7B%22value%22%3A0%2C%22type%22%3A%22store%2Freadable%22%7D%2C%22parentBlockBackgroundColor%22%3A%7B%22type%22%3A%22store%2Freadable%22%7D%7D\" data-component=\"ShareButton\">\n<div class=\"shareButtons svelte-itwbrr\">\n<div class=\"liveSessions metaFont svelte-1maxmbf\"><span class=\"value svelte-1maxmbf\">1<\/span> live <\/div>\n<\/div>\n<\/div>\n<\/div>\n<div class=\"tags svelte-1l3vwp1\"><span class=\"tags-label metaFont svelte-1l3vwp1\">Cite\u0219te mai multe despre<\/span><\/p>\n<div class=\"tags-list svelte-1l3vwp1\"><a href=\"https:\/\/adevarul.ro\/tag\/revolutie\" title=\"Ultimele \u0219tiri despre revolutie\" class=\"tag-pill svelte-1l3vwp1\">revolutie<\/a><a href=\"https:\/\/adevarul.ro\/tag\/mineriad%C4%83\" title=\"Ultimele \u0219tiri despre mineriad\u0103\" class=\"tag-pill svelte-1l3vwp1\">mineriad\u0103<\/a><a href=\"https:\/\/adevarul.ro\/tag\/spp\" title=\"Ultimele \u0219tiri despre spp\" class=\"tag-pill svelte-1l3vwp1\">spp<\/a><a href=\"https:\/\/adevarul.ro\/tag\/lucian%20pahon%C8%9Bu\" title=\"Ultimele \u0219tiri despre lucian pahon\u021bu\" class=\"tag-pill svelte-1l3vwp1\">lucian pahon\u021bu<\/a><\/div>\n<\/div>\n<\/div>\n<p><a class=\"moreFromCategory svelte-x63bga\" href=\"https:\/\/adevarul.ro\/stiri-interne\/evenimente\" title=\"Evenimente\">Mai multe din <strong class=\"svelte-x63bga\">Evenimente<\/strong> \u203a<\/a><\/footer>\n<\/article>\n<p>[analyse_source url=&#8221;https:\/\/adevarul.ro\/stiri-interne\/evenimente\/spovedania-lui-pahontu-despre-revolutie-si-2553220.html&#8221;]<\/p>\n","protected":false},"excerpt":{"rendered":"<p>[analyse_image type=&#8221;featured&#8221; src=&#8221;https:\/\/cdn.adh.reperio.news\/image-4\/4e5cfee5-acd1-4d36-b18d-47278d3a413f\/index.webp?p=f%3Djpeg%26w%3D1200%26h%3D630%26r%3Dcover&#8221;] Home \u0218tiri Interne Evenimente Prima reac\u021bie a lui Lucian Pahon\u021bu fa\u021b\u0103 de acuza\u021biile privind participarea la Revolu\u021bie \u0219i Mineriad\u0103: \u201eNu exist\u0103 nicio prob\u0103\u201d Generalul Lucian Pahon\u021bu, \u0219eful Serviciului de Protec\u021bie \u0219i Paz\u0103 (SPP), a transmis luni, 31 august, un punct de vedere amplu \u00een care respinge acuza\u021biile lansate \u00een spa\u021biul public privind [&hellip;]<\/p>\n","protected":false},"author":1,"featured_media":0,"comment_status":"open","ping_status":"","sticky":false,"template":"","format":"standard","meta":{"footnotes":""},"categories":[89],"tags":[19],"class_list":["post-2121154","post","type-post","status-publish","format-standard","hentry","category-romania","tag-adevarul"],"_links":{"self":[{"href":"https:\/\/analyse.optim.biz\/index.php?rest_route=\/wp\/v2\/posts\/2121154","targetHints":{"allow":["GET"]}}],"collection":[{"href":"https:\/\/analyse.optim.biz\/index.php?rest_route=\/wp\/v2\/posts"}],"about":[{"href":"https:\/\/analyse.optim.biz\/index.php?rest_route=\/wp\/v2\/types\/post"}],"author":[{"embeddable":true,"href":"https:\/\/analyse.optim.biz\/index.php?rest_route=\/wp\/v2\/users\/1"}],"replies":[{"embeddable":true,"href":"https:\/\/analyse.optim.biz\/index.php?rest_route=%2Fwp%2Fv2%2Fcomments&post=2121154"}],"version-history":[{"count":0,"href":"https:\/\/analyse.optim.biz\/index.php?rest_route=\/wp\/v2\/posts\/2121154\/revisions"}],"wp:attachment":[{"href":"https:\/\/analyse.optim.biz\/index.php?rest_route=%2Fwp%2Fv2%2Fmedia&parent=2121154"}],"wp:term":[{"taxonomy":"category","embeddable":true,"href":"https:\/\/analyse.optim.biz\/index.php?rest_route=%2Fwp%2Fv2%2Fcategories&post=2121154"},{"taxonomy":"post_tag","embeddable":true,"href":"https:\/\/analyse.optim.biz\/index.php?rest_route=%2Fwp%2Fv2%2Ftags&post=2121154"}],"curies":[{"name":"wp","href":"https:\/\/api.w.org\/{rel}","templated":true}]}}